{"id":29630,"date":"2025-05-31T12:53:51","date_gmt":"2025-05-31T16:53:51","guid":{"rendered":"https:\/\/noticiasveraces.com\/?p=29630"},"modified":"2025-05-31T12:53:51","modified_gmt":"2025-05-31T16:53:51","slug":"julius-malema-de-sudafrica-bajo-el-escrutinio-de-trump-para-las-opiniones-extremistas","status":"publish","type":"post","link":"https:\/\/noticiasveraces.com\/?p=29630","title":{"rendered":"Julius Malema de Sud\u00e1frica bajo el escrutinio de Trump para las opiniones extremistas"},"content":{"rendered":"<p> \n<\/p>\n<div>\n<p class=\"speakable\">JOHANNESBURG &#8211; Julius Malema, el pol\u00edtico sudafricano que el presidente Donald Trump quiere arrestado por cantar repetidamente \u00abmatar al agricultor\u00bb, seg\u00fan los informes, es un rolex vigilante de gucci revolucionario, a menudo visto en ropa elegante y caro, que defiende a los pobres de una mansi\u00f3n de lujo en lo que se dice que es la calle m\u00e1s rica de South Africa en South Africa. <\/p>\n<p class=\"speakable\">Tambi\u00e9n ha pedido el armado adicional del grupo terrorista Hamas y ha sido acusado de robar millones de d\u00f3lares de los mismos pensionistas que est\u00e1 tratando de votar por \u00e9l.<\/p>\n<p>Trump se enfrent\u00f3 al presidente sudafricano Cyril Ramaphosa con un video de Malema gritando \u00abdisparar para matar, matar al boer (el afrikaner), matar al agricultor\u00bb, cuando el presidente sudafricano, un vecino de Malema en Johannesburgo, visit\u00f3 la Oficina Oval a principios de este mes. <\/p>\n<p><strong>El presidente de Sud\u00e1frica, retrasa la demanda de Trump de arrestar a pol\u00edtico que cant\u00f3 \u00abmatar al agricultor\u00bb<\/strong><\/p>\n<div class=\"image-ct inline\">\n<div class=\"m\"><picture><source media=\"(max-width: 767px)\" srcset=\"https:\/\/a57.foxnews.com\/static.foxnews.com\/foxnews.com\/content\/uploads\/2023\/07\/343\/192\/Julius-Malema-2.png?ve=1&amp;tl=1, https:\/\/a57.foxnews.com\/static.foxnews.com\/foxnews.com\/content\/uploads\/2023\/07\/686\/384\/Julius-Malema-2.png?ve=1&amp;tl=1 2x\" height=\"192\" width=\"343\"><source media=\"(min-width: 768px) and (max-width: 1023px)\" srcset=\"https:\/\/a57.foxnews.com\/static.foxnews.com\/foxnews.com\/content\/uploads\/2023\/07\/672\/378\/Julius-Malema-2.png?ve=1&amp;tl=1, https:\/\/a57.foxnews.com\/static.foxnews.com\/foxnews.com\/content\/uploads\/2023\/07\/1344\/756\/Julius-Malema-2.png?ve=1&amp;tl=1 2x\" height=\"378\" width=\"672\"><source media=\"(min-width: 1024px) and (max-width: 1279px)\" srcset=\"https:\/\/a57.foxnews.com\/static.foxnews.com\/foxnews.com\/content\/uploads\/2023\/07\/931\/523\/Julius-Malema-2.png?ve=1&amp;tl=1, https:\/\/a57.foxnews.com\/static.foxnews.com\/foxnews.com\/content\/uploads\/2023\/07\/1862\/1046\/Julius-Malema-2.png?ve=1&amp;tl=1 2x\" height=\"523\" width=\"931\"><source media=\"(min-width: 1280px)\" srcset=\"https:\/\/a57.foxnews.com\/static.foxnews.com\/foxnews.com\/content\/uploads\/2023\/07\/720\/405\/Julius-Malema-2.png?ve=1&amp;tl=1, https:\/\/a57.foxnews.com\/static.foxnews.com\/foxnews.com\/content\/uploads\/2023\/07\/1440\/810\/Julius-Malema-2.png?ve=1&amp;tl=1 2x\" height=\"405\" width=\"720\"><img loading=\"lazy\" decoding=\"async\" src=\"https:\/\/a57.foxnews.com\/static.foxnews.com\/foxnews.com\/content\/uploads\/2023\/07\/1200\/675\/Julius-Malema-2.png?ve=1&amp;tl=1\" alt=\"Julius Malema\" width=\"1200\" height=\"675\"\/><\/source><\/source><\/source><\/source><\/picture><\/div>\n<div class=\"info\">\n<div class=\"caption\">\n<p><span>Archivo: Julius Malema, l\u00edder de los combatientes de la libertad econ\u00f3mica (EFF).<\/span> <span>(Waldo Swiegers\/Bloomberg a trav\u00e9s de Getty Images)<\/span><\/p>\n<\/div>\n<\/div>\n<\/div>\n<p>Trump ha ofrecido a los agricultores afrikaner, descendientes de los colonos en su mayor\u00eda holandeses, refugio en los Estados Unidos, citando afirmaciones controvertidas y disputadas de que enfrentan genocidio blanco y convulsiones de tierras forzadas.<\/p>\n<p>El comandante de autodenominado en jefe del Partido de Libertades Econ\u00f3micos (EFF), Malema, un marxista-leninista, fue el jefe del partido m\u00e1s grande de la Liga Juvenil de Sud\u00e1frica, el Congreso Nacional Africano (ANC), pero fue expulsado por la mala calidad de su liderazgo.<\/p>\n<p>En las elecciones del a\u00f1o pasado, los votos por el EFF se desplomaron a menos del 10%, y ambos compinetes de Malema, cofundadores del partido y hombres que describi\u00f3 como \u00abhermanos\u00bb, lo dejaron y se unieron a un partido competidor.<\/p>\n<p>Por lo tanto, no fue una sorpresa para muchos que, supuestamente para despegar al presidente Trump, Malema solo d\u00edas despu\u00e9s salt\u00f3, literalmente, al escenario en el pr\u00f3ximo rally que deb\u00eda aparecer para gritar \u00abMatar al agricultor, repito matar al agricultor\u00bb.<\/p>\n<p>En 2022, el Tribunal Constitucional de Sud\u00e1frica, el equivalente de la Corte Suprema de los Estados Unidos, dictamin\u00f3 que el canto no es un discurso de odio, declarando que son solo las palabras de una canci\u00f3n. Malema se encuentra en la Comisi\u00f3n de Servicios Judiciales, un organismo que nombra a los jueces del tribunal.<\/p>\n<p>Para Malema, dicen los cr\u00edticos, el canto puede ser m\u00e1s que solo letras de canciones. Al menos dos veces dijo a los periodistas aqu\u00ed: \u00abNo hemos pedido el asesinato de personas blancas, al menos por ahora\u00bb. En otra ocasi\u00f3n, exigi\u00f3: \u00abCortaremos la garganta de la blancura\u00bb.<\/p>\n<p><strong>Trump, Sud\u00e1frica en creciente hilera sobre la ley de tierras muy disputadas, los acuerdos del pa\u00eds con los enemigos estadounidenses<\/strong><\/p>\n<div class=\"image-ct inline\">\n<div class=\"m\"><picture><source media=\"(max-width: 767px)\" srcset=\"https:\/\/a57.foxnews.com\/static.foxnews.com\/foxnews.com\/content\/uploads\/2025\/05\/343\/192\/south-africa-protest.jpg?ve=1&amp;tl=1, https:\/\/a57.foxnews.com\/static.foxnews.com\/foxnews.com\/content\/uploads\/2025\/05\/686\/384\/south-africa-protest.jpg?ve=1&amp;tl=1 2x\" height=\"192\" width=\"343\"><source media=\"(min-width: 768px) and (max-width: 1023px)\" srcset=\"https:\/\/a57.foxnews.com\/static.foxnews.com\/foxnews.com\/content\/uploads\/2025\/05\/672\/378\/south-africa-protest.jpg?ve=1&amp;tl=1, https:\/\/a57.foxnews.com\/static.foxnews.com\/foxnews.com\/content\/uploads\/2025\/05\/1344\/756\/south-africa-protest.jpg?ve=1&amp;tl=1 2x\" height=\"378\" width=\"672\"><source media=\"(min-width: 1024px) and (max-width: 1279px)\" srcset=\"https:\/\/a57.foxnews.com\/static.foxnews.com\/foxnews.com\/content\/uploads\/2025\/05\/931\/523\/south-africa-protest.jpg?ve=1&amp;tl=1, https:\/\/a57.foxnews.com\/static.foxnews.com\/foxnews.com\/content\/uploads\/2025\/05\/1862\/1046\/south-africa-protest.jpg?ve=1&amp;tl=1 2x\" height=\"523\" width=\"931\"><source media=\"(min-width: 1280px)\" srcset=\"https:\/\/a57.foxnews.com\/static.foxnews.com\/foxnews.com\/content\/uploads\/2025\/05\/720\/405\/south-africa-protest.jpg?ve=1&amp;tl=1, https:\/\/a57.foxnews.com\/static.foxnews.com\/foxnews.com\/content\/uploads\/2025\/05\/1440\/810\/south-africa-protest.jpg?ve=1&amp;tl=1 2x\" height=\"405\" width=\"720\"><img loading=\"lazy\" decoding=\"async\" src=\"https:\/\/a57.foxnews.com\/static.foxnews.com\/foxnews.com\/content\/uploads\/2025\/05\/1200\/675\/south-africa-protest.jpg?ve=1&amp;tl=1\" alt=\"Los sudafricanos protestan a favor de Trump y contra su gobierno\" width=\"1200\" height=\"675\"\/><\/source><\/source><\/source><\/source><\/picture><\/div>\n<div class=\"info\">\n<div class=\"caption\">\n<p><span>Los sudafricanos protestan a favor del presidente Donald Trump y contra su gobierno.<\/span> <span>(Getty Images)<\/span><\/p>\n<\/div>\n<\/div>\n<\/div>\n<p>Algunos dicen que Malema est\u00e1 ejecutando dos estrategias, una que sigue al mantra \u00abNo existe la mala publicidad\u00bb, y la otra para actuar como un ni\u00f1o peque\u00f1o que hace mucho ruido, con la esperanza de ser notado, pero con poco efecto real. <\/p>\n<p>El analista J. Brooks Spector dijo a Fox News Digital que Malema \u00abha creado una reputaci\u00f3n pol\u00edtica como el\u00bb ni\u00f1o malo \u00abde la pol\u00edtica sudafricana\u00bb.<\/p>\n<p>Spector, un ex diplom\u00e1tico estadounidense que vive en Johannesburgo y es editor asociado del Daily Maverick, continu\u00f3. \u00abEn un pa\u00eds con un tercio de su fuerza laboral desempleada, y m\u00e1s alto entre los j\u00f3venes, y la pobreza sigue siendo un hecho de la vida para muchos m\u00e1s, su populismo (de Malema) inicialmente atrajo un apoyo y entusiasmo significativos entre los votantes. Sin embargo, su popularidad como l\u00edder pol\u00edtico se ha desvanecido un poco\u00bb.<\/p>\n<p>Malema apoya abiertamente al grupo terrorista Hamas, que le dice una manifestaci\u00f3n en 2023, poco despu\u00e9s del ataque del 7 de octubre contra Israel, \u00abcuando est\u00e1s oprimido, solo tienes una opci\u00f3n, disparar para matar. No hay nada de malo en lo que Hamas est\u00e1 haciendo. El Eff va a armar a Hamas\u00bb. Tambi\u00e9n grit\u00f3 que ten\u00eda la intenci\u00f3n de cerrar la embajada israel\u00ed en Sud\u00e1frica. \u00abVamos a eliminar esta embajada\u00bb, grit\u00f3 a los fuertes v\u00edtores.<\/p>\n<div class=\"image-ct inline\">\n<div class=\"m\"><picture><source media=\"(max-width: 767px)\" srcset=\"https:\/\/a57.foxnews.com\/static.foxnews.com\/foxnews.com\/content\/uploads\/2024\/03\/343\/192\/GettyImages-1741233040.jpg?ve=1&amp;tl=1, https:\/\/a57.foxnews.com\/static.foxnews.com\/foxnews.com\/content\/uploads\/2024\/03\/686\/384\/GettyImages-1741233040.jpg?ve=1&amp;tl=1 2x\" height=\"192\" width=\"343\"><source media=\"(min-width: 768px) and (max-width: 1023px)\" srcset=\"https:\/\/a57.foxnews.com\/static.foxnews.com\/foxnews.com\/content\/uploads\/2024\/03\/672\/378\/GettyImages-1741233040.jpg?ve=1&amp;tl=1, https:\/\/a57.foxnews.com\/static.foxnews.com\/foxnews.com\/content\/uploads\/2024\/03\/1344\/756\/GettyImages-1741233040.jpg?ve=1&amp;tl=1 2x\" height=\"378\" width=\"672\"><source media=\"(min-width: 1024px) and (max-width: 1279px)\" srcset=\"https:\/\/a57.foxnews.com\/static.foxnews.com\/foxnews.com\/content\/uploads\/2024\/03\/931\/523\/GettyImages-1741233040.jpg?ve=1&amp;tl=1, https:\/\/a57.foxnews.com\/static.foxnews.com\/foxnews.com\/content\/uploads\/2024\/03\/1862\/1046\/GettyImages-1741233040.jpg?ve=1&amp;tl=1 2x\" height=\"523\" width=\"931\"><source media=\"(min-width: 1280px)\" srcset=\"https:\/\/a57.foxnews.com\/static.foxnews.com\/foxnews.com\/content\/uploads\/2024\/03\/720\/405\/GettyImages-1741233040.jpg?ve=1&amp;tl=1, https:\/\/a57.foxnews.com\/static.foxnews.com\/foxnews.com\/content\/uploads\/2024\/03\/1440\/810\/GettyImages-1741233040.jpg?ve=1&amp;tl=1 2x\" height=\"405\" width=\"720\"><img loading=\"lazy\" decoding=\"async\" src=\"https:\/\/a57.foxnews.com\/static.foxnews.com\/foxnews.com\/content\/uploads\/2024\/03\/1200\/675\/GettyImages-1741233040.jpg?ve=1&amp;tl=1\" alt=\"Protesta anti-Israel en Sud\u00e1frica\" width=\"1200\" height=\"675\"\/><\/source><\/source><\/source><\/source><\/picture><\/div>\n<div class=\"info\">\n<div class=\"caption\">\n<p><span>Un hombre blande una r\u00e9plica de pistola de juguete durante una manifestaci\u00f3n pro palestina organizada por los combatientes de libertad econ\u00f3mica del partido de la oposici\u00f3n sudafricana (EFF) frente a la embajada israel\u00ed en Pretoria, el 23 de octubre de 2023. <\/span> <span>(Marco Longori\/AFP a trav\u00e9s de Getty Images)<\/span><\/p>\n<\/div>\n<\/div>\n<\/div>\n<p>Las acusaciones tambi\u00e9n sugieren que Malema y su hombre de la derecha, Floyd Shivambu, se beneficiaron de los acuerdos \u00abdudosos\u00bb con el Banco de VBS sudafricano, que posteriormente colaps\u00f3, lo que llev\u00f3 a que las personas perdieran sus ahorros de pensiones. <\/p>\n<p>\u00abEn 2018, el esc\u00e1ndalo de VBS expuso el saqueo generalizado por funcionarios y pol\u00edticos bancarios, incluidos los principales l\u00edderes de EFF, Floyd Shivambu y Julius Malema\u00bb, declar\u00f3 el nodada de Baxolile de la Alianza Democr\u00e1tica de la Oposici\u00f3n (DA) Baxolile en agosto pasado. <\/p>\n<p>El viernes, el miembro ejecutivo federal de DA y portavoz nacional, Willie Aucamp, dijo a Fox News Digital the DA \u00abno deja que el esc\u00e1ndalo de VBS se desvanezca en el fondo. No cuando m\u00e1s de R2 mil millones ($ 111 millones) fue saqueado por los pensionistas, los municipios que luchan y las comunidades pobres. El DA ha liderado el cargo por el cargo por el cargo de los pensionistas de Julius Malema, el l\u00edder de los efectos de Julius Malema, el l\u00edder de los efectos\u00bb. <\/p>\n<p>Continu\u00f3: \u00abEl DA puso cargos penales en 2018, pero seis a\u00f1os despu\u00e9s, ni un solo cargo ha sido procesado por la Autoridad Nacional de Fiscal\u00eda (NPA). La justicia para las v\u00edctimas de VBS est\u00e1 muy atrasada. El DA continuar\u00e1 presionando por el arresto y el enjuiciamiento de cada persona involucrada: Malema incluida\u00bb.<\/p>\n<p>Hablando en Ciudad del Cabo en julio del a\u00f1o pasado, Malema dijo que \u00abVBS nunca ser\u00e1 intimidado por VBS. Ning\u00fan l\u00edder del EFF recibi\u00f3 dinero de VBS\u00bb.<\/p>\n<p><strong><u>Haga clic aqu\u00ed para obtener la aplicaci\u00f3n Fox News<\/u><\/strong><\/p>\n<p>Pero ahora que Malema est\u00e1 en el radar de Donald Trump, el presidente podr\u00eda retroceder poderosamente los enlaces de Malema a Hamas y la Saga VBS, Max Meizlish, analista de investigaci\u00f3n senior de la Fundaci\u00f3n para la Defensa de las Democracias, dijo a Fox News Digital. <\/p>\n<p>\u00abAl igual que el ANC que los tribunales de Ir\u00e1n y apoyan a Hamas, Julius Malema ser\u00eda prudente no provocar a Donald Trump. Despu\u00e9s de todo, Malema estaba claramente implicado en el esc\u00e1ndalo de VBS y ha llamado abiertamente a\u00bb Hamas del brazo \u00ab. Malema podr\u00eda encontrarse bien el objetivo de las actuaciones globales de Magnitsky, una herramienta que el presidente Trump puede empu\u00f1ar unilateralmente y en un momento de previo aviso\u00bb, meizlish, dicho dial.<\/p>\n<p> <!----> <\/p>\n<div class=\"article-meta\">\n<div class=\"author-bio\">\n<p>Paul Tilsley es un corresponsal veterano que ha informado sobre asuntos africanos durante m\u00e1s de tres d\u00e9cadas de Johannesburgo, Sud\u00e1frica. Se puede seguir en x @Paultilsley<\/p>\n<\/div>\n<\/div>\n<\/div>\n\n","protected":false},"excerpt":{"rendered":"<p>JOHANNESBURG &#8211; Julius Malema, el pol\u00edtico sudafricano que el presidente Donald Trump quiere arrestado por cantar repetidamente \u00abmatar al agricultor\u00bb, seg\u00fan los informes, es un rolex vigilante de gucci revolucionario, a menudo visto en ropa elegante y caro, que defiende a los pobres de una mansi\u00f3n de lujo en lo que se dice que es &hellip;<\/p>\n","protected":false},"author":1,"featured_media":29632,"comment_status":"open","ping_status":"open","sticky":false,"template":"","format":"standard","meta":{"fifu_image_url":"https:\/\/static.foxnews.com\/foxnews.com\/content\/uploads\/2023\/07\/Julius-Malema-2.png","fifu_image_alt":"","footnotes":""},"categories":[13],"tags":[],"class_list":["post-29630","post","type-post","status-publish","format-standard","has-post-thumbnail","","category-mundo"],"_links":{"self":[{"href":"https:\/\/noticiasveraces.com\/index.php?rest_route=\/wp\/v2\/posts\/29630","targetHints":{"allow":["GET"]}}],"collection":[{"href":"https:\/\/noticiasveraces.com\/index.php?rest_route=\/wp\/v2\/posts"}],"about":[{"href":"https:\/\/noticiasveraces.com\/index.php?rest_route=\/wp\/v2\/types\/post"}],"author":[{"embeddable":true,"href":"https:\/\/noticiasveraces.com\/index.php?rest_route=\/wp\/v2\/users\/1"}],"replies":[{"embeddable":true,"href":"https:\/\/noticiasveraces.com\/index.php?rest_route=%2Fwp%2Fv2%2Fcomments&post=29630"}],"version-history":[{"count":0,"href":"https:\/\/noticiasveraces.com\/index.php?rest_route=\/wp\/v2\/posts\/29630\/revisions"}],"wp:featuredmedia":[{"embeddable":true,"href":"https:\/\/noticiasveraces.com\/index.php?rest_route=\/wp\/v2\/media\/29632"}],"wp:attachment":[{"href":"https:\/\/noticiasveraces.com\/index.php?rest_route=%2Fwp%2Fv2%2Fmedia&parent=29630"}],"wp:term":[{"taxonomy":"category","embeddable":true,"href":"https:\/\/noticiasveraces.com\/index.php?rest_route=%2Fwp%2Fv2%2Fcategories&post=29630"},{"taxonomy":"post_tag","embeddable":true,"href":"https:\/\/noticiasveraces.com\/index.php?rest_route=%2Fwp%2Fv2%2Ftags&post=29630"}],"curies":[{"name":"wp","href":"https:\/\/api.w.org\/{rel}","templated":true}]}}