{"id":29581,"date":"2025-05-31T04:41:25","date_gmt":"2025-05-31T08:41:25","guid":{"rendered":"https:\/\/noticiasveraces.com\/?p=29581"},"modified":"2025-05-31T04:41:25","modified_gmt":"2025-05-31T08:41:25","slug":"peru-reduce-esta-reserva-arqueologica-dw-30-05-2025","status":"publish","type":"post","link":"https:\/\/noticiasveraces.com\/?p=29581","title":{"rendered":"Per\u00fa reduce esta reserva arqueol\u00f3gica \u2013 DW \u2013 30\/05\/2025"},"content":{"rendered":"<p> \n<\/p>\n<div>\n<p>\u00abLa reserva arqueol\u00f3gica delimitada en el 2004 ten\u00eda una extensi\u00f3n aproximada de 5.600 kil\u00f3metros cuadrados, y luego de recabar informaci\u00f3n y realizar sesudos estudios por m\u00e1s de 20 a\u00f1os, estamos sincerando la informaci\u00f3n y se determin\u00f3 que son aproximadamente 3.200 kil\u00f3metros cuadrados los que corresponden a la reserva arqueol\u00f3gica\u00bb de las L\u00edneas de Nazca, sostuvo el ministro de Cultura de Per\u00fa, Fabricio Valencia.<\/p>\n<p>Valencia dio esta informaci\u00f3n durante una sesi\u00f3n extraordinaria de la Comisi\u00f3n de Cultura y Patrimonio Cultural del Congreso, celebrada este jueves (29.05.2025), en la regi\u00f3n sure\u00f1a de Ica, donde se encuentra Nazca, seg\u00fan inform\u00f3 su despacho.<\/p>\n<p>Agreg\u00f3 que en el \u00e1rea liberada se podr\u00e1n realizar \u00abdiferentes actividades\u00bb, en algunos casos con previa autorizaci\u00f3n de su ministerio.<\/p>\n<p><span data-slot-id=\"Article_InContent-1\" class=\"rich-text-ad\"\/><\/p>\n<h2>\u00abNo\u00a0afecta el patrimonio mundial\u00bb<\/h2>\n<p>Seg\u00fan el ministro, este cambio \u00abno altera ni afecta el \u00e1rea inscrita como sitio del patrimonio mundial ni su zona de amortiguamiento reconocidos por la Unesco, por lo que el Valor Universal Excepcional (VUE) del bien cultural permanece intacto, al igual que su autenticidad e integridad\u00bb.<\/p>\n<p>Cultura record\u00f3 que la Reserva Arqueol\u00f3gica de las L\u00edneas y Geoglifos de Nazca fue declarada mediante un resoluci\u00f3n del 26 de julio de 1993 y, posteriormente, mediante una resoluci\u00f3n del 13 de agosto de 2004 se precis\u00f3 que abarcaba un \u00e1rea de 5.633,47 kil\u00f3metros cuadrados.<\/p>\n<p>A\u00f1adi\u00f3 que, mediante una resoluci\u00f3n viceministerial, publicada este mi\u00e9rcoles en el diario oficial <em>El Peruano<\/em>\u00abse ha modificado el plano perim\u00e9trico de la reserva, validando un \u00e1rea de 323.593,9697 hect\u00e1reas (3.235,94 km\u00b2)\u00bb.<\/p>\n<figure class=\"placeholder-image master_landscape big\"><img data-format=\"MASTER_LANDSCAPE\" data-id=\"68781171\" data-url=\"https:\/\/static.dw.com\/image\/68781171_${formatId}.jpg\" data-aspect-ratio=\"16\/9\" alt=\"Vista a\u00e9rea de las L\u00edneas de Nazca.\" style=\"padding-bottom: 56.25%; height: 0; max-height: 0;\"\/><figcaption class=\"img-caption\">La reserva arqueol\u00f3gica delimitada en el 2004 ten\u00eda una extensi\u00f3n aproximada de 5.600 kil\u00f3metros cuadrados, que ahora se reduce a 3.200 kil\u00f3metros cuadrados.<small class=\"copyright\">Imagen: Sebastian Castaneda\/REUTERS<\/small><\/figcaption><\/figure>\n<h2>\u00abProblema social con los asentados\u00a0en Nazca\u00bb<\/h2>\n<p>\u00abEsta actualizaci\u00f3n responde a la necesidad de reflejar de manera m\u00e1s precisa la relaci\u00f3n entre los geoglifos y las caracter\u00edsticas f\u00edsicas registradas en la zona, asegurando su protecci\u00f3n y preservaci\u00f3n\u00bb, acot\u00f3.<\/p>\n<p>En la reuni\u00f3n celebrada en Ica, participaron el presidente de la Comisi\u00f3n de Cultura del Congreso, Edgard Reymundo, la congresista Martha Moyano, la viceministra de Patrimonio Cultural e Industrias Culturales, Moira Novoa; y el alcalde provincial de Ica, Carlos Reyes, adem\u00e1s de otras autoridades locales y regionales.<\/p>\n<p>Reymundo salud\u00f3 la decisi\u00f3n del Ministerio de Cultura de delimitar el \u00e1rea protegida poligonal donde se encuentran las famosas L\u00edneas de Nazca y los geoglifos de Palpa, y calific\u00f3 la reuni\u00f3n de muy productiva.<\/p>\n<p>\u00abEs un anuncio muy importante, puesto de que se hab\u00eda generado un problema social con los asentados, justamente en Nazca, en relaci\u00f3n con el pol\u00edgono\u00bb, acot\u00f3.<\/p>\n<h2>\u00bfPedido de mineros informales?<\/h2>\n<p>El abogado especializado en derecho ambiental y docente de la Universidad del Pac\u00edfico C\u00e9sar A. Ipenza, sin embargo, critic\u00f3 la medida y la relacion\u00f3 en X con un reciente pedido de mineros informales para \u00abprecisar\u00bb la zona. <\/p>\n<blockquote class=\"tweet embed\" data-id=\"1928432025515573449\"\/>\n<p>Entretanto, el diario <em>El Comercio<\/em> recuerda que, el pasado febrero, intensas lluvias en la regi\u00f3n Ica activaron la quebrada San Mart\u00edn y provocaron la ca\u00edda de huaicos en el distrito de El Ingenio, afectando parte de tres de los conocidos geoglifos de las L\u00edneas de Nazca por el deslizamiento de lodo y piedras: el \u00e1rbol, la mano y el lagarto.<\/p>\n<p>rml (efe, El Comercio)<\/p>\n<\/div>\n\n","protected":false},"excerpt":{"rendered":"<p>\u00abLa reserva arqueol\u00f3gica delimitada en el 2004 ten\u00eda una extensi\u00f3n aproximada de 5.600 kil\u00f3metros cuadrados, y luego de recabar informaci\u00f3n y realizar sesudos estudios por m\u00e1s de 20 a\u00f1os, estamos sincerando la informaci\u00f3n y se determin\u00f3 que son aproximadamente 3.200 kil\u00f3metros cuadrados los que corresponden a la reserva arqueol\u00f3gica\u00bb de las L\u00edneas de Nazca, sostuvo &hellip;<\/p>\n","protected":false},"author":1,"featured_media":29582,"comment_status":"open","ping_status":"open","sticky":false,"template":"","format":"standard","meta":{"fifu_image_url":"https:\/\/static.dw.com\/image\/68781045_6.jpg","fifu_image_alt":"","footnotes":""},"categories":[13],"tags":[],"class_list":["post-29581","post","type-post","status-publish","format-standard","has-post-thumbnail","","category-mundo"],"_links":{"self":[{"href":"https:\/\/noticiasveraces.com\/index.php?rest_route=\/wp\/v2\/posts\/29581","targetHints":{"allow":["GET"]}}],"collection":[{"href":"https:\/\/noticiasveraces.com\/index.php?rest_route=\/wp\/v2\/posts"}],"about":[{"href":"https:\/\/noticiasveraces.com\/index.php?rest_route=\/wp\/v2\/types\/post"}],"author":[{"embeddable":true,"href":"https:\/\/noticiasveraces.com\/index.php?rest_route=\/wp\/v2\/users\/1"}],"replies":[{"embeddable":true,"href":"https:\/\/noticiasveraces.com\/index.php?rest_route=%2Fwp%2Fv2%2Fcomments&post=29581"}],"version-history":[{"count":0,"href":"https:\/\/noticiasveraces.com\/index.php?rest_route=\/wp\/v2\/posts\/29581\/revisions"}],"wp:featuredmedia":[{"embeddable":true,"href":"https:\/\/noticiasveraces.com\/index.php?rest_route=\/wp\/v2\/media\/29582"}],"wp:attachment":[{"href":"https:\/\/noticiasveraces.com\/index.php?rest_route=%2Fwp%2Fv2%2Fmedia&parent=29581"}],"wp:term":[{"taxonomy":"category","embeddable":true,"href":"https:\/\/noticiasveraces.com\/index.php?rest_route=%2Fwp%2Fv2%2Fcategories&post=29581"},{"taxonomy":"post_tag","embeddable":true,"href":"https:\/\/noticiasveraces.com\/index.php?rest_route=%2Fwp%2Fv2%2Ftags&post=29581"}],"curies":[{"name":"wp","href":"https:\/\/api.w.org\/{rel}","templated":true}]}}