{"id":29552,"date":"2025-05-31T01:08:02","date_gmt":"2025-05-31T05:08:02","guid":{"rendered":"https:\/\/noticiasveraces.com\/?p=29552"},"modified":"2025-05-31T01:08:02","modified_gmt":"2025-05-31T05:08:02","slug":"antony-pipa-de-avila-y-el-infierno-que-vive-en-carcel-de-italia-revelan-condiciones-infrahumanas-curiosidades-de-futbol","status":"publish","type":"post","link":"https:\/\/noticiasveraces.com\/?p=29552","title":{"rendered":"Antony &#8216;Pipa&#8217; de \u00c1vila y el infierno que vive en c\u00e1rcel de Italia: revelan condiciones infrahumanas | Curiosidades de f\u00fatbol"},"content":{"rendered":"<p> \n<br \/><img decoding=\"async\" src=\"https:\/\/www.futbolred.com\/files\/article_graphic\/files\/crop\/uploads\/2018\/02\/21\/5a8dbb7725461.r_129450.0-0-1870-935.jpeg\" \/><\/p>\n<div id=\"cuerpoArticulo\">\n<p class=\"texto intro\" id=\"p247407-m572-571-573\"><b>Antony &#8216;en \u00e1vila,<\/b> exjugador insignia del Am\u00e9rica de Cali y la Selecci\u00f3n Colombia, pasa por uno de sus peores momentos al estar pagando una condena por narcotr\u00e1fico en Italia a sus 62 a\u00f1os, pero su situaci\u00f3n carcelaria en Italia est\u00e1 siendo un infierno.<\/p>\n<p class=\"texto contenido-parrafo-articulo\" id=\"p247407-m590-2-591\">Desde 2021, de \u00c1vila fue recluido en la c\u00e1rcel Poggioreale, en N\u00e1poles y su condena se cumple por lo menos hasta 2033, pero all\u00ed el exjugador ha sabido vivir un calvario, debido a las denuncias de maltrato y tortura dentro del centro carcelario.<\/p>\n<p>Este c\u00e1rcel italiana es una de las m\u00e1s pol\u00e9micas en ese pa\u00eds, precisamente por tener condiciones precarias para sus reclusos, quienes pierden all\u00ed todo tipo de condiciones dignas para sobrevivir.<\/p>\n<p>                                                    <span class=\"articulo-subtitulo subtitulo2 espacio-contenido\" id=\"p247407-m634-5-635\">\u2018Pitufo\u2019 de \u00c1vila estar\u00eda viviendo drama<\/span><\/p>\n<p class=\"texto contenido-parrafo-articulo\" id=\"p247407-m640-6-641\">Ante esta situaci\u00f3n, el periodista Javier Hern\u00e1ndez Bonnet asegur\u00f3 en su programa<i> \u2018Jugada Maestra\u2019<\/i> de Ditu, que \u201c\u00c1vila est\u00e1 viviendo un drama en la c\u00e1rcel de N\u00e1poles\u201d tras recibir una llamada de alguien cercano a la familia del exfutbolista.<\/p>\n<p>\u00ab<b>Me cuentan que el \u2018Pipa\u2019 de \u00c1vila est\u00e1 en una c\u00e1rcel infrahumana, que es una c\u00e1rcel donde hasta escasez de agua hay en la mayor parte del d\u00eda\u201d,<\/b> revel\u00f3 Bonnet.<\/p>\n<p>De igual manera, el periodista afirm\u00f3 que la familia est\u00e1 buscando soluciones para que \u00c1vila pague la condena en Colombia, pero a\u00fan est\u00e1n analizando si ese acuerdo existe para poder gestionar ello.<\/p>\n<p>\u201cEst\u00e1n hablando para ver c\u00f3mo se puede hacer un enlace con el Ministerio de Relaciones Exteriores, para que se haga alg\u00fan convenio y termine de pagar su pena en la ciudad de Bogot\u00e1, Cali o del pa\u00eds. Est\u00e1n revisando si se puede hacer ese tipo de gesti\u00f3n\u201d, dijo Bonnet.<\/p>\n<p>Por ahora, la pesadilla para Antony de \u00c1vila parece que seguir\u00e1 y habr\u00e1 que esperar si la familia consigue beneficios para que pueda regresar al pa\u00eds a terminar de pagar su condena en condiciones vivibles. <\/p>\n<\/p><\/div>\n\n","protected":false},"excerpt":{"rendered":"<p>Antony &#8216;en \u00e1vila, exjugador insignia del Am\u00e9rica de Cali y la Selecci\u00f3n Colombia, pasa por uno de sus peores momentos al estar pagando una condena por narcotr\u00e1fico en Italia a sus 62 a\u00f1os, pero su situaci\u00f3n carcelaria en Italia est\u00e1 siendo un infierno. Desde 2021, de \u00c1vila fue recluido en la c\u00e1rcel Poggioreale, en N\u00e1poles &hellip;<\/p>\n","protected":false},"author":1,"featured_media":29554,"comment_status":"open","ping_status":"open","sticky":false,"template":"","format":"standard","meta":{"fifu_image_url":"https:\/\/www.futbolred.com\/files\/og_thumbnail\/uploads\/2018\/02\/21\/5a8dbb7725461.jpeg","fifu_image_alt":"","footnotes":""},"categories":[6],"tags":[],"class_list":["post-29552","post","type-post","status-publish","format-standard","has-post-thumbnail","","category-deportes"],"_links":{"self":[{"href":"https:\/\/noticiasveraces.com\/index.php?rest_route=\/wp\/v2\/posts\/29552","targetHints":{"allow":["GET"]}}],"collection":[{"href":"https:\/\/noticiasveraces.com\/index.php?rest_route=\/wp\/v2\/posts"}],"about":[{"href":"https:\/\/noticiasveraces.com\/index.php?rest_route=\/wp\/v2\/types\/post"}],"author":[{"embeddable":true,"href":"https:\/\/noticiasveraces.com\/index.php?rest_route=\/wp\/v2\/users\/1"}],"replies":[{"embeddable":true,"href":"https:\/\/noticiasveraces.com\/index.php?rest_route=%2Fwp%2Fv2%2Fcomments&post=29552"}],"version-history":[{"count":0,"href":"https:\/\/noticiasveraces.com\/index.php?rest_route=\/wp\/v2\/posts\/29552\/revisions"}],"wp:featuredmedia":[{"embeddable":true,"href":"https:\/\/noticiasveraces.com\/index.php?rest_route=\/wp\/v2\/media\/29554"}],"wp:attachment":[{"href":"https:\/\/noticiasveraces.com\/index.php?rest_route=%2Fwp%2Fv2%2Fmedia&parent=29552"}],"wp:term":[{"taxonomy":"category","embeddable":true,"href":"https:\/\/noticiasveraces.com\/index.php?rest_route=%2Fwp%2Fv2%2Fcategories&post=29552"},{"taxonomy":"post_tag","embeddable":true,"href":"https:\/\/noticiasveraces.com\/index.php?rest_route=%2Fwp%2Fv2%2Ftags&post=29552"}],"curies":[{"name":"wp","href":"https:\/\/api.w.org\/{rel}","templated":true}]}}