{"id":29542,"date":"2025-05-30T22:27:29","date_gmt":"2025-05-31T02:27:29","guid":{"rendered":"https:\/\/noticiasveraces.com\/?p=29542"},"modified":"2025-05-30T22:27:29","modified_gmt":"2025-05-31T02:27:29","slug":"papa-leon-xiv-actualiza-su-dni-peruano-en-el-vaticano-dw-31-05-2025","status":"publish","type":"post","link":"https:\/\/noticiasveraces.com\/?p=29542","title":{"rendered":"Papa Le\u00f3n XIV actualiza su DNI peruano en el Vaticano \u2013 DW \u2013 31\/05\/2025"},"content":{"rendered":"<p> \n<\/p>\n<div>\n<p>El papa Le\u00f3n XIV actualiz\u00f3 el viernes (30.05.2025) los datos de su documento nacional de identidad peruano ante una delegaci\u00f3n del Registro Nacional de Identificaci\u00f3n y Estado Civil (Reniec) que viaj\u00f3 al Vaticano, inform\u00f3 en Lima el organismo estatal.<\/p>\n<p>Robert Francis Prevost, quien naci\u00f3 en Chicago, Estados Unidos, pero se nacionaliz\u00f3 peruano en 2015, recibi\u00f3 en sus oficinas del Vaticano a cuatro funcionarios para actualizar la direcci\u00f3n de su domicilio y la fotograf\u00eda que figuraban en su antiguo documento de identidad.<\/p>\n<blockquote class=\"tweet embed\" data-id=\"1928559298914714082\"\/>\n<p>\u00abLo hecho por el papa Le\u00f3n XIV reafirma su cari\u00f1o por el pa\u00eds y tambi\u00e9n es un acto de responsabilidad. Es un mensaje a todos los peruanos para que mantengamos actualizado nuestro DNI. Agradezco al santo padre por darse el tiempo para actualizar su documento\u00bb, indic\u00f3\u00a0 en un comunicado Carmen Velarde, jefa del Reniec.<\/p>\n<p>Los funcionarios le tomaron una foto y registraron la huella digital y la firma del papa usando tabletas electr\u00f3nicas. Los datos fueron ingresados al sistema en l\u00ednea de la instituci\u00f3n en tiempo real.<\/p>\n<p>El papa recibir\u00e1 un nuevo DNI electr\u00f3nico de policarbonato, con un chip que contiene sus datos y posee una imagen de la ciudadela inca Machu Picchu.<\/p>\n<p>Prevost recibi\u00f3 la nacionalidad peruana tras ser nombrado obispo de esa ciudad del norte de Per\u00fa en 2015 por el papa Francisco. Hasta el a\u00f1o 2023 el papa consign\u00f3 como su direcci\u00f3n la calle El\u00edas Aguirre 850, sede de la Di\u00f3cesis de Chiclayo.<\/p>\n<p>GS (AFP, AP, Aciprens)  <\/p>\n<div class=\"vjs-wrapper embed big\">\n<h2 aria-label=\"Video integrado \u2014 Per\u00fa celebra a su Papa\" class=\"headline\"><svg xmlns=\"http:\/\/www.w3.org\/2000\/svg\" viewbox=\"0 0 20 20\"><g fill-rule=\"evenodd\"><path d=\"M14.114 7.599H13.5l.002 4.706h.601l4.582 3.25-.005-11.11zM11.084 4.444l-9.007.002-1.336.797.002 9.514 1.334.793 9.007.006 1.509-.799-.004-9.516z\"\/><\/g><\/svg>Per\u00fa celebra a su Papa<\/h2>\n<p><video id=\"video-72523690\" controls=\"\" playsinline=\"\" preload=\"none\" poster=\"data:image\/png;base64,iVBORw0KGgoAAAANSUhEUgAAAAEAAAABCAQAAAC1HAwCAAAAC0lEQVR42mNkYAAAAAYAAjCB0C8AAAAASUVORK5CYII=\" data-id=\"72523690\" data-posterurl=\"https:\/\/static.dw.com\/image\/72504708_605.webp\" data-duration=\"02:57\"><source src=\"https:\/\/hlsvod.dw.com\/i\/dwtv_video\/flv\/js\/js20250512_PAPAnn_,AVC_480x270,AVC_512x288,AVC_640x360,AVC_960x540,AVC_1280x720,AVC_1920x1080,.mp4.csmil\/master.m3u8\" type=\"application\/x-mpegURL\"><source src=\"https:\/\/tvdownloaddw-a.akamaihd.net\/dwtv_video\/flv\/js\/js20250512_PAPAnn_AVC_1920x1080.mp4\" type=\"video\/mp4\"><track src=\"https:\/\/www.dw.com\/media\/subtitles\/72617569\" srclang=\"es\" label=\"SPANISH\" default=\"\"><p class=\"vjs-no-js\">Para ver este video, habilite JavaScript y considere actualizar a un navegador web que admite el video HTML5<\/p>\n<\/track><\/source><\/source><\/video><\/div>\n<\/div>\n\n","protected":false},"excerpt":{"rendered":"<p>El papa Le\u00f3n XIV actualiz\u00f3 el viernes (30.05.2025) los datos de su documento nacional de identidad peruano ante una delegaci\u00f3n del Registro Nacional de Identificaci\u00f3n y Estado Civil (Reniec) que viaj\u00f3 al Vaticano, inform\u00f3 en Lima el organismo estatal. Robert Francis Prevost, quien naci\u00f3 en Chicago, Estados Unidos, pero se nacionaliz\u00f3 peruano en 2015, recibi\u00f3 &hellip;<\/p>\n","protected":false},"author":1,"featured_media":29543,"comment_status":"open","ping_status":"open","sticky":false,"template":"","format":"standard","meta":{"fifu_image_url":"https:\/\/static.dw.com\/image\/72741780_6.jpg","fifu_image_alt":"","footnotes":""},"categories":[13],"tags":[],"class_list":["post-29542","post","type-post","status-publish","format-standard","has-post-thumbnail","","category-mundo"],"_links":{"self":[{"href":"https:\/\/noticiasveraces.com\/index.php?rest_route=\/wp\/v2\/posts\/29542","targetHints":{"allow":["GET"]}}],"collection":[{"href":"https:\/\/noticiasveraces.com\/index.php?rest_route=\/wp\/v2\/posts"}],"about":[{"href":"https:\/\/noticiasveraces.com\/index.php?rest_route=\/wp\/v2\/types\/post"}],"author":[{"embeddable":true,"href":"https:\/\/noticiasveraces.com\/index.php?rest_route=\/wp\/v2\/users\/1"}],"replies":[{"embeddable":true,"href":"https:\/\/noticiasveraces.com\/index.php?rest_route=%2Fwp%2Fv2%2Fcomments&post=29542"}],"version-history":[{"count":0,"href":"https:\/\/noticiasveraces.com\/index.php?rest_route=\/wp\/v2\/posts\/29542\/revisions"}],"wp:featuredmedia":[{"embeddable":true,"href":"https:\/\/noticiasveraces.com\/index.php?rest_route=\/wp\/v2\/media\/29543"}],"wp:attachment":[{"href":"https:\/\/noticiasveraces.com\/index.php?rest_route=%2Fwp%2Fv2%2Fmedia&parent=29542"}],"wp:term":[{"taxonomy":"category","embeddable":true,"href":"https:\/\/noticiasveraces.com\/index.php?rest_route=%2Fwp%2Fv2%2Fcategories&post=29542"},{"taxonomy":"post_tag","embeddable":true,"href":"https:\/\/noticiasveraces.com\/index.php?rest_route=%2Fwp%2Fv2%2Ftags&post=29542"}],"curies":[{"name":"wp","href":"https:\/\/api.w.org\/{rel}","templated":true}]}}