{"id":29522,"date":"2025-05-30T19:06:46","date_gmt":"2025-05-30T23:06:46","guid":{"rendered":"https:\/\/noticiasveraces.com\/?p=29522"},"modified":"2025-05-30T19:06:46","modified_gmt":"2025-05-30T23:06:46","slug":"final-de-la-champions-league-se-podra-ver-en-colombia-en-dos-grandes-eventos-curiosidades-de-futbol","status":"publish","type":"post","link":"https:\/\/noticiasveraces.com\/?p=29522","title":{"rendered":"Final de la Champions League se podr\u00e1 ver en Colombia en dos grandes eventos | Curiosidades de f\u00fatbol"},"content":{"rendered":"<p> \n<br \/><img decoding=\"async\" src=\"https:\/\/www.futbolred.com\/files\/article_graphic\/uploads\/2025\/05\/30\/683a2abd86967.jpeg\" \/><\/p>\n<div id=\"cuerpoArticulo\">\n<p class=\"texto intro\" id=\"p247408-m1329-1328-1330\">La final de la <b>Liga de Campeones de la UEFA<\/b> se disputar\u00e1 este s\u00e1bado 31 de mayo entre PSG e Inter de Mil\u00e1n que se medir\u00e1n por el t\u00edtulo en el Allianz Arena de M\u00fanich desde las 2:00 p.m. (hora colombiana).  <\/p>\n<p>Ante la importancia del encuentro,<b> Heineken<\/b>marca patrocinadora de la Champions, tendr\u00e1 una gran experiencia para ver la final. Ser\u00e1n dos eventos simult\u00e1neos que se realizar\u00e1n en dos \u00edconos arquitect\u00f3nicos de Colombia.  <\/p>\n<p>Uno estar\u00e1 ubicado en la Torre Atrio de Bogot\u00e1 y el otro en el Pabell\u00f3n de Cristal de Barranquilla en el que habr\u00e1 m\u00e1s de 250 invitados en cada ciudad en donde estar\u00e1n celebridades, l\u00edderes de opini\u00f3n, periodistas y creadores de contenido. El evento celebrar\u00e1 lo mejor del f\u00fatbol en un entorno que refleja los valores de Heineken y donde habr\u00e1 actividades especiales.<\/p>\n<p class=\"texto contenido-parrafo-articulo\" id=\"p247408-m1405-3-1406\">Desde la presencia de reconocidos DJ\u2019s hasta ambientaciones tem\u00e1ticas, pantallas gigantes, zonas interactivas y experiencias sensoriales, los asistentes vivir\u00e1n una experiencia \u00fanica para vivir la final de la Champions.  <\/p>\n<p>\u201cSer aliados de la Champions League, nos permite llevar nuestra propuesta de marca a otro nivel. No solo patrocinamos la Champions: la hacemos vivir. Somos una marca global con una herencia de calidad, innovaci\u00f3n y experiencias \u00fanicas. Buscamos conectar emocionalmente con nuestros consumidores en entornos que exaltan la excelencia, lo inolvidable y el poder de reunir lo mejor del mundo global con el sabor que nos caracteriza\u201d, mencion\u00f3 Sergio Guevara, gerente de marca Heineken.  <\/p>\n<p>Vale se\u00f1alar que, con estos eventos, Heineken, la cerveza premium m\u00e1s reconocida a nivel mundial, reafirma su rol como patrocinador y su compromiso con el f\u00fatbol, la afici\u00f3n y las experiencias que trascienden la pantalla.<\/p>\n<\/p><\/div>\n\n","protected":false},"excerpt":{"rendered":"<p>La final de la Liga de Campeones de la UEFA se disputar\u00e1 este s\u00e1bado 31 de mayo entre PSG e Inter de Mil\u00e1n que se medir\u00e1n por el t\u00edtulo en el Allianz Arena de M\u00fanich desde las 2:00 p.m. (hora colombiana). Ante la importancia del encuentro, Heinekenmarca patrocinadora de la Champions, tendr\u00e1 una gran experiencia &hellip;<\/p>\n","protected":false},"author":1,"featured_media":29524,"comment_status":"open","ping_status":"open","sticky":false,"template":"","format":"standard","meta":{"fifu_image_url":"https:\/\/www.futbolred.com\/files\/og_thumbnail\/uploads\/2025\/05\/30\/683a2abd86967.jpeg","fifu_image_alt":"","footnotes":""},"categories":[6],"tags":[],"class_list":["post-29522","post","type-post","status-publish","format-standard","has-post-thumbnail","","category-deportes"],"_links":{"self":[{"href":"https:\/\/noticiasveraces.com\/index.php?rest_route=\/wp\/v2\/posts\/29522","targetHints":{"allow":["GET"]}}],"collection":[{"href":"https:\/\/noticiasveraces.com\/index.php?rest_route=\/wp\/v2\/posts"}],"about":[{"href":"https:\/\/noticiasveraces.com\/index.php?rest_route=\/wp\/v2\/types\/post"}],"author":[{"embeddable":true,"href":"https:\/\/noticiasveraces.com\/index.php?rest_route=\/wp\/v2\/users\/1"}],"replies":[{"embeddable":true,"href":"https:\/\/noticiasveraces.com\/index.php?rest_route=%2Fwp%2Fv2%2Fcomments&post=29522"}],"version-history":[{"count":0,"href":"https:\/\/noticiasveraces.com\/index.php?rest_route=\/wp\/v2\/posts\/29522\/revisions"}],"wp:featuredmedia":[{"embeddable":true,"href":"https:\/\/noticiasveraces.com\/index.php?rest_route=\/wp\/v2\/media\/29524"}],"wp:attachment":[{"href":"https:\/\/noticiasveraces.com\/index.php?rest_route=%2Fwp%2Fv2%2Fmedia&parent=29522"}],"wp:term":[{"taxonomy":"category","embeddable":true,"href":"https:\/\/noticiasveraces.com\/index.php?rest_route=%2Fwp%2Fv2%2Fcategories&post=29522"},{"taxonomy":"post_tag","embeddable":true,"href":"https:\/\/noticiasveraces.com\/index.php?rest_route=%2Fwp%2Fv2%2Ftags&post=29522"}],"curies":[{"name":"wp","href":"https:\/\/api.w.org\/{rel}","templated":true}]}}