{"id":29511,"date":"2025-05-30T18:23:26","date_gmt":"2025-05-30T22:23:26","guid":{"rendered":"https:\/\/noticiasveraces.com\/?p=29511"},"modified":"2025-05-30T18:23:26","modified_gmt":"2025-05-30T22:23:26","slug":"la-ue-ante-la-disputa-legal-en-ee-uu-sobre-los-aranceles-dw-30-05-2025","status":"publish","type":"post","link":"https:\/\/noticiasveraces.com\/?p=29511","title":{"rendered":"La UE, ante la disputa legal en EE.UU. sobre los aranceles \u2013 DW \u2013 30\/05\/2025"},"content":{"rendered":"<p> \n<\/p>\n<div>\n<p>Durante un breve instante el jueves (29.5.2025), pareci\u00f3 que la Uni\u00f3n Europea y pa\u00edses del resto del mundo iban a obtener un inesperado respiro en relaci\u00f3n a los aranceles m\u00e1s amplios impuestos por el presidente estadounidense,\u00a0Donald Trump.<\/p>\n<p>El poco conocido Tribunal de Comercio Internacional de Estados Unidos, con sede en Nueva York, anul\u00f3 los aranceles generales del 10 por ciento\u00a0aplicados a pr\u00e1cticamente todos los productos importados a Estados Unidos, anunciados hace dos meses en lo que Trump denomin\u00f3 el \u00abD\u00eda de la Liberaci\u00f3n\u00bb, junto con tipos a\u00fan m\u00e1s elevados espec\u00edficos para cada pa\u00eds.<\/p>\n<p>El tribunal federal estadounidense argument\u00f3 que Trump se hab\u00eda extralimitado en sus poderes presidenciales con estas sanciones radicales y generalizadas, uno de los pilares fundamentales de su pol\u00edtica econ\u00f3mica aislacionista \u00abAmerica primero\u00bb, y orden\u00f3 la suspensi\u00f3n de los aranceles.<\/p>\n<p>Pero, en cuesti\u00f3n de horas, se produjo un nuevo giro en la trama: un tribunal de apelaci\u00f3n suspendi\u00f3 tambi\u00e9n esa orden, restableciendo en la pr\u00e1ctica los aranceles por el momento.<\/p>\n<figure class=\"placeholder-image master_landscape big\"><img data-format=\"MASTER_LANDSCAPE\" data-id=\"72137407\" data-url=\"https:\/\/static.dw.com\/image\/72137407_${formatId}.jpg\" data-aspect-ratio=\"16\/9\" alt=\"Donald Trump exhibe tabla con pa\u00edses y aranceles.\" style=\"padding-bottom: 56.25%; height: 0; max-height: 0;\"\/><figcaption class=\"img-caption\">El denominado \u00abD\u00eda de la Liberaci\u00f3n\u00bb desencaden\u00f3 una ola de caos econ\u00f3mico y negociaciones fren\u00e9ticas.<small class=\"copyright\">Imagen: Brendan Smialowski\/AFP<\/small><\/figcaption><\/figure>\n<p>A\u00fan est\u00e1 por ver c\u00f3mo se desarrollar\u00e1 exactamente la batalla del sistema judicial estadounidense que, en esencia, gira en torno a cu\u00e1nto poder sobre la pol\u00edtica comercial reside en el presidente y cu\u00e1nto en el Congreso.<\/p>\n<h2>De vuelta a las negociaciones<\/h2>\n<p>Para la UE, junto con otros socios comerciales mundiales, las noticias del jueves supusieron\u00a0un rayo de esperanza que se extingui\u00f3 r\u00e1pidamente, al menos de momento. <\/p>\n<p>El viernes (31.5.2025)\u00a0en Bruselas, la atenci\u00f3n se centr\u00f3 en las negociaciones en curso con Estados Unidos. \u00abAmbas partes est\u00e1n trabajando ahora a un ritmo acelerado con vistas a cerrar acuerdos\u00bb, comenta\u00a0a DW el portavoz de la Comisi\u00f3n Europea, Olof Gill.<\/p>\n<p>El poder ejecutivo de la UE representa a los 27 pa\u00edses de la Uni\u00f3n, que juntos forman el mayor bloque comercial del mundo, unido bajo un sistema de mercado \u00fanico estrechamente integrado, en las negociaciones comerciales con el resto del mundo.<\/p>\n<p>El vicepresidente de la Comisi\u00f3n Europea, Maros Sefcovic, cuya cartera abarca el comercio, coment\u00f3 el asunto en X tras una llamada telef\u00f3nica con el secretario de Comercio de EE. UU., Howard Lutnick: <\/p>\n<p>\u00abHemos invertido todo nuestro tiempo y esfuerzo, ya que ofrecer soluciones con visi\u00f3n de futuro sigue siendo una prioridad fundamental de la UE\u00bb, escribi\u00f3 Sefcovic. \u00abMantendremos un contacto permanente\u00bb, a\u00f1adi\u00f3.<\/p>\n<p>Desde abril, la mayor\u00eda de las exportaciones de mercanc\u00edas de la UE a los Estados Unidos est\u00e1n sujetas a aranceles del 10 por ciento, y el bloque ha evitado hasta ahora tipos m\u00e1s elevados. Esto se suma a los dolorosos aranceles del 25 por ciento\u00a0sobre el acero y el aluminio vendidos a los Estados Unidos, ya impuestos en marzo.<\/p>\n<p><span data-slot-id=\"Article_InContent-1\" class=\"rich-text-ad\"\/><\/p>\n<h2>\u00bfMano dura o m\u00e1s confusi\u00f3n?<\/h2>\n<p>La UE estaba dispuesta a contraatacar con importantes medidas en todos los productos, desde el whisky hasta las motocicletas, y prepar\u00f3 un segundo paquete, aunque ambos se han suspendido mientras contin\u00faan las negociaciones entre la UE y EE. UU.<\/p>\n<p>Trump hab\u00eda amenazado con aumentar el tipo b\u00e1sico al 50 por ciento\u00a0en julio. Pero la semana pasada, tras una llamada con el l\u00edder estadounidense, la presidenta de la Comisi\u00f3n Europea, Ursula von der Leyen, anunci\u00f3 que ambas partes mantendr\u00edan la tregua por ahora, a la espera de nuevas conversaciones.<\/p>\n<p>Bernd Lange, presidente de la Comisi\u00f3n de Comercio del Parlamento Europeo, comenta\u00a0a DW que, en su opini\u00f3n, la sentencia del Tribunal de Comercio Internacional podr\u00eda ayudar a Bruselas. Los aranceles b\u00e1sicos del 10 por ciento\u00a0se basan en una ley de 1977, la Ley de Poderes Econ\u00f3micos de Emergencia Internacional.\u00a0\u00abLa posici\u00f3n de la Uni\u00f3n Europea tambi\u00e9n se ve reforzada, por supuesto, porque se reduce el potencial de chantaje\u00bb, argumenta\u00a0el legislador de la UE.<\/p>\n<p>Pero Andre Sapir, experto del grupo de expertos econ\u00f3micos Bruegel, con sede en Bruselas, y antiguo asesor de la Comisi\u00f3n Europea, ve\u00a0las cosas de otra manera.\u00a0\u00abCreo que aporta a\u00fan m\u00e1s incertidumbre a todo el proceso\u00bb, dice\u00a0Sapir por tel\u00e9fono a DW, ya que, seg\u00fan explica, para la comunidad empresarial, uno de los peores aspectos de la actual guerra comercial es\u00a0la falta de claridad sobre c\u00f3mo van\u00a0a desarrollarse las cosas.<\/p>\n<p>(MD\/MS)<\/p>\n<\/div>\n\n","protected":false},"excerpt":{"rendered":"<p>Durante un breve instante el jueves (29.5.2025), pareci\u00f3 que la Uni\u00f3n Europea y pa\u00edses del resto del mundo iban a obtener un inesperado respiro en relaci\u00f3n a los aranceles m\u00e1s amplios impuestos por el presidente estadounidense,\u00a0Donald Trump. El poco conocido Tribunal de Comercio Internacional de Estados Unidos, con sede en Nueva York, anul\u00f3 los aranceles &hellip;<\/p>\n","protected":false},"author":1,"featured_media":29512,"comment_status":"open","ping_status":"open","sticky":false,"template":"","format":"standard","meta":{"fifu_image_url":"https:\/\/static.dw.com\/image\/72649474_6.jpg","fifu_image_alt":"","footnotes":""},"categories":[13],"tags":[],"class_list":["post-29511","post","type-post","status-publish","format-standard","has-post-thumbnail","","category-mundo"],"_links":{"self":[{"href":"https:\/\/noticiasveraces.com\/index.php?rest_route=\/wp\/v2\/posts\/29511","targetHints":{"allow":["GET"]}}],"collection":[{"href":"https:\/\/noticiasveraces.com\/index.php?rest_route=\/wp\/v2\/posts"}],"about":[{"href":"https:\/\/noticiasveraces.com\/index.php?rest_route=\/wp\/v2\/types\/post"}],"author":[{"embeddable":true,"href":"https:\/\/noticiasveraces.com\/index.php?rest_route=\/wp\/v2\/users\/1"}],"replies":[{"embeddable":true,"href":"https:\/\/noticiasveraces.com\/index.php?rest_route=%2Fwp%2Fv2%2Fcomments&post=29511"}],"version-history":[{"count":0,"href":"https:\/\/noticiasveraces.com\/index.php?rest_route=\/wp\/v2\/posts\/29511\/revisions"}],"wp:featuredmedia":[{"embeddable":true,"href":"https:\/\/noticiasveraces.com\/index.php?rest_route=\/wp\/v2\/media\/29512"}],"wp:attachment":[{"href":"https:\/\/noticiasveraces.com\/index.php?rest_route=%2Fwp%2Fv2%2Fmedia&parent=29511"}],"wp:term":[{"taxonomy":"category","embeddable":true,"href":"https:\/\/noticiasveraces.com\/index.php?rest_route=%2Fwp%2Fv2%2Fcategories&post=29511"},{"taxonomy":"post_tag","embeddable":true,"href":"https:\/\/noticiasveraces.com\/index.php?rest_route=%2Fwp%2Fv2%2Ftags&post=29511"}],"curies":[{"name":"wp","href":"https:\/\/api.w.org\/{rel}","templated":true}]}}