{"id":29508,"date":"2025-05-30T17:53:33","date_gmt":"2025-05-30T21:53:33","guid":{"rendered":"https:\/\/noticiasveraces.com\/?p=29508"},"modified":"2025-05-30T17:53:33","modified_gmt":"2025-05-30T21:53:33","slug":"algunos-viajeros-lgbtq-globales-estan-omitiendo-america-esta-temporada-de-orgullo","status":"publish","type":"post","link":"https:\/\/noticiasveraces.com\/?p=29508","title":{"rendered":"Algunos viajeros LGBTQ globales est\u00e1n omitiendo Am\u00e9rica esta temporada de orgullo"},"content":{"rendered":"<p> \n<\/p>\n<div>\n<p class=\"body-graf\">Para muchos gays europeos, el concurso festivo de la canci\u00f3n de Eurovisi\u00f3n puede marcar el inicio no oficial de la temporada de Orgullo Global.<\/p>\n<p class=\"body-graf\">Como de costumbre, hubo destacados y luces escandalosas entre las naciones de Eurovisi\u00f3n competitivas en la edici\u00f3n 2025 del concurso en Basilea, Suiza, este mes. Pero otro pa\u00eds estaba en los labios de muchos jet setters queer este a\u00f1o: Estados Unidos, con su avalancha de nuevas pol\u00edticas anti-trans y antiinmigrantes que est\u00e1n causando que algunos viajeros LGBTQ reconsideren sus pr\u00f3ximos itinerarios estadounidenses. <\/p>\n<p class=\"body-graf\">Varios<em> <\/em>Los pa\u00edses europeos, incluidos Dinamarca, Finlandia y Alemania, han emitido precauciones oficiales para los viajeros LGBTQ que visitan a los Estados Unidos, particularmente aquellos con un g\u00e9nero \u00abX\u00bb que figura en su pasaporte. Mientras tanto, por preocupaciones por la seguridad de los participantes, el principal grupo de derechos LGBTQ de Canad\u00e1, Egale Canad\u00e1, se retir\u00f3 de la participaci\u00f3n en WorldPride DC, y la Coalici\u00f3n de Derechos Humanos africanos ha pedido un boicot de esta edici\u00f3n del evento del Orgullo Internacional, coordinado por Interpride y generalmente cada dos a\u00f1os.<\/p>\n<p class=\"body-graf\">\u00abNo se siente bien en este momento\u00bb, dijo Karl Krause a NBC News en Eurovisi\u00f3n en Basilea, refiri\u00e9ndose a viajar a los Estados Unidos Krause, que es alem\u00e1n por nacimiento, vive en Amsterdam con su pareja holandesa, Daan Colijn, y juntos son creadores de contenido centrados en los viajes conocidos a sus seguidores como una pareja de hombres. En 2021, Lonely Planet les otorg\u00f3 su primer Premio al Storyteller LGBTIQ LGBTIQ, un gui\u00f1o a su trabajo para la comunidad LGBTQ.<\/p>\n<figure class=\"styles_inlineImage__FvnTh styles_medium__MEKii styles_portrait__NEQhG\" id=\"anchor-e27f89\"><picture class=\"styles_image__i32F7\" data-testid=\"picture\"><source media=\"(min-width: 1000px)\" srcset=\"https:\/\/media-cldnry.s-nbcnews.com\/image\/upload\/t_fit-560w,f_avif,q_auto:eco,dpr_2\/rockcms\/2025-05\/250529-Daan-Colijn-Karl-Krause-Fort-Lauderdale-Pride-v-se-134p-7b2af7.jpg 2x, https:\/\/media-cldnry.s-nbcnews.com\/image\/upload\/t_fit-560w,f_auto,q_auto:best\/rockcms\/2025-05\/250529-Daan-Colijn-Karl-Krause-Fort-Lauderdale-Pride-v-se-134p-7b2af7.jpg 1x\"\/><source media=\"(min-width: 320px)\" srcset=\"https:\/\/media-cldnry.s-nbcnews.com\/image\/upload\/t_fit-760w,f_avif,q_auto:eco,dpr_2\/rockcms\/2025-05\/250529-Daan-Colijn-Karl-Krause-Fort-Lauderdale-Pride-v-se-134p-7b2af7.jpg 2x, https:\/\/media-cldnry.s-nbcnews.com\/image\/upload\/t_fit-760w,f_auto,q_auto:best\/rockcms\/2025-05\/250529-Daan-Colijn-Karl-Krause-Fort-Lauderdale-Pride-v-se-134p-7b2af7.jpg 1x\"\/><img decoding=\"async\" loading=\"lazy\" src=\"https:\/\/media-cldnry.s-nbcnews.com\/image\/upload\/t_fit-760w,f_auto,q_auto:best\/rockcms\/2025-05\/250529-Daan-Colijn-Karl-Krause-Fort-Lauderdale-Pride-v-se-134p-7b2af7.jpg\" alt=\"Daan Colijn y Karl Krause sonriendo y tomando de las manos duraci\u00f3n Fort Lauderdale Orgullo\" height=\"2499\" width=\"1666\"\/><\/picture><figcaption class=\"caption styles_caption__TCewG\" data-testid=\"caption\"><span class=\"caption__container\" data-testid=\"caption__container\">Daan Colijn y Karl Krause Duraci\u00f3n Fort Lauderdale Orgullo en 2023.<\/span><span class=\"caption__source\" data-testid=\"caption__source\">Par de hombres<\/span><\/figcaption><\/figure>\n<p class=\"body-graf\">\u00abComo hombres homosexuales que viajan a los EE. UU., Probablemente sigamos siendo la parte m\u00e1s privilegiada de la comunidad\u00bb, dijo Krause. \u00abPero tuvimos algunas conversaciones interesantes recientemente en Bilbao con una persona trans que dijo: &#8216;No puedo, literalmente no puedo viajar a los EE. UU., Porque no tengo idea de c\u00f3mo recibir\u00edan mi pasaporte diverso, si me pondr\u00edan detenci\u00f3n o lo que sea. Tengo a mi peque\u00f1a hija, no voy a arriesgar nada de esto'\u00bb.<\/p>\n<p class=\"body-graf\">Krause dijo que ese era el momento en que se dio cuenta de que si bien \u00e9l y Colijn como hombres homosexuales a\u00fan no sienten los efectos completos de las pol\u00edticas de la administraci\u00f3n Trump, ya estaban teniendo un impacto en otros viajeros dentro de la comunidad LGBTQ. <\/p>\n<p class=\"body-graf\">\u00abEntonces, \u00bfc\u00f3mo podemos, en buen sentido, promover este destino?\u00bb pregunt\u00f3. \u00ab\u00bfC\u00f3mo puedo enviar a un amigo trans o un amigo no binario e tratar de inspirarlos a ir a los Estados Unidos cuando est\u00e1n en lo que se supone que es la mejor \u00e9poca de su a\u00f1o, para pasar en un pa\u00eds donde no se sienten seguros?\u00bb<\/p>\n<p class=\"body-graf\">Colijn agreg\u00f3 que \u00e9l y Krause quieren enviar a sus seguidores \u00aben alg\u00fan lugar donde est\u00e9n a salvo, donde se sienten bienvenidos\u00bb. <\/p>\n<p class=\"body-graf\">\u00abEn este momento, por supuesto, mucha gente seguir\u00e1 siendo muy, muy bienvenida en la mayor\u00eda de Estados Unidos, muchos lugares siguen siendo los mismos, o tal vez incluso tratando de hacerlo mejor. Pero solo queremos tener cuidado con lo que estamos apoyando\u00bb, dijo Colijn.<\/p>\n<p class=\"body-graf\">John Tanzella, presidente y CEO de la Asociaci\u00f3n Internacional de Viajes LGBTQ+, o IGLTA, dijo a NBC News que tales preocupaciones son comunes este a\u00f1o. <\/p>\n<p class=\"body-graf\">\u00abHemos escuchado que los viajeros se sienten inciertos sobre visitar a los EE. UU., Especialmente a las personas trans y de diversos de g\u00e9nero\u00bb, dijo. \u00abEstas decisiones a menudo est\u00e1n impulsadas por las preocupaciones sobre la seguridad, el tratamiento en la frontera y el acceso a la atenci\u00f3n m\u00e9dica afirmativa. Algunos han cancelado sus viajes. Muchos otros todav\u00eda vienen, pero est\u00e1n siendo m\u00e1s selectivos sobre d\u00f3nde van\u00bb.<\/p>\n<p class=\"body-graf\">Nicol\u00f3 Manfredini, un hombre trans italiano que vive en Valencia, Espa\u00f1a, dijo que recientemente pudo ingresar a los EE. UU. Sin incidentes gracias a tener un marcador \u00abM\u00bb en su pasaporte, pero las pol\u00edticas anti-Trans del gobierno actualmente hacen de Estados Unidos un lugar que preferir\u00eda no volver a visitar.<\/p>\n<p class=\"body-graf\">\u00abOriginalmente hab\u00eda planeado ir a Worldpride, pero no ahora\u00bb, dijo. <\/p>\n<p class=\"body-graf\">Dado el entorno actual en los Estados Unidos, agreg\u00f3 Manfredini, dijo que solo viajar\u00eda a los Estados Unidos si tuviera que hacerlo por trabajo.<\/p>\n<p class=\"body-graf\">Incluso las personas de diversos de g\u00e9nero estadounidenses est\u00e1n ajustando sus planes de viaje debido a las pol\u00edticas de la administraci\u00f3n de Trump, seg\u00fan un estudio publicado a principios de este mes por el Instituto Williams en la Facultad de Derecho de la UCLA. De las m\u00e1s de 300 personas transg\u00e9nero, no binarias y otras personas de g\u00e9nero encuestadas, el 70% dijo que es menos probable que se vayan de vacaciones a los estados de EE. UU. Que consideran menos transferencia. <\/p>\n<p class=\"body-graf\">Krause dijo que a pesar de que generalmente asisten al menos uno y, a veces, varios eventos de Orgullo de EE. UU. Cada a\u00f1o, este a\u00f1o ser\u00e1 diferente. <\/p>\n<p class=\"body-graf\">\u00abEn realidad est\u00e1bamos planeando ir a Washington, DC, para WorldPride, pero esto est\u00e1 fuera de la mesa para nosotros &#8230; \u00bfqu\u00e9 tan seguros podemos estar en Washington? Solo decir que me asusta un poco\u00bb, dijo, se\u00f1alando que el ataque del 6 de enero de 2021, el ataque contra el Capitolio de los Estados Unidos fue particularmente preocupante. \u00abNo s\u00e9 qu\u00e9 est\u00e1 pasando all\u00ed ahora y qui\u00e9n viene, y no me siento seguro con la idea de que voy all\u00ed y estoy caminando y tal vez hay una mafia. [coming] desde cualquier direcci\u00f3n \u00ab.<\/p>\n<p class=\"body-graf\">Capital Pride Alliance, los organizadores detr\u00e1s de WorldPride DC, que comenz\u00f3 a principios de este mes y contin\u00faa hasta el 8 de junio, no respondi\u00f3 a las solicitudes de comentarios de NBC News, pero el sitio web del evento detalla los protocolos de seguridad e incluye un aviso de pasaporte para viajeros transg\u00e9nero y no binarios.<\/p>\n<p class=\"body-graf\">Sahand Miraminy, Director de Operaciones de Capital Pride Alliance, dijo al Washington Post esta semana que las medidas de seguridad en WorldPride DC incluir\u00e1n una proyecci\u00f3n de armas en la entrada del festival callejero el 7 y 8 de junio, que tambi\u00e9n estar\u00e1 cercado.<\/p>\n<p class=\"body-graf\">Adem\u00e1s del apoyo de la agencia local y federal que tenemos, tambi\u00e9n contratamos seguridad privada y tenemos muchas formas de medidas de seguridad y vigilancia que no podemos compartir en todo momento con el p\u00fablico \u00ab, dijo,\u00bb pero ciertamente hay conversaciones que estamos teniendo con esas agencias semanalmente \u00ab.<\/p>\n<p class=\"body-graf\">Los organizadores de NYC Pride, posiblemente los eventos de Orgullo m\u00e1s populares globalmente populares cada a\u00f1o y celebrados como la mayor\u00eda de las grandes ciudades durante el Mes del Orgullo en junio, tambi\u00e9n est\u00e1n intensificando planes de seguridad para 2025.<\/p>\n<p class=\"body-graf\">\u00abEl Orgullo de Nueva York ha contratado a una empresa privada con una gran experiencia en la gesti\u00f3n de eventos LGBTQIA+ para liderar la seguridad en el sitio\u00bb, dijo el portavoz Kevin Kilbride. \u00abDado el tama\u00f1o y la visibilidad de nuestros eventos, el orgullo de Nueva York es monitoreado y asegurado por agencias municipales en todos los niveles de gobierno para proteger nuestra libertad de expresi\u00f3n y garantizar un espacio seguro para nuestra comunidad\u00bb. <\/p>\n<\/div>\n<p><script async src=\"\/\/www.instagram.com\/embed.js\"><\/script><br \/>\n<br \/>\n","protected":false},"excerpt":{"rendered":"<p>Para muchos gays europeos, el concurso festivo de la canci\u00f3n de Eurovisi\u00f3n puede marcar el inicio no oficial de la temporada de Orgullo Global. Como de costumbre, hubo destacados y luces escandalosas entre las naciones de Eurovisi\u00f3n competitivas en la edici\u00f3n 2025 del concurso en Basilea, Suiza, este mes. Pero otro pa\u00eds estaba en los &hellip;<\/p>\n","protected":false},"author":1,"featured_media":29510,"comment_status":"open","ping_status":"open","sticky":false,"template":"","format":"standard","meta":{"fifu_image_url":"https:\/\/media-cldnry.s-nbcnews.com\/image\/upload\/t_nbcnews-fp-1200-630,f_auto,q_auto:best\/rockcms\/2025-05\/250530-pride-RS-29b321.jpg","fifu_image_alt":"","footnotes":""},"categories":[11],"tags":[],"class_list":["post-29508","post","type-post","status-publish","format-standard","has-post-thumbnail","","category-viaje"],"_links":{"self":[{"href":"https:\/\/noticiasveraces.com\/index.php?rest_route=\/wp\/v2\/posts\/29508","targetHints":{"allow":["GET"]}}],"collection":[{"href":"https:\/\/noticiasveraces.com\/index.php?rest_route=\/wp\/v2\/posts"}],"about":[{"href":"https:\/\/noticiasveraces.com\/index.php?rest_route=\/wp\/v2\/types\/post"}],"author":[{"embeddable":true,"href":"https:\/\/noticiasveraces.com\/index.php?rest_route=\/wp\/v2\/users\/1"}],"replies":[{"embeddable":true,"href":"https:\/\/noticiasveraces.com\/index.php?rest_route=%2Fwp%2Fv2%2Fcomments&post=29508"}],"version-history":[{"count":0,"href":"https:\/\/noticiasveraces.com\/index.php?rest_route=\/wp\/v2\/posts\/29508\/revisions"}],"wp:featuredmedia":[{"embeddable":true,"href":"https:\/\/noticiasveraces.com\/index.php?rest_route=\/wp\/v2\/media\/29510"}],"wp:attachment":[{"href":"https:\/\/noticiasveraces.com\/index.php?rest_route=%2Fwp%2Fv2%2Fmedia&parent=29508"}],"wp:term":[{"taxonomy":"category","embeddable":true,"href":"https:\/\/noticiasveraces.com\/index.php?rest_route=%2Fwp%2Fv2%2Fcategories&post=29508"},{"taxonomy":"post_tag","embeddable":true,"href":"https:\/\/noticiasveraces.com\/index.php?rest_route=%2Fwp%2Fv2%2Ftags&post=29508"}],"curies":[{"name":"wp","href":"https:\/\/api.w.org\/{rel}","templated":true}]}}