{"id":29506,"date":"2025-05-30T17:22:30","date_gmt":"2025-05-30T21:22:30","guid":{"rendered":"https:\/\/noticiasveraces.com\/?p=29506"},"modified":"2025-05-30T17:22:30","modified_gmt":"2025-05-30T21:22:30","slug":"como-ha-reaccionado-israel-a-las-criticas-de-merz-dw-30-05-2025","status":"publish","type":"post","link":"https:\/\/noticiasveraces.com\/?p=29506","title":{"rendered":"\u00bfC\u00f3mo ha reaccionado Israel a las cr\u00edticas de Merz? \u2013 DW \u2013 30\/05\/2025"},"content":{"rendered":"<p> \n<\/p>\n<div>\n<p>A principios de esta semana, en respuesta a un ataque a\u00e9reo israel\u00ed contra una escuela que albergaba a civiles palestinos desplazados, el canciller alem\u00e1n,\u00a0Friedrich Merz\u00a0, critic\u00f3 la conducta de Israel en Gaza.<\/p>\n<p>\u00abEs una tragedia humana y una cat\u00e1strofe pol\u00edtica\u00bb, declar\u00f3 en una entrevista emitida p\u00fablicamente en el Foro Europeo, organizado por la emisora p\u00fablica alemana WDR. \u00abFrancamente, ya no entiendo cu\u00e1l es el objetivo del ej\u00e9rcito israel\u00ed en la Franja de Gaza\u00bb, agreg\u00f3, en referencia a la expansi\u00f3n de las operaciones\u00a0en el enclave y a la crisis humanitaria derivada del bloqueo israel\u00ed.<\/p>\n<p>Merz tambi\u00e9n recalc\u00f3 que conoc\u00eda bien la historia de Alemania y quer\u00eda ser cauteloso al expresar cr\u00edticas. \u00abPero, cuando se cruzan los l\u00edmites, cuando se viola realmente el derecho internacional humanitario, el canciller alem\u00e1n debe decir algo al respecto\u00bb, recalc\u00f3.<\/p>\n<p>Hasta ahora, ning\u00fan pol\u00edtico alem\u00e1n de alto nivel ha sido tan claro al criticar la actual campa\u00f1a militar de Israel en Gaza. El embajador de Israel en Alemania, Ron Prosor, respondi\u00f3 r\u00e1pidamente. \u00abCuando Fredrich Merz plantea esta cr\u00edtica a Israel, lo escuchamos con mucha atenci\u00f3n porque es un amigo\u00bb, declar\u00f3 a la emisora \u200b\u200bp\u00fablica alemana ZDF el martes.<\/p>\n<p>Prosor tambi\u00e9n afirm\u00f3 que Israel intentaba salvar a los secuestrados el 7 de octubre de 2023, brindar ayuda a los civiles que quedan en Gaza y prevenir un \u00abr\u00e9gimen terrorista\u00bb en el enclave palestino.<\/p>\n<h2>Las palabras de Merz \u00abafectaron a la \u00e9lite pol\u00edtica\u00bb<\/h2>\n<p>Simon Wolfgang Fuchs, profesor asociado de Estudios Isl\u00e1micos en la Universidad Hebrea de Jerusal\u00e9n, se\u00f1ala a DW que es\u00a0sorprendente que los medios israel\u00edes hubiesen reportado los comentarios de Merz, pero que apenas se hubieran emitido comentarios formales ni respuestas del Gobierno al respecto.<\/p>\n<p>\u00abEsto podr\u00eda deberse en parte a que, a pesar de sus cr\u00edticas, Friedrich Merz se mantuvo bastante evasivo en cuanto a las posibles consecuencias\u00bb, afirma Fuchs.<\/p>\n<p>Mientras que otras naciones europeas han\u00a0expresado cr\u00edticas m\u00e1s contundentes sobre la conducta de Israel en Gaza, \u00abel canciller Merz hasta ahora se ha mostrado muy comedido\u00bb, a\u00f1ade el experto. \u00abParece que el silencio persistente indica que sus comentarios afectaron a la \u00e9lite pol\u00edtica y que Jerusal\u00e9n se toma muy en serio sus palabras\u00bb.<\/p>\n<figure class=\"placeholder-image master_landscape big\"><img data-format=\"MASTER_LANDSCAPE\" data-id=\"72273740\" data-url=\"https:\/\/static.dw.com\/image\/72273740_${formatId}.jpg\" data-aspect-ratio=\"16\/9\" alt=\"Desde octubre de 2023, las operaciones israel\u00edes dejan al menos 53.000 palestinos muertos, muchos de ellos mujeres y ni\u00f1os, y han desplazado repetidamente a casi toda la poblaci\u00f3n de Gaza\" style=\"padding-bottom: 56.25%; height: 0; max-height: 0;\"\/><figcaption class=\"img-caption\">Desde octubre de 2023, las operaciones israel\u00edes han dejan al menos 53.000 palestinos muertos, seg\u00fan cifras de las autoridades de salud de la Franja de Gaza. <small class=\"copyright\">Imagen: Eyad Baba\/AFP<\/small><\/figcaption><\/figure>\n<h2>Netanyahu, dispuesto a escuchar solo a aliados conservadores de derecha<\/h2>\n<p>En respuesta a las declaraciones de Merz, el diario israel\u00ed liberal <em>Haaretz<\/em> public\u00f3 un art\u00edculo de opini\u00f3n poco com\u00fan. \u00abSi bien (el primer ministro, Benjam\u00edn) Netanyahu\u00a0, siempre puede acusar a los l\u00edderes de izquierda que critican la guerra de Israel en Gaza [&#8230;] de sucumbir a las fuerzas antisemitas nacionales, ha tenido poco o nada que decir p\u00fablicamente sobre aliados proisrael\u00edes como el canciller alem\u00e1n, Friedrich Merz\u00bb, escribi\u00f3 David Issacharoff el martes.\u00a0\u00abParece que solo los l\u00edderes de derecha tienen influencia sobre el [&#8230;] primer ministro, mientras libra una guerra de destrucci\u00f3n pol\u00edticamente motivada en Gaza, que mata a decenas de palestinos cada d\u00eda, seg\u00fan las autoridades de salud de Gaza\u00bb, concluye la nota.<\/p>\n<p><span data-slot-id=\"Article_InContent-1\" class=\"rich-text-ad\"\/><\/p>\n<h2>\u00abNuevo cambio de tono\u00bb deja una huella imborrable en Israel<\/h2>\n<p>Peter Lintl, experto en Israel del Instituto Alem\u00e1n de Asuntos Internacionales y de Seguridad, cree que el Gobierno israel\u00ed escuch\u00f3 las declaraciones de Merz alto y claro. En este contexto, tambi\u00e9n menciona\u00a0el acuerdo de asociaci\u00f3n de Israel con la Uni\u00f3n Europea (UE), que los Estados miembro han sometido a revisi\u00f3n, ya que, aparte de profundizar los lazos econ\u00f3micos entre los socios, exige a ambas partes que respeten los derechos humanos.<\/p>\n<p>El hecho de que los lazos comerciales de la UE con Israel est\u00e9n ahora en tela de juicio ha dejado\u00a0una huella imborrable en Israel, afirma\u00a0el experto. Lo mismo ocurre con la creciente presi\u00f3n del Gobierno estadounidense y de varios senadores estadounidenses, que suelen ser bastante proisrael\u00edes, observa. \u00abMe parece que este contexto m\u00e1s amplio es decisivo\u00bb, sostiene\u00a0Lintl. \u00abPero, en este contexto, el nuevo cambio de tono de Alemania seguramente se har\u00e1 sentir\u00bb, advierte.<\/p>\n<h2>\u00bfSiente presi\u00f3n Netanyahu?<\/h2>\n<p>Lintl no cree que las cr\u00edticas de Merz puedan detener la guerra de Israel en Gaza. Para \u00e9l, la cuesti\u00f3n\u00a0principal es cu\u00e1nta presi\u00f3n siente el primer ministro Netanyahu por parte de su propia coalici\u00f3n.<\/p>\n<p>\u00abAlgunos miembros del gabinete est\u00e1n presionando para reocupar Gaza. Y Netanyahu depende pol\u00edticamente de ellos. La pregunta es si se puede corregir el rumbo actual\u00bb, comenta Lintl. <\/p>\n<p>\u00abAmigo de Israel, Merz debe elegir entre simplemente hacerse viral en Instagram o hacer todo lo posible para evitar la horrible matanza de ni\u00f1os palestinos en Gaza, que Netanyahu no ha mostrado intenci\u00f3n de detener a corto plazo\u00bb, escribi\u00f3 Issacharoff en <em>Haaretz.<\/em><\/p>\n<p>(RR\/MS)<\/p>\n<\/p>\n<\/div>\n\n","protected":false},"excerpt":{"rendered":"<p>A principios de esta semana, en respuesta a un ataque a\u00e9reo israel\u00ed contra una escuela que albergaba a civiles palestinos desplazados, el canciller alem\u00e1n,\u00a0Friedrich Merz\u00a0, critic\u00f3 la conducta de Israel en Gaza. \u00abEs una tragedia humana y una cat\u00e1strofe pol\u00edtica\u00bb, declar\u00f3 en una entrevista emitida p\u00fablicamente en el Foro Europeo, organizado por la emisora p\u00fablica &hellip;<\/p>\n","protected":false},"author":1,"featured_media":29507,"comment_status":"open","ping_status":"open","sticky":false,"template":"","format":"standard","meta":{"fifu_image_url":"https:\/\/static.dw.com\/image\/72700260_6.jpg","fifu_image_alt":"","footnotes":""},"categories":[13],"tags":[],"class_list":["post-29506","post","type-post","status-publish","format-standard","has-post-thumbnail","","category-mundo"],"_links":{"self":[{"href":"https:\/\/noticiasveraces.com\/index.php?rest_route=\/wp\/v2\/posts\/29506","targetHints":{"allow":["GET"]}}],"collection":[{"href":"https:\/\/noticiasveraces.com\/index.php?rest_route=\/wp\/v2\/posts"}],"about":[{"href":"https:\/\/noticiasveraces.com\/index.php?rest_route=\/wp\/v2\/types\/post"}],"author":[{"embeddable":true,"href":"https:\/\/noticiasveraces.com\/index.php?rest_route=\/wp\/v2\/users\/1"}],"replies":[{"embeddable":true,"href":"https:\/\/noticiasveraces.com\/index.php?rest_route=%2Fwp%2Fv2%2Fcomments&post=29506"}],"version-history":[{"count":0,"href":"https:\/\/noticiasveraces.com\/index.php?rest_route=\/wp\/v2\/posts\/29506\/revisions"}],"wp:featuredmedia":[{"embeddable":true,"href":"https:\/\/noticiasveraces.com\/index.php?rest_route=\/wp\/v2\/media\/29507"}],"wp:attachment":[{"href":"https:\/\/noticiasveraces.com\/index.php?rest_route=%2Fwp%2Fv2%2Fmedia&parent=29506"}],"wp:term":[{"taxonomy":"category","embeddable":true,"href":"https:\/\/noticiasveraces.com\/index.php?rest_route=%2Fwp%2Fv2%2Fcategories&post=29506"},{"taxonomy":"post_tag","embeddable":true,"href":"https:\/\/noticiasveraces.com\/index.php?rest_route=%2Fwp%2Fv2%2Ftags&post=29506"}],"curies":[{"name":"wp","href":"https:\/\/api.w.org\/{rel}","templated":true}]}}