{"id":29499,"date":"2025-05-30T14:18:38","date_gmt":"2025-05-30T18:18:38","guid":{"rendered":"https:\/\/noticiasveraces.com\/?p=29499"},"modified":"2025-05-30T14:18:38","modified_gmt":"2025-05-30T18:18:38","slug":"proeuropeos-y-euroescepticos-parten-empatados-en-polonia-dw-30-05-2025","status":"publish","type":"post","link":"https:\/\/noticiasveraces.com\/?p=29499","title":{"rendered":"Proeuropeos y euroesc\u00e9pticos parten empatados en Polonia \u2013 DW \u2013 30\/05\/2025"},"content":{"rendered":"<p> \n<\/p>\n<div>\n<p>De cara a la segunda vuelta electoral en Polonia el\u00a0domingo, 1 de junio de 2025, el proeuropeo y liberal conservador Rafal Trzaskowski y el euroesc\u00e9ptico de derecha Karol Nawrocki est\u00e1n pr\u00e1cticamente empatados.<\/p>\n<p>Seg\u00fan la \u00faltima encuesta del instituto Opinia24,\u00a0Trzaskowski tiene una estrecha ventaja con el 47,4 por ciento\u00a0frente al 46,3 por ciento\u00a0de Nawrocki.\u00a0En la primera vuelta de las elecciones, celebrada el 18 de mayo, Trzaskowski gan\u00f3 con el 31,36 por ciento de los votos, por delante de Nawrocki, con el 29,54.<\/p>\n<p>La segunda vuelta no solo decidir\u00e1 qui\u00e9n ocupar\u00e1 el palacio presidencial de Varsovia a partir de agosto. Est\u00e1 en juego el futuro del Gobierno de centroizquierda del primer ministro,\u00a0Donald Tusk, cuyas reformas vienen siendo vetadas por el presidente, Andrzej Duda, as\u00ed como\u00a0la posici\u00f3n de Polonia en Europa. Nawrocki, con su lema \u00abPolonia primero\u00bb, rechaza la pol\u00edtica clim\u00e1tica de la UE y el paquete\u00a0migratorio, y se muestra esc\u00e9ptico respecto a la ayuda a Ucrania.<\/p>\n<h2>Supuesta p\u00e9rdida de soberan\u00eda<\/h2>\n<p>El l\u00edder de los conservadores de derecha , Jaroslaw Kaczynski, del Partido Ley y Justicia (PiS), ha acusado\u00a0a Trzaskowski de apoyar una modificaci\u00f3n de los tratados de la UE que conducir\u00eda a una \u00abp\u00e9rdida de soberan\u00eda\u00bb para Polonia al ampliar las competencias de Bruselas, en beneficio de Berl\u00edn. Jugar la carta antialemana ya le ha funcionado a veces en el pasado. El jueves, acus\u00f3 en Varsovia a Alemania de \u00abtendencias imperialistas\u00bb, aunque implementadas \u00abcon m\u00e9todos distintos y m\u00e1s moderados\u00bb.<\/p>\n<p>Por su parte, Nawrocki tambi\u00e9n ha endurecido el\u00a0tono hacia su\u00a0contrincante liberal:\u00a0Trzaskowski es un \u00abcobarde y un t\u00edtere de Tusk\u00bb,\u00a0 que est\u00e1 en deuda con fundaciones alemanas, declar\u00f3 el jueves en Katowice.<\/p>\n<figure class=\"placeholder-image master_landscape big\"><img data-format=\"MASTER_LANDSCAPE\" data-id=\"72732652\" data-url=\"https:\/\/static.dw.com\/image\/72732652_${formatId}.jpg\" data-aspect-ratio=\"16\/9\" alt=\"Trzaskowski habla micr\u00f3fono en mano en la plaza del mercado de la localidad de Pabianice este 29 de mayo de 2025.\" style=\"padding-bottom: 56.25%; height: 0; max-height: 0;\"\/><figcaption class=\"img-caption\">El candidato Rafal Trzaskowski, liberal-conservador y proeuropeo, durante un mitin electoral en la ciudad de Pabianice, en el centro de Polonia.<small class=\"copyright\">Imagen: Mikolaj Barbanell\/SOPA\/ZUMA\/picture alliance<\/small><\/figcaption><\/figure>\n<h2>El turbio pasado de Nawrocki<\/h2>\n<p>Por su parte, Trzaskowski, quien planea viajar por todo el pa\u00eds hasta la noche de hoy viernes (30.05.2025), porque la campa\u00f1a electoral est\u00e1 prohibida a partir del s\u00e1bado, se pregunta cada vez m\u00e1s: \u00ab\u00bfQui\u00e9n es este Karol Nawrocki?\u00bb.<\/p>\n<p>Casi a diario surgen nuevas noticias sobre el oscuro pasado del candidato. El historiador, de 42 a\u00f1os y natural de Gdansk, admiti\u00f3 haber participado hace tiempo en una multitudinaria pelea\u00a0entre aficionados de dos clubes de f\u00fatbol, \u200b\u200bcalific\u00e1ndola de \u00abnoble forma de lucha\u00bb.<\/p>\n<p>Tambi\u00e9n es sospechoso de haber estafado un apartamento municipal a un alcoh\u00f3lico sin recursos. Y el portal en l\u00ednea Onet inform\u00f3 recientemente, citando a dos testigos an\u00f3nimos, de que, durante sus a\u00f1os de estudiante, Nawrocki, como empleado de seguridad en el lujoso Grand Hotel de la localidad balnearia de Sopot, en el mar B\u00e1ltico, consegu\u00eda prostitutas a los hu\u00e9spedes.<\/p>\n<h2>El PiS respalda a su candidato\u2026 y Trump tambi\u00e9n<\/h2>\n<p>Nawrocki ha rechazado las acusaciones. Y su grupo pol\u00edtico tambi\u00e9n lo respalda sin sin vacilar. Kaczynski ha culpado\u00a0a Tusk y Trzaskowski por el \u00abrepugnante ataque basado en mentiras\u00bb contra su candidato. Y ha minimizado el hecho de que este hubiera tomado parte en\u00a0peleas entre <em>hooligans<\/em>alegando que \u00e9l y su hermano gemelo Lech tambi\u00e9n participadaron\u00a0en peleas durante\u00a0su juventud, por las que hab\u00edan \u00abterminado en urgencias innumerables veces\u00bb.<\/p>\n<figure class=\"placeholder-image master_landscape big\"><img data-format=\"MASTER_LANDSCAPE\" data-id=\"72732523\" data-url=\"https:\/\/static.dw.com\/image\/72732523_${formatId}.jpg\" data-aspect-ratio=\"16\/9\" alt=\"Nwrocki saluda a la multitud encaramado al autom\u00f3vil que lo transporta mientras sus seguidores saludan, graban con sus celulares y ondean banderolas de Polonia.\" style=\"padding-bottom: 56.25%; height: 0; max-height: 0;\"\/><figcaption class=\"img-caption\">El candidato nacionalista Karol Nawrocki, en un mitin de campa\u00f1a en la ciudad de Katowice, en el sur de Polonia.<small class=\"copyright\">Imagen: Beata Zawrzel\/Anadolu\/Picture Alliance<\/small><\/figcaption><\/figure>\n<p>Nawrocki ha recibido\u00a0apoyo desde Estados Unidos y\u00a0presume de foto con Donald Trump en el Despacho Oval. Para echarle una mano, los conservadores estadounidenses han organizado esta vez su conferencia CPAC en Jasionka, en Polonia. Por su parte, la secretaria de Seguridad Nacional de Trump, Kristi Noem, aludi\u00f3\u00a0a Trzaskowski calific\u00e1ndolo como \u00abun socialista\u00bb que impulsar\u00e1 \u00abuna agenda antilibertad\u00bb, y recomend\u00f3 a los polacos elegir un presidente que coopere con Trump, ya que as\u00ed \u00abganar\u00edan un aliado poderoso\u00bb.<\/p>\n<p><span data-slot-id=\"Article_InContent-1\" class=\"rich-text-ad\"\/><\/p>\n<h2>\u00bfQu\u00e9 har\u00e1n los votantes de Mentzen?<\/h2>\n<p>Queda por ver qu\u00e9 pasar\u00e1 con los casi tres millones de votos que el candidato de la ultraderechista Konfederacja, Slawomir Mentzen, recibi\u00f3 en la primera vuelta. El empresario, de 43 a\u00f1os, que qued\u00f3 en tercer lugar, inst\u00f3 a sus partidarios a votar en conciencia. <\/p>\n<p>Trzaskowski espera ganarse al menos a algunos de sus votantes, especialmente a los liberales partidarios de\u00a0bajos impuestos. Y puede contar con un amplio apoyo de toda la coalici\u00f3n gobernante de izquierdas.\u00a0El candidato antisemita y radical de derecha Grzegorz Braun, que tuvo m\u00e1s de un mill\u00f3n de votos, ha dado su apoyo\u00a0a Nawrocki.<\/p>\n<h2>Trzaskowski quiere liberalizar la ley del aborto<\/h2>\n<p>El candidato liberal-conservador Trzaskowski se presenta en la campa\u00f1a electoral como un reconciliador que busca el di\u00e1logo. \u00abNo quiero dividir, sino unir\u00bb, repite en los m\u00edtines de campa\u00f1a. Se presenta como alguien competente (ha sido alcalde de Varsovia desde 2018, parlamentario y\u00a0ministro), y anuncia que instar\u00e1 al Gobierno a acelerar las reformas. Adem\u00e1s, promete liberalizar la \u00abmedieval ley del aborto\u00bb.<\/p>\n<p>\u00abSer\u00e1 una carrera muy re\u00f1ida hasta el cierre de las urnas. La diferencia entre los candidatos podr\u00eda ser de tan s\u00f3lo 200.000 votos\u00bb, declar\u00f3 la polit\u00f3loga Barbara Brodzinska-Mirowska a TVN el viernes. Brodzinska advirti\u00f3 a ambos candidatos que no se apresuren a declarar la victoria: los resultados del lunes por la ma\u00f1ana podr\u00edan ser diferentes a los de la noche de las elecciones.<\/p>\n<p>(LGC\/MS)<\/p>\n<\/div>\n\n","protected":false},"excerpt":{"rendered":"<p>De cara a la segunda vuelta electoral en Polonia el\u00a0domingo, 1 de junio de 2025, el proeuropeo y liberal conservador Rafal Trzaskowski y el euroesc\u00e9ptico de derecha Karol Nawrocki est\u00e1n pr\u00e1cticamente empatados. Seg\u00fan la \u00faltima encuesta del instituto Opinia24,\u00a0Trzaskowski tiene una estrecha ventaja con el 47,4 por ciento\u00a0frente al 46,3 por ciento\u00a0de Nawrocki.\u00a0En la primera &hellip;<\/p>\n","protected":false},"author":1,"featured_media":29500,"comment_status":"open","ping_status":"open","sticky":false,"template":"","format":"standard","meta":{"fifu_image_url":"https:\/\/static.dw.com\/image\/72732674_6.jpg","fifu_image_alt":"","footnotes":""},"categories":[13],"tags":[],"class_list":["post-29499","post","type-post","status-publish","format-standard","has-post-thumbnail","","category-mundo"],"_links":{"self":[{"href":"https:\/\/noticiasveraces.com\/index.php?rest_route=\/wp\/v2\/posts\/29499","targetHints":{"allow":["GET"]}}],"collection":[{"href":"https:\/\/noticiasveraces.com\/index.php?rest_route=\/wp\/v2\/posts"}],"about":[{"href":"https:\/\/noticiasveraces.com\/index.php?rest_route=\/wp\/v2\/types\/post"}],"author":[{"embeddable":true,"href":"https:\/\/noticiasveraces.com\/index.php?rest_route=\/wp\/v2\/users\/1"}],"replies":[{"embeddable":true,"href":"https:\/\/noticiasveraces.com\/index.php?rest_route=%2Fwp%2Fv2%2Fcomments&post=29499"}],"version-history":[{"count":0,"href":"https:\/\/noticiasveraces.com\/index.php?rest_route=\/wp\/v2\/posts\/29499\/revisions"}],"wp:featuredmedia":[{"embeddable":true,"href":"https:\/\/noticiasveraces.com\/index.php?rest_route=\/wp\/v2\/media\/29500"}],"wp:attachment":[{"href":"https:\/\/noticiasveraces.com\/index.php?rest_route=%2Fwp%2Fv2%2Fmedia&parent=29499"}],"wp:term":[{"taxonomy":"category","embeddable":true,"href":"https:\/\/noticiasveraces.com\/index.php?rest_route=%2Fwp%2Fv2%2Fcategories&post=29499"},{"taxonomy":"post_tag","embeddable":true,"href":"https:\/\/noticiasveraces.com\/index.php?rest_route=%2Fwp%2Fv2%2Ftags&post=29499"}],"curies":[{"name":"wp","href":"https:\/\/api.w.org\/{rel}","templated":true}]}}