{"id":29488,"date":"2025-05-30T12:16:37","date_gmt":"2025-05-30T16:16:37","guid":{"rendered":"https:\/\/noticiasveraces.com\/?p=29488"},"modified":"2025-05-30T12:16:37","modified_gmt":"2025-05-30T16:16:37","slug":"macron-esta-en-cruzada-contra-el-estado-judio-dw-30-05-2025","status":"publish","type":"post","link":"https:\/\/noticiasveraces.com\/?p=29488","title":{"rendered":"Macron est\u00e1 en \u00abcruzada contra el Estado jud\u00edo\u00bb \u2013 DW \u2013 30\/05\/2025"},"content":{"rendered":"<p> \n<\/p>\n<div>\n<p>Israel denunci\u00f3 este viernes (30.05.2025) que el presidente franc\u00e9s Emmanuel Macron estaba emprendiendo una \u00abcruzada contra el Estado jud\u00edo\u00bb, despu\u00e9s de que el mandatario inst\u00f3 a los pa\u00edses europeos a endurecer su postura hacia Israel si no mejora la situaci\u00f3n humanitaria en la Franja de Gaza.<\/p>\n<p>La semana pasada, Israel levant\u00f3 parcialmente un bloqueo de m\u00e1s de dos meses que imped\u00eda la entrada de ayuda humanitaria en Gaza.<\/p>\n<p>El territorio palestino se encuentra devastado y enfrenta una escasez de agua, comida, combustible y medicamentos tras casi 20 meses de guerra entre Israel y el movimiento terrorista palestino Ham\u00e1s.<\/p>\n<p><strong>Israel asegura que Macron quiere premiar \u00aba los terroristas yihadistas\u00bb<\/strong><\/p>\n<p>\u00abNo hay ning\u00fan bloqueo humanitario. Eso es una mentira descarada\u00bb, expres\u00f3 el Ministerio de Relaciones Exteriores israel\u00ed en un comunicado.<\/p>\n<p>\u00abEn lugar de presionar a los terroristas yihadistas, Macron quiere recompensarlos con un Estado palestino. Sin duda, su d\u00eda nacional ser\u00e1 el 7 de octubre\u00bb, se\u00f1al\u00f3 la canciller\u00eda israel\u00ed en referencia al ataque de 2023 que desencaden\u00f3 el conflicto en Gaza.<\/p>\n<p><strong>Francia aumenta sus cr\u00edticas hacia Israel<\/strong><\/p>\n<p>En los \u00faltimos d\u00edas, Macron multiplic\u00f3 sus declaraciones de apoyo a los palestinos. Este viernes, dijo que la Uni\u00f3n Europea (UE) deb\u00eda \u00abendurecer\u00bb su postura hacia Israel si no mejora la situaci\u00f3n humanitaria en Gaza.<\/p>\n<p>\u00abSi abandonamos Gaza, si consideramos que hay un salvoconducto para Israel, aunque condenemos los ataques terroristas, perderemos nuestra credibilidad\u00bb, agreg\u00f3 en el foro de defensa Shangri-La Dialogue, en Singapur.<\/p>\n<p>Francia coorganiza una conferencia internacional en la sede de la ONU en Nueva York con Arabia Saudita, destinada a resucitar la idea de una soluci\u00f3n de dos Estados para el conflicto palestino-israel\u00ed, a la que se opone el gobierno del primer ministro Benjamin Netanyahu.<\/p>\n<p>RR AFP\/Reuters\/DPA<\/p>\n<\/div>\n\n","protected":false},"excerpt":{"rendered":"<p>Israel denunci\u00f3 este viernes (30.05.2025) que el presidente franc\u00e9s Emmanuel Macron estaba emprendiendo una \u00abcruzada contra el Estado jud\u00edo\u00bb, despu\u00e9s de que el mandatario inst\u00f3 a los pa\u00edses europeos a endurecer su postura hacia Israel si no mejora la situaci\u00f3n humanitaria en la Franja de Gaza. La semana pasada, Israel levant\u00f3 parcialmente un bloqueo de &hellip;<\/p>\n","protected":false},"author":1,"featured_media":29489,"comment_status":"open","ping_status":"open","sticky":false,"template":"","format":"standard","meta":{"fifu_image_url":"https:\/\/static.dw.com\/image\/67839220_6.jpg","fifu_image_alt":"","footnotes":""},"categories":[13],"tags":[],"class_list":["post-29488","post","type-post","status-publish","format-standard","has-post-thumbnail","","category-mundo"],"_links":{"self":[{"href":"https:\/\/noticiasveraces.com\/index.php?rest_route=\/wp\/v2\/posts\/29488","targetHints":{"allow":["GET"]}}],"collection":[{"href":"https:\/\/noticiasveraces.com\/index.php?rest_route=\/wp\/v2\/posts"}],"about":[{"href":"https:\/\/noticiasveraces.com\/index.php?rest_route=\/wp\/v2\/types\/post"}],"author":[{"embeddable":true,"href":"https:\/\/noticiasveraces.com\/index.php?rest_route=\/wp\/v2\/users\/1"}],"replies":[{"embeddable":true,"href":"https:\/\/noticiasveraces.com\/index.php?rest_route=%2Fwp%2Fv2%2Fcomments&post=29488"}],"version-history":[{"count":0,"href":"https:\/\/noticiasveraces.com\/index.php?rest_route=\/wp\/v2\/posts\/29488\/revisions"}],"wp:featuredmedia":[{"embeddable":true,"href":"https:\/\/noticiasveraces.com\/index.php?rest_route=\/wp\/v2\/media\/29489"}],"wp:attachment":[{"href":"https:\/\/noticiasveraces.com\/index.php?rest_route=%2Fwp%2Fv2%2Fmedia&parent=29488"}],"wp:term":[{"taxonomy":"category","embeddable":true,"href":"https:\/\/noticiasveraces.com\/index.php?rest_route=%2Fwp%2Fv2%2Fcategories&post=29488"},{"taxonomy":"post_tag","embeddable":true,"href":"https:\/\/noticiasveraces.com\/index.php?rest_route=%2Fwp%2Fv2%2Ftags&post=29488"}],"curies":[{"name":"wp","href":"https:\/\/api.w.org\/{rel}","templated":true}]}}