{"id":29459,"date":"2025-05-30T07:08:32","date_gmt":"2025-05-30T11:08:32","guid":{"rendered":"https:\/\/noticiasveraces.com\/?p=29459"},"modified":"2025-05-30T07:08:32","modified_gmt":"2025-05-30T11:08:32","slug":"cinco-muertos-en-ataque-rebelde-contra-al-obeid-dw-30-05-2025","status":"publish","type":"post","link":"https:\/\/noticiasveraces.com\/?p=29459","title":{"rendered":"cinco muertos en ataque rebelde contra Al Obeid \u2013 DW \u2013 30\/05\/2025"},"content":{"rendered":"<p> \n<\/p>\n<div>\n<p>Al menos cinco civiles murieron y un n\u00famero desconocido de personas resultaron heridas este viernes (30.05.2025) en un ataque de gran envergadura del grupo paramilitar Fuerzas de Apoyo R\u00e1pido (FAR) contra la estrat\u00e9gica localidad de Al Obeid, en el sur de Sud\u00e1n, donde un importante hospital y varios barrios residenciales fueron alcanzados por drones y disparos de artiller\u00eda.<\/p>\n<p>Un alto cargo de la administraci\u00f3n del estado de Kordof\u00e1n del Norte, del que Al Obeid es la capital, dijo que los paramilitares bombardearon con drones el hospital p\u00fablico y usaron \u00abartiller\u00eda pesada contra barrios residenciales\u00bb. Hasta el momento, las autoridades han contabilizado \u00abcinco muertos y un n\u00famero de heridos que est\u00e1 siendo confirmado\u00bb, de acuerdo con el funcionario.<\/p>\n<p>El centro m\u00e9dico, que cuenta con \u00abun gran n\u00famero de pacientes\u00bb ingresados, se encuentra fuera de servicio de manera temporal tras el ataque, indic\u00f3 el funcionario, y reanudar\u00e1 sus operaciones con normalidad una vez se terminen de implementar las medidas de seguridad necesarias, que no especific\u00f3. Testigos aseguraron que tambi\u00e9n el hospital del Ej\u00e9rcito fue alcanzado por los ataques rebeldes.<\/p>\n<h2>Combates en curso<\/h2>\n<p>Al Obeid, ubicada a unos 380 kil\u00f3metros al suroeste de Jartum, es una localidad clave para conectar la capital con la vasta regi\u00f3n occidental de Darfur, controlada casi por completo por los rebeldes. Tras ser tomada por las FAR a poco de estallar la guerra en abril de 2023, el Ej\u00e9rcito logr\u00f3 recuperar Al Obeid el pasado febrero, pero los rebeldes han intensificado sus ataques desde entonces tras perder Jartum a finales de marzo.<\/p>\n<p>En los \u00faltimos d\u00edas las FAR anunciaron haber tomado el control de Al Hamadi y Kazqil, al sur de Al Obeid, adem\u00e1s de Al Joi, en Kordof\u00e1n del Norte. Durante semanas ha habido enfrentamientos en importantes carreteras de la zona, pero fuentes militares aseguran que el Ej\u00e9rcito de Sud\u00e1n sigue controlando la regi\u00f3n y la presencia de los paramilitares se limita a los extrarradios de Al Hamadi.<\/p>\n<p>La guerra en Sud\u00e1n ha provocado la muerte de decenas de miles de personas y el desplazamiento de alrededor de 13 millones, en la que la ONU considera la peor crisis humanitaria del planeta en estos momentos.<\/p>\n<p>DZC (EFE, AFP)<\/p>\n<\/div>\n\n","protected":false},"excerpt":{"rendered":"<p>Al menos cinco civiles murieron y un n\u00famero desconocido de personas resultaron heridas este viernes (30.05.2025) en un ataque de gran envergadura del grupo paramilitar Fuerzas de Apoyo R\u00e1pido (FAR) contra la estrat\u00e9gica localidad de Al Obeid, en el sur de Sud\u00e1n, donde un importante hospital y varios barrios residenciales fueron alcanzados por drones y &hellip;<\/p>\n","protected":false},"author":1,"featured_media":29460,"comment_status":"open","ping_status":"open","sticky":false,"template":"","format":"standard","meta":{"fifu_image_url":"https:\/\/static.dw.com\/image\/72249038_6.jpg","fifu_image_alt":"","footnotes":""},"categories":[13],"tags":[],"class_list":["post-29459","post","type-post","status-publish","format-standard","has-post-thumbnail","","category-mundo"],"_links":{"self":[{"href":"https:\/\/noticiasveraces.com\/index.php?rest_route=\/wp\/v2\/posts\/29459","targetHints":{"allow":["GET"]}}],"collection":[{"href":"https:\/\/noticiasveraces.com\/index.php?rest_route=\/wp\/v2\/posts"}],"about":[{"href":"https:\/\/noticiasveraces.com\/index.php?rest_route=\/wp\/v2\/types\/post"}],"author":[{"embeddable":true,"href":"https:\/\/noticiasveraces.com\/index.php?rest_route=\/wp\/v2\/users\/1"}],"replies":[{"embeddable":true,"href":"https:\/\/noticiasveraces.com\/index.php?rest_route=%2Fwp%2Fv2%2Fcomments&post=29459"}],"version-history":[{"count":0,"href":"https:\/\/noticiasveraces.com\/index.php?rest_route=\/wp\/v2\/posts\/29459\/revisions"}],"wp:featuredmedia":[{"embeddable":true,"href":"https:\/\/noticiasveraces.com\/index.php?rest_route=\/wp\/v2\/media\/29460"}],"wp:attachment":[{"href":"https:\/\/noticiasveraces.com\/index.php?rest_route=%2Fwp%2Fv2%2Fmedia&parent=29459"}],"wp:term":[{"taxonomy":"category","embeddable":true,"href":"https:\/\/noticiasveraces.com\/index.php?rest_route=%2Fwp%2Fv2%2Fcategories&post=29459"},{"taxonomy":"post_tag","embeddable":true,"href":"https:\/\/noticiasveraces.com\/index.php?rest_route=%2Fwp%2Fv2%2Ftags&post=29459"}],"curies":[{"name":"wp","href":"https:\/\/api.w.org\/{rel}","templated":true}]}}