{"id":29447,"date":"2025-05-30T05:52:51","date_gmt":"2025-05-30T09:52:51","guid":{"rendered":"https:\/\/noticiasveraces.com\/?p=29447"},"modified":"2025-05-30T05:52:51","modified_gmt":"2025-05-30T09:52:51","slug":"un-hombre-mata-a-su-hija-de-13-anos-y-despues-se-suicida-en-bilbao-sociedad","status":"publish","type":"post","link":"https:\/\/noticiasveraces.com\/?p=29447","title":{"rendered":"Un hombre mata a su hija de 13 a\u00f1os y despu\u00e9s se suicida en Bilbao | Sociedad"},"content":{"rendered":"<p> \n<br \/><img decoding=\"async\" src=\"https:\/\/imagenes.elpais.com\/resizer\/v2\/G7KI52JWNELPKC6WT3IMD2TZR4.jpg?auth=ee08156a2d0b50e79f5a61785410e5807403982a0f52e907b4be83cc3aafbb8b\" \/><\/p>\n<div data-dtm-region=\"articulo_cuerpo\">\n<p class=\"\">La Ertzaintza investiga el asesinato de un padre a su hija de 13 a\u00f1os y el posterior suicidio del agresor, esta pasada madrugada en Bilbao. Un crimen por violencia vicaria machista que ha confirmado el Departamento de Seguridad del Gobierno vasco y la Delegaci\u00f3n del Gobierno contra la violencia machista ha informado ya que est\u00e1n recabando datos del crimen. La madre de la menor, que ha sido quien ha dado aviso a la polic\u00eda, ha sido trasladada a un hospital para atender las heridas que presentaba. <\/p>\n<p class=\"\">La Polic\u00eda Municipal de Bilbao ha dado el aviso a la Ertzaintza a las 5.08 horas de esta madrugada, tras tener conocimiento de que una mujer herida necesitaba ayuda tras haber salido de un domicilio en el barrio de Errekalde, donde se estaba registrando un grave incidente de violencia machista. Al parecer, su pareja y la hija de ambos permanec\u00edan en la vivienda, ha informado la polic\u00eda auton\u00f3mica.<\/p>\n<p class=\"\">Agentes de la Polic\u00eda Municipal han socorrido a la v\u00edctima y se han dirigido al domicilio donde ha ocurrido la agresi\u00f3n y han localizado a las dos personas fallecidas, tanto la ni\u00f1a como el hombre, en el interior de la vivienda. Los guardias han encontrado los dos cad\u00e1veres, que presentaban signos de violencia supuestamente por arma blanca. La mujer herida ha sido trasladada al Hospital de Basurto. <\/p>\n<div id=\"sum_twitter\" data-oembed-type=\"twitter\" class=\"a_em _df\">\n<blockquote class=\"twitter-tweet\">\n<p lang=\"es\" dir=\"ltr\">\u26a0\ufe0f Estamos recabando datos del asesinato por presunta <a href=\"https:\/\/twitter.com\/hashtag\/ViolenciaVicaria?src=hash&amp;ref_src=twsrc%5Etfw\">#Violenciavicaria<\/a> de una menor en la provincia de Vizcaya.  <a href=\"https:\/\/twitter.com\/hashtag\/NiUnaMenos?src=hash&amp;ref_src=twsrc%5Etfw\">#NiUnaMenos<\/a><\/p>\n<p>\u2014 Delegaci\u00f3n del Gob. contra la Violencia de G\u00e9nero (@DelGobVG) <a href=\"https:\/\/twitter.com\/DelGobVG\/status\/1928370105907314815?ref_src=twsrc%5Etfw\">30 de mayo de 2025<\/a><\/p><\/blockquote>\n<\/div>\n<p class=\"\">La Ertzaintza se ha hecho cargo de la investigaci\u00f3n y ha preservado el lugar de los hechos, donde se realizar\u00e1 la inspecci\u00f3n ocular por parte de las secciones especializadas.<\/p>\n<p class=\"\">Tras conocerse lo ocurrido, el lehendakari, Imanol Pradales, ha condenado el \u201cterrible asesinato\u201d de la menor y expresado su solidaridad a la familia. En un acto celebrado en Vitoria, ha afirmado que \u201ctodo apunta a un caso de violencia vicaria, que es la expresi\u00f3n m\u00e1s terrible de la violencia machista\u201d. Tambi\u00e9n ha anunciado que la Ertzaintza realizar\u00e1 una \u201cinvestigaci\u00f3n rigurosa y respetuosa\u201d. <\/p>\n<p class=\"\">La menor de este viernes es la segunda v\u00edctima mortal por violencia vicaria machista en lo que va de a\u00f1o; y desde el inicio de esta estad\u00edstica en 2013, 63 menores han sido asesinados por sus padres o las parejas de sus madres por esta violencia. Y en lo que va de a\u00f1o, 12<b> <\/b>mujeres han sido asesinadas por sus parejas o exparejas; 1.306 desde que arranc\u00f3 la estad\u00edstica oficial, en 2003. <\/p>\n<p class=\"\"><i>El tel\u00e9fono 016 atiende a las v\u00edctimas de violencia machista, a sus familias y a su entorno las 24 horas del d\u00eda, todos los d\u00edas del a\u00f1o, en 53 idiomas diferentes. El n\u00famero no queda registrado en la factura telef\u00f3nica, pero hay que borrar la llamada del dispositivo. Tambi\u00e9n se puede contactar a trav\u00e9s del correo electr\u00f3nico <\/i><i>016-online@igualdad.gob.es<\/i><i>  y por WhatsApp en el n\u00famero 600 000 016. Los menores pueden dirigirse al tel\u00e9fono de la Fundaci\u00f3n ANAR 900 20 20 10. Si es una situaci\u00f3n de emergencia, se puede llamar al 112 o a los tel\u00e9fonos de la Polic\u00eda Nacional (091) y de la Guardia Civil (062). Y en caso de no poder llamar, se puede recurrir a la aplicaci\u00f3n ALERTCOPS, desde la que se env\u00eda una se\u00f1al de alerta a la Polic\u00eda con geolocalizaci\u00f3n.<\/i><\/p>\n<\/div>\n<p><script async src=\"https:\/\/platform.twitter.com\/widgets.js\" charset=\"utf-8\"><\/script><br \/>\n<br \/>\n","protected":false},"excerpt":{"rendered":"<p>La Ertzaintza investiga el asesinato de un padre a su hija de 13 a\u00f1os y el posterior suicidio del agresor, esta pasada madrugada en Bilbao. Un crimen por violencia vicaria machista que ha confirmado el Departamento de Seguridad del Gobierno vasco y la Delegaci\u00f3n del Gobierno contra la violencia machista ha informado ya que est\u00e1n &hellip;<\/p>\n","protected":false},"author":1,"featured_media":29449,"comment_status":"open","ping_status":"open","sticky":false,"template":"","format":"standard","meta":{"fifu_image_url":"https:\/\/imagenes.elpais.com\/resizer\/v2\/G7KI52JWNELPKC6WT3IMD2TZR4.jpg?auth=ee08156a2d0b50e79f5a61785410e5807403982a0f52e907b4be83cc3aafbb8b&width=1200","fifu_image_alt":"","footnotes":""},"categories":[11],"tags":[],"class_list":["post-29447","post","type-post","status-publish","format-standard","has-post-thumbnail","","category-viaje"],"_links":{"self":[{"href":"https:\/\/noticiasveraces.com\/index.php?rest_route=\/wp\/v2\/posts\/29447","targetHints":{"allow":["GET"]}}],"collection":[{"href":"https:\/\/noticiasveraces.com\/index.php?rest_route=\/wp\/v2\/posts"}],"about":[{"href":"https:\/\/noticiasveraces.com\/index.php?rest_route=\/wp\/v2\/types\/post"}],"author":[{"embeddable":true,"href":"https:\/\/noticiasveraces.com\/index.php?rest_route=\/wp\/v2\/users\/1"}],"replies":[{"embeddable":true,"href":"https:\/\/noticiasveraces.com\/index.php?rest_route=%2Fwp%2Fv2%2Fcomments&post=29447"}],"version-history":[{"count":0,"href":"https:\/\/noticiasveraces.com\/index.php?rest_route=\/wp\/v2\/posts\/29447\/revisions"}],"wp:featuredmedia":[{"embeddable":true,"href":"https:\/\/noticiasveraces.com\/index.php?rest_route=\/wp\/v2\/media\/29449"}],"wp:attachment":[{"href":"https:\/\/noticiasveraces.com\/index.php?rest_route=%2Fwp%2Fv2%2Fmedia&parent=29447"}],"wp:term":[{"taxonomy":"category","embeddable":true,"href":"https:\/\/noticiasveraces.com\/index.php?rest_route=%2Fwp%2Fv2%2Fcategories&post=29447"},{"taxonomy":"post_tag","embeddable":true,"href":"https:\/\/noticiasveraces.com\/index.php?rest_route=%2Fwp%2Fv2%2Ftags&post=29447"}],"curies":[{"name":"wp","href":"https:\/\/api.w.org\/{rel}","templated":true}]}}