{"id":29443,"date":"2025-05-30T03:53:31","date_gmt":"2025-05-30T07:53:31","guid":{"rendered":"https:\/\/noticiasveraces.com\/?p=29443"},"modified":"2025-05-30T03:53:31","modified_gmt":"2025-05-30T07:53:31","slug":"europa-deberia-endurecer-su-postura-hacia-israel-dw-30-05-2025","status":"publish","type":"post","link":"https:\/\/noticiasveraces.com\/?p=29443","title":{"rendered":"Europa deber\u00eda \u201cendurecer\u201d su postura hacia Israel \u2013 DW \u2013 30\/05\/2025"},"content":{"rendered":"<p> \n<\/p>\n<div>\n<p>El presidente de Francia, Emmanuel Macron, de visita en Singapur, dijo este viernes (30.05.2025) que los pa\u00edses de la Uni\u00f3n Europea deber\u00edan \u00abendurecer\u00bb su postura hacia Israel si no mejora la situaci\u00f3n humanitaria en la Franja de Gaza. Asimismo, sostuvo que la decisi\u00f3n de sancionar o no a Rusia si rechaza un alto al fuego con Ucrania es un \u00abtest de credibilidad\u00bb para los Estados Unidos de Donald Trump.<\/p>\n<p>El mandatario afirm\u00f3 que la UE deber\u00e1 \u00abaplicar\u00bb sus reglas contra Israel \u00absi no hay una respuesta a la altura de la situaci\u00f3n humanitaria en las pr\u00f3ximas horas y d\u00edas\u00bb en el territorio palestino. Macron plante\u00f3 como posibles medidas el fin del acuerdo de asociaci\u00f3n entre la UE e Israel, que el bloque comunitario ya puso en revisi\u00f3n, o \u00abaplicar sanciones\u00bb.<\/p>\n<p>\u00abTenemos que endurecer nuestra posici\u00f3n porque hoy en d\u00eda es una necesidad, pero todav\u00eda tengo la esperanza de que el gobierno de Israel cambiar\u00e1 la suya y tendremos por fin una respuesta humanitaria\u00bb, agreg\u00f3. Macron dijo que reconocer al Estado palestino no es \u00absolo un deber moral, sino una exigencia pol\u00edtica\u00bb, pero tambi\u00e9n enumer\u00f3 algunas condiciones para hacerlo, como la liberaci\u00f3n de los rehenes israel\u00edes.<\/p>\n<h2>\u00abEstamos preparados\u201d<\/h2>\n<p>El presidente franc\u00e9s, quien ha hecho comentarios en la misma l\u00ednea en su viaje por el sudeste asi\u00e1tico, incluyendo en Indonesia, pa\u00eds de mayor\u00eda musulmana muy firme en su defensa del pueblo palestino, fue secundado por el primer ministro de Singapur, Lawrence Wong, quien sostuvo que las acciones de Israel en los territorios palestinos est\u00e1n causando \u00abun desastre humanitario\u00bb que resulta \u00abinaceptable\u00bb.<\/p>\n<p>Macron tambi\u00e9n envi\u00f3 un mensaje a Estados Unidos respecto a su postura frente a Rusia. El mandatario se\u00f1al\u00f3 que si Mosc\u00fa no est\u00e1 listo \u00abpara hacer la paz\u201d, Washington debe confirmar su \u00abcompromiso\u00bb de imponer sanciones. \u00abEs un test de credibilidad para los estadounidenses\u00bb, declar\u00f3. \u00abHabl\u00e9 hace 48 horas con el presidente Trump, que hizo notar su impaciencia. La pregunta ahora es: \u00bfqu\u00e9 hacemos? Nosotros estamos preparados\u00bb, a\u00f1adi\u00f3.<\/p>\n<p>DZC (AFP, Efe)<\/p>\n<\/div>\n\n","protected":false},"excerpt":{"rendered":"<p>El presidente de Francia, Emmanuel Macron, de visita en Singapur, dijo este viernes (30.05.2025) que los pa\u00edses de la Uni\u00f3n Europea deber\u00edan \u00abendurecer\u00bb su postura hacia Israel si no mejora la situaci\u00f3n humanitaria en la Franja de Gaza. Asimismo, sostuvo que la decisi\u00f3n de sancionar o no a Rusia si rechaza un alto al fuego &hellip;<\/p>\n","protected":false},"author":1,"featured_media":29444,"comment_status":"open","ping_status":"open","sticky":false,"template":"","format":"standard","meta":{"fifu_image_url":"https:\/\/static.dw.com\/image\/72671889_6.jpg","fifu_image_alt":"","footnotes":""},"categories":[13],"tags":[],"class_list":["post-29443","post","type-post","status-publish","format-standard","has-post-thumbnail","","category-mundo"],"_links":{"self":[{"href":"https:\/\/noticiasveraces.com\/index.php?rest_route=\/wp\/v2\/posts\/29443","targetHints":{"allow":["GET"]}}],"collection":[{"href":"https:\/\/noticiasveraces.com\/index.php?rest_route=\/wp\/v2\/posts"}],"about":[{"href":"https:\/\/noticiasveraces.com\/index.php?rest_route=\/wp\/v2\/types\/post"}],"author":[{"embeddable":true,"href":"https:\/\/noticiasveraces.com\/index.php?rest_route=\/wp\/v2\/users\/1"}],"replies":[{"embeddable":true,"href":"https:\/\/noticiasveraces.com\/index.php?rest_route=%2Fwp%2Fv2%2Fcomments&post=29443"}],"version-history":[{"count":0,"href":"https:\/\/noticiasveraces.com\/index.php?rest_route=\/wp\/v2\/posts\/29443\/revisions"}],"wp:featuredmedia":[{"embeddable":true,"href":"https:\/\/noticiasveraces.com\/index.php?rest_route=\/wp\/v2\/media\/29444"}],"wp:attachment":[{"href":"https:\/\/noticiasveraces.com\/index.php?rest_route=%2Fwp%2Fv2%2Fmedia&parent=29443"}],"wp:term":[{"taxonomy":"category","embeddable":true,"href":"https:\/\/noticiasveraces.com\/index.php?rest_route=%2Fwp%2Fv2%2Fcategories&post=29443"},{"taxonomy":"post_tag","embeddable":true,"href":"https:\/\/noticiasveraces.com\/index.php?rest_route=%2Fwp%2Fv2%2Ftags&post=29443"}],"curies":[{"name":"wp","href":"https:\/\/api.w.org\/{rel}","templated":true}]}}