{"id":29437,"date":"2025-05-30T03:05:13","date_gmt":"2025-05-30T07:05:13","guid":{"rendered":"https:\/\/noticiasveraces.com\/?p=29437"},"modified":"2025-05-30T03:05:13","modified_gmt":"2025-05-30T07:05:13","slug":"el-anuncio-de-brian-may-deja-a-los-fanaticos-de-la-reina-llorando-mientras-se-apresuran-a-apoyarlo-noticias-de-celebridades-showbiz-tv","status":"publish","type":"post","link":"https:\/\/noticiasveraces.com\/?p=29437","title":{"rendered":"El anuncio de Brian May deja a los fan\u00e1ticos de la reina llorando mientras se apresuran a apoyarlo | Noticias de celebridades | Showbiz &#038; TV"},"content":{"rendered":"<p> \n<\/p>\n<div>\n<p>Brian May y Roger Taylor recibieron el premio de m\u00fasica polar 2025 en una ceremonia de gala celebrada en Suecia el martes (27 de mayo). Los rockeros queen fueron reconocidos por la totalidad de su carrera en la Gala del Premio de M\u00fasica Polar en el Grand Hotel en Estocolmo. Brian, de 77 a\u00f1os, emiti\u00f3 un mensaje emocional en el escenario, dici\u00e9ndole a la audiencia: \u00abEn este momento especial, contemplo c\u00f3mo ese joven Brian puede en 1974 si supiera que sabr\u00edamos este tipo de sue\u00f1o 50 a\u00f1os en el futuro\u00bb. <\/p>\n<p>Roger, de 75 a\u00f1os, dijo: \u00abCuando comenzamos nuestra banda &#8230; ten\u00edamos ambiciones, pero nunca so\u00f1amos con el viaje que segu\u00eda.<\/p>\n<\/div>\n<div>\n<p>A\u00f1adi\u00f3: \u00abDe hecho, una verdadera compa\u00f1\u00eda ol\u00edmpica. Estamos muy orgullosos de ser los destinatarios de este premio incre\u00edblemente prestigioso\u00bb. Brian comparti\u00f3 una imagen del d\u00fao que recogi\u00f3 su premio en el escenario, junto con la leyenda: \u00abRog y yo esta noche en Estocolmo !!! Muchas gracias a los Premios Polar\u00bb.<\/p>\n<p>Los fan\u00e1ticos emocionales inundaron los comentarios con mensajes de apoyo, con una escritura: \u00ab\u00a1Felicitaciones! Tus discursos fueron muy conmovedores. Puede que haya llorado. \u00a1Los amo mucho!\u00bb<\/p>\n<p>Otro brotado: \u00ab\u00a1Todos vimos con ojos llorosos y estamos tan felices de que hayas recibido este honor y reconocimiento! Gracias por los discursos sinceros, y gracias por mantener a Queen viva y respirar, \u00a1significa que el mundo los extra\u00f1\u00e9 juntos, y Adam fue la guinda del pastel!\u00bb<\/p>\n<p>\u00ab\u00a1Felicitaciones! \u00a1Te lo mereces mucho\u00bb, agreg\u00f3 un tercero cuando alguien m\u00e1s hizo eco: \u00abVi tus discursos de aceptaci\u00f3n y fueron excelentes, a pesar de que me hiciste l\u00e1grimas cuando estabas hablando de tu querido padre Bri. Bien hecho y grandes felicitaciones!\u00bb<\/p>\n<\/div>\n<div>\n<p>Queen fue formada en 1970 por Brian y Roger junto a Freddy Mercury. El tr\u00edo se uni\u00f3 m\u00e1s tarde John Deacon y se convirti\u00f3 en una de las bandas m\u00e1s exitosas de la historia. <\/p>\n<p>La banda recientemente lleg\u00f3 a los titulares, ya que se revel\u00f3 al ex l\u00edder Freddie, quien muri\u00f3 en 1991, engendr\u00f3 en secreto a un ni\u00f1o. Su hija ha sido oculta al p\u00fablico durante 48 a\u00f1os, pero los resultados de ADN demuestran que ella es la ni\u00f1a biol\u00f3gica de la estrella de rock. <\/p>\n<p>El bi\u00f3grafo Lesley-Ann Jones confirm\u00f3 la bomba, afirmando que \u00abse obtuvo la verificaci\u00f3n necesaria\u00bb en medio del escepticismo de los fan\u00e1ticos sobre la autenticidad del reclamo.<\/p>\n<p>Muy pocos, incluida su familia cercana, sus compa\u00f1eros de banda queen y la ex compa\u00f1era Mary Austin, estaban al tanto de su hija, que se mantuvo fuera del ojo p\u00fablico.<\/p>\n<\/div>\n\n","protected":false},"excerpt":{"rendered":"<p>Brian May y Roger Taylor recibieron el premio de m\u00fasica polar 2025 en una ceremonia de gala celebrada en Suecia el martes (27 de mayo). Los rockeros queen fueron reconocidos por la totalidad de su carrera en la Gala del Premio de M\u00fasica Polar en el Grand Hotel en Estocolmo. Brian, de 77 a\u00f1os, emiti\u00f3 &hellip;<\/p>\n","protected":false},"author":1,"featured_media":29438,"comment_status":"open","ping_status":"open","sticky":false,"template":"","format":"standard","meta":{"fifu_image_url":"https:\/\/cdn.images.express.co.uk\/img\/dynamic\/79\/1200x630\/6192396.jpg","fifu_image_alt":"","footnotes":""},"categories":[766],"tags":[],"class_list":["post-29437","post","type-post","status-publish","format-standard","has-post-thumbnail","","category-musica"],"_links":{"self":[{"href":"https:\/\/noticiasveraces.com\/index.php?rest_route=\/wp\/v2\/posts\/29437","targetHints":{"allow":["GET"]}}],"collection":[{"href":"https:\/\/noticiasveraces.com\/index.php?rest_route=\/wp\/v2\/posts"}],"about":[{"href":"https:\/\/noticiasveraces.com\/index.php?rest_route=\/wp\/v2\/types\/post"}],"author":[{"embeddable":true,"href":"https:\/\/noticiasveraces.com\/index.php?rest_route=\/wp\/v2\/users\/1"}],"replies":[{"embeddable":true,"href":"https:\/\/noticiasveraces.com\/index.php?rest_route=%2Fwp%2Fv2%2Fcomments&post=29437"}],"version-history":[{"count":0,"href":"https:\/\/noticiasveraces.com\/index.php?rest_route=\/wp\/v2\/posts\/29437\/revisions"}],"wp:featuredmedia":[{"embeddable":true,"href":"https:\/\/noticiasveraces.com\/index.php?rest_route=\/wp\/v2\/media\/29438"}],"wp:attachment":[{"href":"https:\/\/noticiasveraces.com\/index.php?rest_route=%2Fwp%2Fv2%2Fmedia&parent=29437"}],"wp:term":[{"taxonomy":"category","embeddable":true,"href":"https:\/\/noticiasveraces.com\/index.php?rest_route=%2Fwp%2Fv2%2Fcategories&post=29437"},{"taxonomy":"post_tag","embeddable":true,"href":"https:\/\/noticiasveraces.com\/index.php?rest_route=%2Fwp%2Fv2%2Ftags&post=29437"}],"curies":[{"name":"wp","href":"https:\/\/api.w.org\/{rel}","templated":true}]}}