{"id":29418,"date":"2025-05-30T01:04:26","date_gmt":"2025-05-30T05:04:26","guid":{"rendered":"https:\/\/noticiasveraces.com\/?p=29418"},"modified":"2025-05-30T01:04:26","modified_gmt":"2025-05-30T05:04:26","slug":"estrella-poso-con-camiseta-de-colombia-y-dejo-mensaje-a-dos-referentes","status":"publish","type":"post","link":"https:\/\/noticiasveraces.com\/?p=29418","title":{"rendered":"Estrella pos\u00f3 con camiseta de Colombia y dej\u00f3 mensaje a dos referentes"},"content":{"rendered":"<p> \n<br \/><img decoding=\"async\" src=\"https:\/\/www.futbolred.com\/files\/article_graphic\/uploads\/2024\/11\/19\/673d38cf275e7.jpeg\" \/><\/p>\n<header>\n<h3>\n<p>                Curiosidades de f\u00fatbol<br \/>\n            <\/h3>\n<h1>\n<p>            Estrella pos\u00f3 con camiseta de Colombia y dej\u00f3 mensaje a dos referentes<br \/>\n        <\/h1>\n<address>\n            <a>Andres Rocha Florez<br \/>\n        <\/address>\n<p>            29 de mayo 2025 , 02:31 p.\u00a0m.<\/p>\n<\/header>\n<p>El mensaje de la figura gener\u00f3 revuelo en el f\u00fatbol colombiano. \u00bfVendr\u00e1 al pa\u00eds?<\/p>\n<p>Mientras Colombia y gran parte de las selecciones se preparan para la fecha FIFA, algunos jugadores pasan vacaciones y esperan con ansias una nueva temporada en la que puedan aportar su talento, siendo Paul Pogba uno de ellos.<\/p>\n<p>El reconocido futbolista franc\u00e9s y quien fue figura de Juventus, sorprendi\u00f3 al f\u00fatbol colombiano al posar con la camiseta de la Selecci\u00f3n Colombia en sus redes sociales, pero eso no es todo, pues tambi\u00e9n etiquet\u00f3 a dos figuras del balompi\u00e9 cafetero.<\/p>\n<p>En una historiad de Instagram, Pogba le dej\u00f3 una etiqueta a Juan Fernando Quintero, actual figura del Am\u00e9rica de Cali y Juan Guillermo Cuadrado, quien comparti\u00f3 con el franc\u00e9s en Juventus, as\u00ed que eso ha generado revuelo.<\/p>\n<p>Por ahora, se desconoce la raz\u00f3n por la que Paul Pogba envi\u00f3 ese gui\u00f1o a Colombia y habr\u00e1 que esperar si no se trata de una visita del franc\u00e9s a tierras cafeteras, pues cabe mencionar que se encuentra como jugador libre, situaci\u00f3n en la que se encuentra desde el 2024.<\/p>\n\n","protected":false},"excerpt":{"rendered":"<p>Curiosidades de f\u00fatbol Estrella pos\u00f3 con camiseta de Colombia y dej\u00f3 mensaje a dos referentes Andres Rocha Florez 29 de mayo 2025 , 02:31 p.\u00a0m. El mensaje de la figura gener\u00f3 revuelo en el f\u00fatbol colombiano. \u00bfVendr\u00e1 al pa\u00eds? Mientras Colombia y gran parte de las selecciones se preparan para la fecha FIFA, algunos jugadores &hellip;<\/p>\n","protected":false},"author":1,"featured_media":29420,"comment_status":"open","ping_status":"open","sticky":false,"template":"","format":"standard","meta":{"fifu_image_url":"https:\/\/www.futbolred.com\/files\/og_thumbnail\/uploads\/2024\/11\/19\/673d38cf275e7.jpeg","fifu_image_alt":"","footnotes":""},"categories":[6],"tags":[],"class_list":["post-29418","post","type-post","status-publish","format-standard","has-post-thumbnail","","category-deportes"],"_links":{"self":[{"href":"https:\/\/noticiasveraces.com\/index.php?rest_route=\/wp\/v2\/posts\/29418","targetHints":{"allow":["GET"]}}],"collection":[{"href":"https:\/\/noticiasveraces.com\/index.php?rest_route=\/wp\/v2\/posts"}],"about":[{"href":"https:\/\/noticiasveraces.com\/index.php?rest_route=\/wp\/v2\/types\/post"}],"author":[{"embeddable":true,"href":"https:\/\/noticiasveraces.com\/index.php?rest_route=\/wp\/v2\/users\/1"}],"replies":[{"embeddable":true,"href":"https:\/\/noticiasveraces.com\/index.php?rest_route=%2Fwp%2Fv2%2Fcomments&post=29418"}],"version-history":[{"count":0,"href":"https:\/\/noticiasveraces.com\/index.php?rest_route=\/wp\/v2\/posts\/29418\/revisions"}],"wp:featuredmedia":[{"embeddable":true,"href":"https:\/\/noticiasveraces.com\/index.php?rest_route=\/wp\/v2\/media\/29420"}],"wp:attachment":[{"href":"https:\/\/noticiasveraces.com\/index.php?rest_route=%2Fwp%2Fv2%2Fmedia&parent=29418"}],"wp:term":[{"taxonomy":"category","embeddable":true,"href":"https:\/\/noticiasveraces.com\/index.php?rest_route=%2Fwp%2Fv2%2Fcategories&post=29418"},{"taxonomy":"post_tag","embeddable":true,"href":"https:\/\/noticiasveraces.com\/index.php?rest_route=%2Fwp%2Fv2%2Ftags&post=29418"}],"curies":[{"name":"wp","href":"https:\/\/api.w.org\/{rel}","templated":true}]}}