{"id":29411,"date":"2025-05-29T23:47:20","date_gmt":"2025-05-30T03:47:20","guid":{"rendered":"https:\/\/noticiasveraces.com\/?p=29411"},"modified":"2025-05-29T23:47:20","modified_gmt":"2025-05-30T03:47:20","slug":"luis-montenegro-reelegido-primer-ministro-de-portugal-dw-30-05-2025","status":"publish","type":"post","link":"https:\/\/noticiasveraces.com\/?p=29411","title":{"rendered":"Luis Montenegro reelegido primer ministro de Portugal \u2013 DW \u2013 30\/05\/2025"},"content":{"rendered":"<p> \n<\/p>\n<div>\n<p>Luis Montenegro, l\u00edder del partido de centroderecha Alianza Democr\u00e1tica, ganador de las legislativas anticipadas del 18 de mayo, fue reelegido el jueves (29.05.2025) como primer ministro de Portugal.<\/p>\n<p>El primer ministro, que se sucede a s\u00ed mismo, tendr\u00e1 que negociar con la formaci\u00f3n de extrema derecha Chega, ahora la principal fuerza de oposici\u00f3n del pa\u00eds.<\/p>\n<p>\u00abPrevia consulta con los partidos pol\u00edticos\u00bb y \u00abuna vez asegurada la posibilidad de apoyo parlamentario al nuevo ejecutivo, el presidente nombr\u00f3 al se\u00f1or Luis Montenegro para el cargo de primer ministro\u00bb, anunci\u00f3 la presidencia de la Rep\u00fablica en su web.<\/p>\n<p>El presidente de Portugal, Marcelo Rebelo de Sousa, hizo el anuncio tras haberse reunido este jueves por separado con Montenegro y con los l\u00edderes de los otros dos partidos principales, los presidentes del Partido Socialista (PS), Carlos C\u00e9sar, y Andr\u00e9 Ventura, de Chega.<\/p>\n<p>\u00abA la luz de los resultados de las elecciones a la Asamblea de la Rep\u00fablica, tras escuchar a los partidos pol\u00edticos representados en ella, de conformidad con los t\u00e9rminos constitucionales, y tras asegurar la viabilidad parlamentaria del nuevo Ejecutivo, el presidente de la Rep\u00fablica nombr\u00f3 hoy al Dr. Lu\u00eds Montenegro, primer ministro del 25.\u00ba Gobierno Constitucional\u00bb, reza la nota.<\/p>\n<p><span data-slot-id=\"Article_InContent-1\" class=\"rich-text-ad\"\/><\/p>\n<h2>Chega, segunda fuerza pol\u00edtica<\/h2>\n<p>Chega se convirti\u00f3 oficialmente en la segunda fuerza pol\u00edtica de Portugal, al superar al Partido Socialista en las legislativas anticipadas del 18 de mayo gracias a los votos desde el extranjero, seg\u00fan resultados definitivos publicados el mi\u00e9rcoles.<\/p>\n<p>El partido de Ventura hab\u00eda quedado empatado a 58 esca\u00f1os con los socialistas en el recuento provisional, pero gan\u00f3 en dos de las cuatro circunscripciones en el extranjero, cuyos resultados todav\u00eda no se conoc\u00edan.<\/p>\n<p>As\u00ed, Chega (que significa \u00abBasta\u00bb en portugu\u00e9s), obtuvo 22,76% de los votos y 60 esca\u00f1os en las legislativas, ganadas por la Alianza Democr\u00e1tica (AD, centroderecha) de Montenegro.<\/p>\n<h2>Tras un gobierno de minor\u00eda<\/h2>\n<p>Esta alianza de centroderecha se impuso en las otras dos circunscripciones en el extranjero, alcanzando un total de 91 de 230 esca\u00f1os, lejos de los 116 necesarios para formar un gobierno.<\/p>\n<p>\u00abEs una gran victoria\u00bb, dijo el fundador y l\u00edder del partido, Andr\u00e9 Ventura. \u00abMarca un profundo cambio en el sistema pol\u00edtico portugu\u00e9s\u00bb, celebr\u00f3.<\/p>\n<p>Con los resultados ya publicados, Montenegro intentar\u00e1 formar un gobierno en minor\u00eda. El primer ministro asegur\u00f3 que no cooperar\u00e1 con Chega, aunque Ventura lo inst\u00f3 a \u00abromper\u00bb con los socialistas.<\/p>\n<p>La formaci\u00f3n ganadora de los comicios\u00a0propone pol\u00edticas como aplicar la castraci\u00f3n qu\u00edmica a los pederastas, limitar el acceso de los reci\u00e9n llegados a los beneficios del Estado de bienestar o imponer controles m\u00e1s estrictos a la migraci\u00f3n.<\/p>\n<p>JC (AFP, Efe)     <\/p>\n<\/p>\n<\/div>\n\n","protected":false},"excerpt":{"rendered":"<p>Luis Montenegro, l\u00edder del partido de centroderecha Alianza Democr\u00e1tica, ganador de las legislativas anticipadas del 18 de mayo, fue reelegido el jueves (29.05.2025) como primer ministro de Portugal. El primer ministro, que se sucede a s\u00ed mismo, tendr\u00e1 que negociar con la formaci\u00f3n de extrema derecha Chega, ahora la principal fuerza de oposici\u00f3n del pa\u00eds. &hellip;<\/p>\n","protected":false},"author":1,"featured_media":29412,"comment_status":"open","ping_status":"open","sticky":false,"template":"","format":"standard","meta":{"fifu_image_url":"https:\/\/static.dw.com\/image\/72585985_6.jpg","fifu_image_alt":"","footnotes":""},"categories":[13],"tags":[],"class_list":["post-29411","post","type-post","status-publish","format-standard","has-post-thumbnail","","category-mundo"],"_links":{"self":[{"href":"https:\/\/noticiasveraces.com\/index.php?rest_route=\/wp\/v2\/posts\/29411","targetHints":{"allow":["GET"]}}],"collection":[{"href":"https:\/\/noticiasveraces.com\/index.php?rest_route=\/wp\/v2\/posts"}],"about":[{"href":"https:\/\/noticiasveraces.com\/index.php?rest_route=\/wp\/v2\/types\/post"}],"author":[{"embeddable":true,"href":"https:\/\/noticiasveraces.com\/index.php?rest_route=\/wp\/v2\/users\/1"}],"replies":[{"embeddable":true,"href":"https:\/\/noticiasveraces.com\/index.php?rest_route=%2Fwp%2Fv2%2Fcomments&post=29411"}],"version-history":[{"count":0,"href":"https:\/\/noticiasveraces.com\/index.php?rest_route=\/wp\/v2\/posts\/29411\/revisions"}],"wp:featuredmedia":[{"embeddable":true,"href":"https:\/\/noticiasveraces.com\/index.php?rest_route=\/wp\/v2\/media\/29412"}],"wp:attachment":[{"href":"https:\/\/noticiasveraces.com\/index.php?rest_route=%2Fwp%2Fv2%2Fmedia&parent=29411"}],"wp:term":[{"taxonomy":"category","embeddable":true,"href":"https:\/\/noticiasveraces.com\/index.php?rest_route=%2Fwp%2Fv2%2Fcategories&post=29411"},{"taxonomy":"post_tag","embeddable":true,"href":"https:\/\/noticiasveraces.com\/index.php?rest_route=%2Fwp%2Fv2%2Ftags&post=29411"}],"curies":[{"name":"wp","href":"https:\/\/api.w.org\/{rel}","templated":true}]}}