{"id":29409,"date":"2025-05-29T22:46:23","date_gmt":"2025-05-30T02:46:23","guid":{"rendered":"https:\/\/noticiasveraces.com\/?p=29409"},"modified":"2025-05-29T22:46:23","modified_gmt":"2025-05-30T02:46:23","slug":"ei-reivindica-dos-ataques-contra-nuevas-autoridades-sirias-dw-30-05-2025","status":"publish","type":"post","link":"https:\/\/noticiasveraces.com\/?p=29409","title":{"rendered":"EI reivindica dos ataques contra nuevas autoridades sirias \u2013 DW \u2013 30\/05\/2025"},"content":{"rendered":"<p> \n<\/p>\n<div>\n<p>El grupo terrorista Estado Isl\u00e1mico (EI) reivindic\u00f3 el jueves (29.05.2025) sus primeros ataques contra las nuevas fuerzas de seguridad de Siria tras la ca\u00edda en diciembre del expresidente sirio Bashar al Asad, en dos acciones efectuadas con explosivos en la zona des\u00e9rtica de Al Sueida, en el sur del pa\u00eds \u00e1rabe.<\/p>\n<p>La organizaci\u00f3n dijo en dos comunicados que los ataques contra las fuerzas de seguridad \u00abdel r\u00e9gimen ap\u00f3stata sirio\u00bb ocurrieron el 28 y 22 de mayo en la zona de Tulul al Safa de Al Sueida, donde colocaron explosivos en veh\u00edculos de las nuevas fuerzas de seguridad de Damasco.<\/p>\n<p>Por su parte, el Observatorio Sirio de Derechos Humanos (OSDH) confirm\u00f3 la reivindicaci\u00f3n del EI y asegur\u00f3 que el grupo terrorista \u00abnunca antes se hab\u00eda atribuido directamente la responsabilidad\u00bb de un ataque contra las nuevas fuerzas de seguridad de Siria tras la ca\u00edda de Al Asad el pasado 8 de diciembre.<\/p>\n<h2>Presencia del EI en el desierto<\/h2>\n<p>El OSDH, una organizaci\u00f3n con sede en Reino Unido pero una vasta red de fuentes en Siria, asegura que una persona muri\u00f3 y tres soldados resultaron heridos por una mina detonada a distancia el mi\u00e9rcoles.\u00a0La v\u00edctima acompa\u00f1aba a las fuerzas sirias en una patrulla por una zona des\u00e9rtica, seg\u00fan esta organizaci\u00f3n.<\/p>\n<p>EI lleg\u00f3 a controlar amplias partes de Siria e Irak, pero fue derrotado territorialmente en Siria en 2019, por una fuerza liderada por kurdos y respaldada por una coalici\u00f3n internacional. Sin embargo, el grupo ha mantenido cierta presencia en el vasto desierto del pa\u00eds.<\/p>\n<p>Esta semana, las autoridades del pa\u00eds anunciaron el arresto de miembros de una c\u00e9lula del Estado Isl\u00e1mico cerca de Damasco y los acusaron de estar preparando ataques.<\/p>\n<p>Otra operaci\u00f3n gubernamental este mes en la ciudad de Alepo, en el norte, se sald\u00f3 con la muerte de un oficial de las fuerzas de seguridad y tres miembros del EI.<\/p>\n<p>El presidente estadounidense, Donald Trump, pidi\u00f3 a su par sirio, Ahmed al Sharaa, ayudarles a \u00abevitar el resurgimiento del EI\u00bb,\u00a0tras anunciar el levantamiento de sanciones a Damasco.<\/p>\n<p>GS (EFE, AFP)<\/p>\n<div class=\"vjs-wrapper embed big\">\n<h2 aria-label=\"Video integrado \u2014 Islamistas contra kurdos\" class=\"headline\"><svg xmlns=\"http:\/\/www.w3.org\/2000\/svg\" viewbox=\"0 0 20 20\"><g fill-rule=\"evenodd\"><path d=\"M14.114 7.599H13.5l.002 4.706h.601l4.582 3.25-.005-11.11zM11.084 4.444l-9.007.002-1.336.797.002 9.514 1.334.793 9.007.006 1.509-.799-.004-9.516z\"\/><\/g><\/svg>Islamistas contra kurdos<\/h2>\n<p><video id=\"video-71078967\" controls=\"\" playsinline=\"\" preload=\"none\" poster=\"data:image\/png;base64,iVBORw0KGgoAAAANSUhEUgAAAAEAAAABCAQAAAC1HAwCAAAAC0lEQVR42mNkYAAAAAYAAjCB0C8AAAAASUVORK5CYII=\" data-id=\"71078967\" data-posterurl=\"https:\/\/tvdownloaddw-a.akamaihd.net\/stills\/images\/js\/js20250102_KurdistanSirioDWANALIZA_image_512x288_3.jpg\" data-duration=\"04:03\"><source src=\"https:\/\/hlsvod.dw.com\/i\/dwtv_video\/flv\/js\/js20250102_KurdistanSirioDWANALIZA_,AVC_480x270,AVC_512x288,AVC_640x360,AVC_960x540,AVC_1280x720,AVC_1920x1080,.mp4.csmil\/master.m3u8\" type=\"application\/x-mpegURL\"><source src=\"https:\/\/tvdownloaddw-a.akamaihd.net\/dwtv_video\/flv\/js\/js20250102_KurdistanSirioDWANALIZA_AVC_1920x1080.mp4\" type=\"video\/mp4\"><p class=\"vjs-no-js\">Para ver este video, habilite JavaScript y considere actualizar a un navegador web que admite el video HTML5<\/p>\n<p><\/source><\/source><\/video><\/div>\n<\/div>\n\n","protected":false},"excerpt":{"rendered":"<p>El grupo terrorista Estado Isl\u00e1mico (EI) reivindic\u00f3 el jueves (29.05.2025) sus primeros ataques contra las nuevas fuerzas de seguridad de Siria tras la ca\u00edda en diciembre del expresidente sirio Bashar al Asad, en dos acciones efectuadas con explosivos en la zona des\u00e9rtica de Al Sueida, en el sur del pa\u00eds \u00e1rabe. La organizaci\u00f3n dijo en &hellip;<\/p>\n","protected":false},"author":1,"featured_media":29410,"comment_status":"open","ping_status":"open","sticky":false,"template":"","format":"standard","meta":{"fifu_image_url":"https:\/\/static.dw.com\/image\/71854202_6.jpg","fifu_image_alt":"","footnotes":""},"categories":[13],"tags":[],"class_list":["post-29409","post","type-post","status-publish","format-standard","has-post-thumbnail","","category-mundo"],"_links":{"self":[{"href":"https:\/\/noticiasveraces.com\/index.php?rest_route=\/wp\/v2\/posts\/29409","targetHints":{"allow":["GET"]}}],"collection":[{"href":"https:\/\/noticiasveraces.com\/index.php?rest_route=\/wp\/v2\/posts"}],"about":[{"href":"https:\/\/noticiasveraces.com\/index.php?rest_route=\/wp\/v2\/types\/post"}],"author":[{"embeddable":true,"href":"https:\/\/noticiasveraces.com\/index.php?rest_route=\/wp\/v2\/users\/1"}],"replies":[{"embeddable":true,"href":"https:\/\/noticiasveraces.com\/index.php?rest_route=%2Fwp%2Fv2%2Fcomments&post=29409"}],"version-history":[{"count":0,"href":"https:\/\/noticiasveraces.com\/index.php?rest_route=\/wp\/v2\/posts\/29409\/revisions"}],"wp:featuredmedia":[{"embeddable":true,"href":"https:\/\/noticiasveraces.com\/index.php?rest_route=\/wp\/v2\/media\/29410"}],"wp:attachment":[{"href":"https:\/\/noticiasveraces.com\/index.php?rest_route=%2Fwp%2Fv2%2Fmedia&parent=29409"}],"wp:term":[{"taxonomy":"category","embeddable":true,"href":"https:\/\/noticiasveraces.com\/index.php?rest_route=%2Fwp%2Fv2%2Fcategories&post=29409"},{"taxonomy":"post_tag","embeddable":true,"href":"https:\/\/noticiasveraces.com\/index.php?rest_route=%2Fwp%2Fv2%2Ftags&post=29409"}],"curies":[{"name":"wp","href":"https:\/\/api.w.org\/{rel}","templated":true}]}}