{"id":29403,"date":"2025-05-29T20:44:48","date_gmt":"2025-05-30T00:44:48","guid":{"rendered":"https:\/\/noticiasveraces.com\/?p=29403"},"modified":"2025-05-29T20:44:48","modified_gmt":"2025-05-30T00:44:48","slug":"francia-prohibe-fumar-en-muchos-espacios-publicos-al-aire-libre-a-partir-del-1-de-julio","status":"publish","type":"post","link":"https:\/\/noticiasveraces.com\/?p=29403","title":{"rendered":"Francia proh\u00edbe fumar en muchos espacios p\u00fablicos al aire libre a partir del 1 de julio"},"content":{"rendered":"<p> \n<\/p>\n<div>\n<p class=\"speakable\">El gobierno franc\u00e9s est\u00e1 tomando medidas en\u00e9rgicas contra los cigarrillos en p\u00fablico, anunciando una prohibici\u00f3n de fumar al aire libre que tiene como objetivo despejar el aire para la pr\u00f3xima generaci\u00f3n de parisinos (y todos los dem\u00e1s).<\/p>\n<p class=\"speakable\">A partir del 1 de julio, Francia prohibir\u00e1 fumar en una amplia gama de \u00e1reas p\u00fablicas al aire libre, que incluyen playas, parques p\u00fablicos, jardines, paradas de autob\u00fas, lugares deportivos y en cualquier lugar cerca de las escuelas, seg\u00fan informes de la BBC y Agence France-Presse (AFP).<\/p>\n<p>\u00abEl tabaco debe desaparecer donde hay ni\u00f1os\u00bb, dijo la ministra de Salud y Familia Catherine Vautrin a Ouest-France, un peri\u00f3dico franc\u00e9s regional, en una entrevista publicada el jueves.<\/p>\n<p><strong>El 21,000% de pico en las cr\u00edas de vape de ma arroja la prohibici\u00f3n de los cigarrillos, dice el ex funcionario de la ATF<\/strong><\/p>\n<div class=\"image-ct inline\">\n<div class=\"m\"><picture><source media=\"(max-width: 767px)\" srcset=\"https:\/\/a57.foxnews.com\/static.foxnews.com\/foxnews.com\/content\/uploads\/2025\/05\/343\/192\/gettyimages-2175277898.jpg?ve=1&amp;tl=1, https:\/\/a57.foxnews.com\/static.foxnews.com\/foxnews.com\/content\/uploads\/2025\/05\/686\/384\/gettyimages-2175277898.jpg?ve=1&amp;tl=1 2x\" height=\"192\" width=\"343\"><source media=\"(min-width: 768px) and (max-width: 1023px)\" srcset=\"https:\/\/a57.foxnews.com\/static.foxnews.com\/foxnews.com\/content\/uploads\/2025\/05\/672\/378\/gettyimages-2175277898.jpg?ve=1&amp;tl=1, https:\/\/a57.foxnews.com\/static.foxnews.com\/foxnews.com\/content\/uploads\/2025\/05\/1344\/756\/gettyimages-2175277898.jpg?ve=1&amp;tl=1 2x\" height=\"378\" width=\"672\"><source media=\"(min-width: 1024px) and (max-width: 1279px)\" srcset=\"https:\/\/a57.foxnews.com\/static.foxnews.com\/foxnews.com\/content\/uploads\/2025\/05\/931\/523\/gettyimages-2175277898.jpg?ve=1&amp;tl=1, https:\/\/a57.foxnews.com\/static.foxnews.com\/foxnews.com\/content\/uploads\/2025\/05\/1862\/1046\/gettyimages-2175277898.jpg?ve=1&amp;tl=1 2x\" height=\"523\" width=\"931\"><source media=\"(min-width: 1280px)\" srcset=\"https:\/\/a57.foxnews.com\/static.foxnews.com\/foxnews.com\/content\/uploads\/2025\/05\/720\/405\/gettyimages-2175277898.jpg?ve=1&amp;tl=1, https:\/\/a57.foxnews.com\/static.foxnews.com\/foxnews.com\/content\/uploads\/2025\/05\/1440\/810\/gettyimages-2175277898.jpg?ve=1&amp;tl=1 2x\" height=\"405\" width=\"720\"><img loading=\"lazy\" decoding=\"async\" src=\"https:\/\/a57.foxnews.com\/static.foxnews.com\/foxnews.com\/content\/uploads\/2025\/05\/1200\/675\/gettyimages-2175277898.jpg?ve=1&amp;tl=1\" alt=\"Un manifestante franc\u00e9s enciende un cigarrillo\" width=\"1200\" height=\"675\"\/><\/source><\/source><\/source><\/source><\/picture><\/div>\n<div class=\"info\">\n<div class=\"caption\">\n<p><span>Un manifestante enciende un cigarrillo durante una manifestaci\u00f3n organizada por sindicatos y organizaciones juveniles que piden la derogaci\u00f3n de una ley de pensiones y el aumento de los salarios en Toulouse, Francia, el 1 de octubre de 2024.<\/span> <span>(Pat Batard\/Hans Lucas a trav\u00e9s de AFP\/AFP a trav\u00e9s de Getty Images)<\/span><\/p>\n<\/div>\n<\/div>\n<\/div>\n<p>\u00abLa libertad de fumar debe terminar donde comienza la libertad de los ni\u00f1os para respirar aire fresco\u00bb.<\/p>\n<p>Seg\u00fan las nuevas reglas, la iluminaci\u00f3n en estas \u00e1reas designadas podr\u00eda ganar a los infractores una multa de hasta $ 153, seg\u00fan lo informado por AFP. La aplicaci\u00f3n ser\u00e1 manejada principalmente por la polic\u00eda regular, aunque Vautrin dijo que est\u00e1 contando con una dosis de \u00abautorregulaci\u00f3n\u00bb del p\u00fablico.<\/p>\n<p>Sin embargo, hay una talla para la cultura. Los ic\u00f3nicos \u00abterrazos\u00bb de Francia, las bulliciosas \u00e1reas de asientos de caf\u00e9 al aire libre, est\u00e1n exentos de la prohibici\u00f3n. <\/p>\n<p>Los fumadores a\u00fan pueden disfrutar de un cigarrillo con su espresso y croissant, siempre que est\u00e9n sentados en un caf\u00e9. La BBC confirm\u00f3 que estos espacios sociales, que son pr\u00e1cticamente una instituci\u00f3n nacional, no se ver\u00e1n afectados.<\/p>\n<p><strong>El proyecto de ley de Carolina del Sur prohibir\u00eda fumar dentro de los autos mientras los ni\u00f1os son pasajeros<\/strong><\/p>\n<div class=\"image-ct inline\">\n<div class=\"m\"><picture><source media=\"(max-width: 767px)\" srcset=\"https:\/\/a57.foxnews.com\/static.foxnews.com\/foxnews.com\/content\/uploads\/2025\/05\/343\/192\/gettyimages-2171278502.jpg?ve=1&amp;tl=1, https:\/\/a57.foxnews.com\/static.foxnews.com\/foxnews.com\/content\/uploads\/2025\/05\/686\/384\/gettyimages-2171278502.jpg?ve=1&amp;tl=1 2x\" height=\"192\" width=\"343\"><source media=\"(min-width: 768px) and (max-width: 1023px)\" srcset=\"https:\/\/a57.foxnews.com\/static.foxnews.com\/foxnews.com\/content\/uploads\/2025\/05\/672\/378\/gettyimages-2171278502.jpg?ve=1&amp;tl=1, https:\/\/a57.foxnews.com\/static.foxnews.com\/foxnews.com\/content\/uploads\/2025\/05\/1344\/756\/gettyimages-2171278502.jpg?ve=1&amp;tl=1 2x\" height=\"378\" width=\"672\"><source media=\"(min-width: 1024px) and (max-width: 1279px)\" srcset=\"https:\/\/a57.foxnews.com\/static.foxnews.com\/foxnews.com\/content\/uploads\/2025\/05\/931\/523\/gettyimages-2171278502.jpg?ve=1&amp;tl=1, https:\/\/a57.foxnews.com\/static.foxnews.com\/foxnews.com\/content\/uploads\/2025\/05\/1862\/1046\/gettyimages-2171278502.jpg?ve=1&amp;tl=1 2x\" height=\"523\" width=\"931\"><source media=\"(min-width: 1280px)\" srcset=\"https:\/\/a57.foxnews.com\/static.foxnews.com\/foxnews.com\/content\/uploads\/2025\/05\/720\/405\/gettyimages-2171278502.jpg?ve=1&amp;tl=1, https:\/\/a57.foxnews.com\/static.foxnews.com\/foxnews.com\/content\/uploads\/2025\/05\/1440\/810\/gettyimages-2171278502.jpg?ve=1&amp;tl=1 2x\" height=\"405\" width=\"720\"><img loading=\"lazy\" decoding=\"async\" src=\"https:\/\/a57.foxnews.com\/static.foxnews.com\/foxnews.com\/content\/uploads\/2025\/05\/1200\/675\/gettyimages-2171278502.jpg?ve=1&amp;tl=1\" alt=\"Tienda de cigarrillos y tabaco en Par\u00eds\" width=\"1200\" height=\"675\"\/><\/source><\/source><\/source><\/source><\/picture><\/div>\n<div class=\"info\">\n<div class=\"caption\">\n<p><span>Se observa una tienda de cigarrillos y tabaco en el 4to distrito de Par\u00eds el 13 de septiembre de 2024.<\/span> <span>(Antoine Boureau\/Hans Lucas\/AFP a trav\u00e9s de Getty Images)<\/span><\/p>\n<\/div>\n<\/div>\n<\/div>\n<p>Los cigarrillos electr\u00f3nicos tambi\u00e9n est\u00e1n actualmente excluidos de las restricciones, pero Vautrin le dijo a Ousest-France que su oficina est\u00e1 trabajando en los l\u00edmites futuros a los niveles de nicotina permitidos en los vapos.<\/p>\n<p>La medida marca una expansi\u00f3n significativa de las leyes antitabicas existentes de Francia.<\/p>\n<p>El fumar ya ha sido prohibido en restaurantes, clubes nocturnos y lugares p\u00fablicos interiores desde 2008. Los esfuerzos locales para restringir el fumar en los espacios p\u00fablicos han estado creciendo constantemente. Seg\u00fan AFP, m\u00e1s de 1,500 municipios franceses ya han promulgado sus propias prohibiciones de fumar al aire libre y cientos de playas han estado libres de humo durante a\u00f1os.<\/p>\n<div class=\"image-ct inline\">\n<div class=\"m\"><picture><source media=\"(max-width: 767px)\" srcset=\"https:\/\/a57.foxnews.com\/static.foxnews.com\/foxnews.com\/content\/uploads\/2025\/05\/343\/192\/gettyimages-2208584026.jpg?ve=1&amp;tl=1, https:\/\/a57.foxnews.com\/static.foxnews.com\/foxnews.com\/content\/uploads\/2025\/05\/686\/384\/gettyimages-2208584026.jpg?ve=1&amp;tl=1 2x\" height=\"192\" width=\"343\"><source media=\"(min-width: 768px) and (max-width: 1023px)\" srcset=\"https:\/\/a57.foxnews.com\/static.foxnews.com\/foxnews.com\/content\/uploads\/2025\/05\/672\/378\/gettyimages-2208584026.jpg?ve=1&amp;tl=1, https:\/\/a57.foxnews.com\/static.foxnews.com\/foxnews.com\/content\/uploads\/2025\/05\/1344\/756\/gettyimages-2208584026.jpg?ve=1&amp;tl=1 2x\" height=\"378\" width=\"672\"><source media=\"(min-width: 1024px) and (max-width: 1279px)\" srcset=\"https:\/\/a57.foxnews.com\/static.foxnews.com\/foxnews.com\/content\/uploads\/2025\/05\/931\/523\/gettyimages-2208584026.jpg?ve=1&amp;tl=1, https:\/\/a57.foxnews.com\/static.foxnews.com\/foxnews.com\/content\/uploads\/2025\/05\/1862\/1046\/gettyimages-2208584026.jpg?ve=1&amp;tl=1 2x\" height=\"523\" width=\"931\"><source media=\"(min-width: 1280px)\" srcset=\"https:\/\/a57.foxnews.com\/static.foxnews.com\/foxnews.com\/content\/uploads\/2025\/05\/720\/405\/gettyimages-2208584026.jpg?ve=1&amp;tl=1, https:\/\/a57.foxnews.com\/static.foxnews.com\/foxnews.com\/content\/uploads\/2025\/05\/1440\/810\/gettyimages-2208584026.jpg?ve=1&amp;tl=1 2x\" height=\"405\" width=\"720\"><img loading=\"lazy\" decoding=\"async\" src=\"https:\/\/a57.foxnews.com\/static.foxnews.com\/foxnews.com\/content\/uploads\/2025\/05\/1200\/675\/gettyimages-2208584026.jpg?ve=1&amp;tl=1\" alt=\"Un chef enrolla un cigarrillo en Par\u00eds\" width=\"1200\" height=\"675\"\/><\/source><\/source><\/source><\/source><\/picture><\/div>\n<div class=\"info\">\n<div class=\"caption\">\n<p><span>Un chef rodea un cigarrillo durante un descanso fuera de un restaurante en Par\u00eds el 8 de abril de 2025.<\/span> <span>(Xavier Galian\/AFP a trav\u00e9s de Getty Images)<\/span><\/p>\n<\/div>\n<\/div>\n<\/div>\n<p>Seg\u00fan los datos del Centro de Monitoreo Franc\u00e9s para Drogas y Adicci\u00f3n a las drogas citadas por la BBC, solo el 23.1% de los adultos franceses fuman diariamente, el nivel m\u00e1s bajo registrado y una ca\u00edda de m\u00e1s de cinco puntos porcentuales desde 2014.<\/p>\n<p>A\u00fan as\u00ed, las enfermedades relacionadas con el tabaco siguen siendo una principal causa de muerte. El Comit\u00e9 Nacional de Francia contra el fumar informa que m\u00e1s de 75,000 personas mueren cada a\u00f1o por fumar, alrededor del 13% de todas las muertes anuales en el pa\u00eds.<\/p>\n<p>El apoyo a las nuevas restricciones parece fuerte. Un informe de La Ligue Contrte Le Cancer, una destacada asociaci\u00f3n de c\u00e1ncer franc\u00e9s, encontr\u00f3 que casi el 80% de los ciudadanos franceses favorecen las \u00e1reas p\u00fablicas libres de humo como parques, playas y bosques.<\/p>\n<p>Pero mientras que muchos en Francia dan la bienvenida a la medida, algunos han planteado preocupaciones sobre el equilibrio entre la salud p\u00fablica y la libertad personal. Los conservadores pueden ver la prohibici\u00f3n como otro ejemplo de extralimitaci\u00f3n del gobierno de arriba hacia abajo.<\/p>\n<p><strong>Haga clic aqu\u00ed para obtener la aplicaci\u00f3n Fox News<\/strong><\/p>\n<p>Tenga cuidado con la iluminaci\u00f3n de sus vacaciones de verano en Francia este a\u00f1o, ya que puede darle una multa.<\/p>\n<p> <!----> <\/p>\n<div class=\"article-meta\">\n<div class=\"author-bio\">\n<p>Jasmine es escritor de Fox News Digital y un c\u00f3nyuge militar con sede en Nueva Orleans. Las historias se pueden enviar a jasmine.baehr@fox.com<\/p>\n<\/div>\n<\/div>\n<\/div>\n\n","protected":false},"excerpt":{"rendered":"<p>El gobierno franc\u00e9s est\u00e1 tomando medidas en\u00e9rgicas contra los cigarrillos en p\u00fablico, anunciando una prohibici\u00f3n de fumar al aire libre que tiene como objetivo despejar el aire para la pr\u00f3xima generaci\u00f3n de parisinos (y todos los dem\u00e1s). A partir del 1 de julio, Francia prohibir\u00e1 fumar en una amplia gama de \u00e1reas p\u00fablicas al aire &hellip;<\/p>\n","protected":false},"author":1,"featured_media":29405,"comment_status":"open","ping_status":"open","sticky":false,"template":"","format":"standard","meta":{"fifu_image_url":"https:\/\/static.foxnews.com\/foxnews.com\/content\/uploads\/2025\/05\/french-smoking.jpg","fifu_image_alt":"","footnotes":""},"categories":[13],"tags":[],"class_list":["post-29403","post","type-post","status-publish","format-standard","has-post-thumbnail","","category-mundo"],"_links":{"self":[{"href":"https:\/\/noticiasveraces.com\/index.php?rest_route=\/wp\/v2\/posts\/29403","targetHints":{"allow":["GET"]}}],"collection":[{"href":"https:\/\/noticiasveraces.com\/index.php?rest_route=\/wp\/v2\/posts"}],"about":[{"href":"https:\/\/noticiasveraces.com\/index.php?rest_route=\/wp\/v2\/types\/post"}],"author":[{"embeddable":true,"href":"https:\/\/noticiasveraces.com\/index.php?rest_route=\/wp\/v2\/users\/1"}],"replies":[{"embeddable":true,"href":"https:\/\/noticiasveraces.com\/index.php?rest_route=%2Fwp%2Fv2%2Fcomments&post=29403"}],"version-history":[{"count":0,"href":"https:\/\/noticiasveraces.com\/index.php?rest_route=\/wp\/v2\/posts\/29403\/revisions"}],"wp:featuredmedia":[{"embeddable":true,"href":"https:\/\/noticiasveraces.com\/index.php?rest_route=\/wp\/v2\/media\/29405"}],"wp:attachment":[{"href":"https:\/\/noticiasveraces.com\/index.php?rest_route=%2Fwp%2Fv2%2Fmedia&parent=29403"}],"wp:term":[{"taxonomy":"category","embeddable":true,"href":"https:\/\/noticiasveraces.com\/index.php?rest_route=%2Fwp%2Fv2%2Fcategories&post=29403"},{"taxonomy":"post_tag","embeddable":true,"href":"https:\/\/noticiasveraces.com\/index.php?rest_route=%2Fwp%2Fv2%2Ftags&post=29403"}],"curies":[{"name":"wp","href":"https:\/\/api.w.org\/{rel}","templated":true}]}}