{"id":29384,"date":"2025-05-29T18:59:10","date_gmt":"2025-05-29T22:59:10","guid":{"rendered":"https:\/\/noticiasveraces.com\/?p=29384"},"modified":"2025-05-29T18:59:10","modified_gmt":"2025-05-29T22:59:10","slug":"james-rodriguez-tendra-curioso-gesto-en-la-seleccion-colombia-habria-asado-en-su-casa-de-medellin-seleccion-colombia","status":"publish","type":"post","link":"https:\/\/noticiasveraces.com\/?p=29384","title":{"rendered":"James Rodr\u00edguez tendr\u00e1 curioso gesto en la Selecci\u00f3n Colombia: habr\u00eda asado en su casa de Medell\u00edn | Selecci\u00f3n Colombia"},"content":{"rendered":"<p> \n<\/p>\n<div id=\"cuerpoArticulo\">\n<p class=\"texto intro\" id=\"p247303-m1006-1005-1007\">La Selecci\u00f3n Colombia empieza alistarse para la doble jornada de Eliminatorias Sudamericanas rumbo al Mundial 2026, que ya est\u00e1 en su recta final. En esta ocasi\u00f3n, la &#8216;tricolor&#8217; enfrentar\u00e1 a Per\u00fa y Argentina, con la misi\u00f3n de acercarse a la clasificaci\u00f3n. <\/p>\n<p>Aunque no se conoce oficialmente la convocatoria de N\u00e9stor Lorenzo para estos juegos, varios futbolistas ya se encuentran prepar\u00e1ndose bajo las \u00f3rdenes del cuerpo t\u00e9cnico en Medell\u00edn. <\/p>\n<p>As\u00ed lo han dejado ver algunas im\u00e1genes que se filtraron y dieron a conocer a los jugadores que ya est\u00e1n a disposici\u00f3n del director t\u00e9cnico.<\/p>\n<p class=\"texto contenido-parrafo-articulo\" id=\"p247303-m1069-3-1070\">Aunque esta preparaci\u00f3n no har\u00eda parte oficialmente de la concentraci\u00f3n, ser\u00e1 de gran importancia para la adaptaci\u00f3n de los jugadores. <\/p>\n<div class=\"fotografia caja-articulo\" id=\"p247303-m1075-4-1076\">\n<div class=\"imagen-cuerpo-bk\">\n<figure itemscope=\"\" itemtype=\"https:\/\/schema.org\/ImageObject\" itemprop=\"image\" id=\"m1080-1079-1081\" class=\"foto-galeria-articulo imagen-articulo foto-texto-articulo-galeria\"><img decoding=\"async\" alt=\"James Rodr\u00edguez en Colombia vs Paraguay\" src=\"data:image\/png;base64,iVBORw0KGgoAAAANSUhEUgAAAAEAAAABCAQAAAC1HAwCAAAAC0lEQVR42mP8\/x0AAvsB+DlKarAAAAAASUVORK5CYII=\" style=\" display: inline;\" data-original=\"\/files\/article_content\/uploads\/2025\/03\/26\/67e46faf2e3a0.jpeg\"\/><meta itemprop=\"width\" content=\"600\"\/><meta itemprop=\"height\" content=\"450\"\/> <meta itemprop=\"url\" content=\"https:\/\/www.futbolred.com\/files\/article_content\/uploads\/2025\/03\/26\/67e46faf2e3a0.jpeg\"\/><\/figure>\n<\/div>\n<div class=\"figcaption-cuerpo-bk credito-image-bk\"><figcaption class=\"foto-info\">\n<div class=\"titulo-foto-bk\">\n<p id=\"m1087-1-1088\" class=\"titulo pie-de-foto\">James Rodr\u00edguez en Colombia vs Paraguay.<\/p>\n<\/div>\n<p class=\"credito\">\n                            <span class=\"linea pre_credito\">Foto:<\/span><\/p>\n<p>                        <span id=\"m1093-2-1094\" class=\"autor\">Vanexa Romero | EL TIEMPO<\/span><\/p>\n<\/figcaption><\/div>\n<\/p><\/div>\n<p class=\"texto contenido-parrafo-articulo\" id=\"p247303-m1101-5-1102\">Debido a la importancia de estos juegos, es crucial que exista un excelente ambiente entre los futbolistas y el cuerpo t\u00e9cnico. Para ello, James ser\u00eda fundamental, pues estar\u00eda organizando una reuni\u00f3n privada en su casa a las afueras de Medell\u00edn. <\/p>\n<p>As\u00ed lo dieron a conocer desde Noticias RCN, que en su portal web inform\u00f3: \u201cSeg\u00fan fuentes cercanas, el encuentro est\u00e1 pensado como un momento \u00edntimo y de cohesi\u00f3n grupal\u201d.<\/p>\n<p>                                                    <span class=\"articulo-subtitulo subtitulo2 espacio-contenido\" id=\"p247303-m1107-6-1108\">James Rodr\u00edguez organizar\u00eda un asado junto a sus compa\u00f1eros de Selecci\u00f3n Colombia<\/span><\/p>\n<p class=\"texto contenido-parrafo-articulo\" id=\"p247303-m1113-7-1114\">Esto tendr\u00eda el objetivo principal de reforzar la unidad y compa\u00f1erismo dentro del plantel que le apunta a jugar el Mundial 2026.<\/p>\n<p>El medio anteriormente citado, tambi\u00e9n informo que: \u00abest\u00e1n invitados todos los futbolistas que actualmente forman parte de la concentraci\u00f3n, as\u00ed como el cuerpo t\u00e9cnico liderado por N\u00e9stor Lorenzo.<\/p>\n<p>Se estima que este asado, donde tambi\u00e9n har\u00edan parte los integrantes del cuerpo t\u00e9cnico, se realice el s\u00e1bado 31 de mayo o el primer festivo de junio.<\/p>\n<\/p><\/div>\n\n","protected":false},"excerpt":{"rendered":"<p>La Selecci\u00f3n Colombia empieza alistarse para la doble jornada de Eliminatorias Sudamericanas rumbo al Mundial 2026, que ya est\u00e1 en su recta final. En esta ocasi\u00f3n, la &#8216;tricolor&#8217; enfrentar\u00e1 a Per\u00fa y Argentina, con la misi\u00f3n de acercarse a la clasificaci\u00f3n. Aunque no se conoce oficialmente la convocatoria de N\u00e9stor Lorenzo para estos juegos, varios &hellip;<\/p>\n","protected":false},"author":1,"featured_media":29385,"comment_status":"open","ping_status":"open","sticky":false,"template":"","format":"standard","meta":{"fifu_image_url":"https:\/\/www.futbolred.com\/files\/og_thumbnail\/uploads\/2025\/02\/04\/67a2b803eab32.jpeg","fifu_image_alt":"","footnotes":""},"categories":[6],"tags":[],"class_list":["post-29384","post","type-post","status-publish","format-standard","has-post-thumbnail","","category-deportes"],"_links":{"self":[{"href":"https:\/\/noticiasveraces.com\/index.php?rest_route=\/wp\/v2\/posts\/29384","targetHints":{"allow":["GET"]}}],"collection":[{"href":"https:\/\/noticiasveraces.com\/index.php?rest_route=\/wp\/v2\/posts"}],"about":[{"href":"https:\/\/noticiasveraces.com\/index.php?rest_route=\/wp\/v2\/types\/post"}],"author":[{"embeddable":true,"href":"https:\/\/noticiasveraces.com\/index.php?rest_route=\/wp\/v2\/users\/1"}],"replies":[{"embeddable":true,"href":"https:\/\/noticiasveraces.com\/index.php?rest_route=%2Fwp%2Fv2%2Fcomments&post=29384"}],"version-history":[{"count":0,"href":"https:\/\/noticiasveraces.com\/index.php?rest_route=\/wp\/v2\/posts\/29384\/revisions"}],"wp:featuredmedia":[{"embeddable":true,"href":"https:\/\/noticiasveraces.com\/index.php?rest_route=\/wp\/v2\/media\/29385"}],"wp:attachment":[{"href":"https:\/\/noticiasveraces.com\/index.php?rest_route=%2Fwp%2Fv2%2Fmedia&parent=29384"}],"wp:term":[{"taxonomy":"category","embeddable":true,"href":"https:\/\/noticiasveraces.com\/index.php?rest_route=%2Fwp%2Fv2%2Fcategories&post=29384"},{"taxonomy":"post_tag","embeddable":true,"href":"https:\/\/noticiasveraces.com\/index.php?rest_route=%2Fwp%2Fv2%2Ftags&post=29384"}],"curies":[{"name":"wp","href":"https:\/\/api.w.org\/{rel}","templated":true}]}}