{"id":29370,"date":"2025-05-29T17:51:27","date_gmt":"2025-05-29T21:51:27","guid":{"rendered":"https:\/\/noticiasveraces.com\/?p=29370"},"modified":"2025-05-29T17:51:27","modified_gmt":"2025-05-29T21:51:27","slug":"elvira-ontanon-custodia-de-los-valores-de-la-institucion-libre-de-ensenanza-educacion","status":"publish","type":"post","link":"https:\/\/noticiasveraces.com\/?p=29370","title":{"rendered":"Elvira Onta\u00f1\u00f3n, custodia de los valores de la Instituci\u00f3n Libre de Ense\u00f1anza | Educaci\u00f3n"},"content":{"rendered":"<p> \n<br \/><img decoding=\"async\" src=\"https:\/\/imagenes.elpais.com\/resizer\/v2\/PZQTIOSXKRFBNA4EE3J44BDD6E.JPG?auth=df5b8aa50da28f896ad820d327339072bd9171ad40ba0e8d755e936c74c89164\" \/><\/p>\n<div data-dtm-region=\"articulo_cuerpo\">\n<p class=\"\">\u201cSin ser exactamente una desconocida, considero que Mar\u00eda Goyri no est\u00e1 lo suficientemente valorada ni siquiera bien conocida, ya que su persona se suele relacionar exclusivamente con Ram\u00f3n Men\u00e9ndez Pidal \u2015que fue su esposo durante m\u00e1s de cincuenta a\u00f1os\u2015, casi como una, aunque valiosa, simple colaboradora\u201d, dec\u00eda Elvira Onta\u00f1\u00f3n, fallecida este domingo a los 94 a\u00f1os, en la tesis doctoral que escribi\u00f3 sobre Mar\u00eda Goyri. <\/p>\n<p class=\"\">Con sus m\u00e1s de ochenta a\u00f1os, Elvira pon\u00eda fin as\u00ed a su empe\u00f1o en recuperar el recuerdo de lo que ha constituido la raz\u00f3n de ser de su propia vida: mantener una de las mejores tradiciones pedag\u00f3gicas de este pa\u00eds, la de la Instituci\u00f3n Libre de Ense\u00f1anza, tan castigada y perseguida durante demasiados a\u00f1os. Pero no lo hizo solo como estudiosa de esa tradici\u00f3n, sino como una de las protagonistas m\u00e1s activas de su continuidad y feliz adaptaci\u00f3n a los nuevos tiempos.<\/p>\n<p class=\"\">Elvira Onta\u00f1\u00f3n era hija del investigador Manuel Onta\u00f1\u00f3n, profesor y cient\u00edfico y de la maestra Mar\u00eda S\u00e1nchez Arb\u00f3s. Ambos fueron encarcelados y depurados al final de la guerra civil. Fue alumna del colegio Estudio, modestamente creado contra viento y marea en 1940 por Jimena Men\u00e9ndez Pidal, \u00c1ngeles Gasset y Carmen Garc\u00eda del Diestro, junto a otros compa\u00f1eros del Instituto Escuela, aquel centro escolar fundado en 1918 y tambi\u00e9n desaparecido, empe\u00f1ados todos en que no se perdiera aquella experiencia pedag\u00f3gica. <\/p>\n<p class=\"\">D\u00e9cadas despu\u00e9s, Estudio hab\u00eda crecido y se hab\u00eda consolidado como uno de los colegios de referencia en un sistema educativo espa\u00f1ol afortunadamente renovado y modernizado. En 1994, aquellas tres mujeres tuvieron la generosidad de convertirlo en una fundaci\u00f3n sin \u00e1nimo de lucro, para que su proyecto pedag\u00f3gico perdurara manteniendo su independencia y \u201cadelant\u00e1ndose a las necesidades educativas de la sociedad\u201d, como rezaba su carta fundacional. <\/p>\n<p class=\"\">Elvira fue una de las protagonistas de aquella definitiva institucionalizaci\u00f3n y lo hizo como directora de Estudio, primero, y como vicepresidenta de su patronato despu\u00e9s. Nunca se retir\u00f3. Siempre cerca de los docentes y de los alumnos, persisti\u00f3 su trabajo incansable para mantener los valores de una formaci\u00f3n integral en todos los \u00e1mbitos: \u00e9tico, est\u00e9tico, f\u00edsico, intelectual y cient\u00edfico, con una pedagog\u00eda activa e intuitiva, volcada en despertar el inter\u00e9s y la curiosidad de los alumnos, en promover su espontaneidad, su responsabilidad colectiva en el respeto y la tolerancia mutua, y tambi\u00e9n su esp\u00edritu cr\u00edtico, como \u00fanica v\u00eda para disfrutar de la libertad. <\/p>\n<p class=\"\">Estos valores son los de la Instituci\u00f3n Libre de Ense\u00f1anza, en cuya recuperaci\u00f3n Elvira tambi\u00e9n se comprometi\u00f3 activamente, desde que fue legalizada por el primer Gobierno democr\u00e1tico. En 1979, junto a Laura de los R\u00edos, puso en marcha las colonias de vacaciones de la ILE. Era patrona de la ILE, presidenta de su Corporaci\u00f3n de antiguos alumnos, presidenta de honor de la Fundaci\u00f3n Sierra Pambley y vocal de la Junta Directiva de Amigos de la Residencia de Estudiantes.<\/p>\n<p class=\"\">Todav\u00eda el a\u00f1o pasado, a sus 93 a\u00f1os, Elvira, con la ayuda de V\u00edctor Pliego de Andr\u00e9s, promovi\u00f3 una nueva y exquisita edici\u00f3n de <i>Una historia del romancero en tres actos<\/i> por Jimena Men\u00e9ndez Pidal, coeditada por La Fundaci\u00f3n Estudio, la Instituci\u00f3n Libre de Ense\u00f1anza y la Residencia de Estudiantes, y la colaboraci\u00f3n de la Fundaci\u00f3n Ram\u00f3n Men\u00e9ndez Pidal. En un \u201cinolvidable recuerdo de juventud\u201d, escrib\u00eda Elvira en su pr\u00f3logo que aquella milagrosa representaci\u00f3n se celebr\u00f3 en dos sesiones matinales los domingos 4 y 11 de mayo de 1947 en el Teatro de la Comedia de Madrid, en medio una situaci\u00f3n \u201cterrible\u201d en Espa\u00f1a. <\/p>\n<p class=\"\">Aquella obra en tres actos fue el resultado de la movilizaci\u00f3n entusiasta de alumnos y profesoras, entre aquellos la propia Elvira, que fueron actores, dise\u00f1adores de los decorados y del vestuario, en una prueba m\u00e1s de la capacidad de un \u201cpeque\u00f1o colegio particular llamado Estudio, capacidad que afortunadamente no se ha perdido m\u00e1s de setenta y cinco a\u00f1os despu\u00e9s\u201d. <\/p>\n<p class=\"\">Porque todos te debemos que eso haya sido posible, gracias, Elvira.<\/p>\n<aside class=\"a_np\">\n<p><strong>Mercedes Cabrera <\/strong>fue ministra de Educaci\u00f3n y Ciencia entre 2006 y 2009. <\/p>\n<\/aside>\n<\/div>\n\n","protected":false},"excerpt":{"rendered":"<p>\u201cSin ser exactamente una desconocida, considero que Mar\u00eda Goyri no est\u00e1 lo suficientemente valorada ni siquiera bien conocida, ya que su persona se suele relacionar exclusivamente con Ram\u00f3n Men\u00e9ndez Pidal \u2015que fue su esposo durante m\u00e1s de cincuenta a\u00f1os\u2015, casi como una, aunque valiosa, simple colaboradora\u201d, dec\u00eda Elvira Onta\u00f1\u00f3n, fallecida este domingo a los 94 &hellip;<\/p>\n","protected":false},"author":1,"featured_media":29372,"comment_status":"open","ping_status":"open","sticky":false,"template":"","format":"standard","meta":{"fifu_image_url":"https:\/\/imagenes.elpais.com\/resizer\/v2\/PZQTIOSXKRFBNA4EE3J44BDD6E.JPG?auth=df5b8aa50da28f896ad820d327339072bd9171ad40ba0e8d755e936c74c89164&width=1200","fifu_image_alt":"","footnotes":""},"categories":[11],"tags":[],"class_list":["post-29370","post","type-post","status-publish","format-standard","has-post-thumbnail","","category-viaje"],"_links":{"self":[{"href":"https:\/\/noticiasveraces.com\/index.php?rest_route=\/wp\/v2\/posts\/29370","targetHints":{"allow":["GET"]}}],"collection":[{"href":"https:\/\/noticiasveraces.com\/index.php?rest_route=\/wp\/v2\/posts"}],"about":[{"href":"https:\/\/noticiasveraces.com\/index.php?rest_route=\/wp\/v2\/types\/post"}],"author":[{"embeddable":true,"href":"https:\/\/noticiasveraces.com\/index.php?rest_route=\/wp\/v2\/users\/1"}],"replies":[{"embeddable":true,"href":"https:\/\/noticiasveraces.com\/index.php?rest_route=%2Fwp%2Fv2%2Fcomments&post=29370"}],"version-history":[{"count":0,"href":"https:\/\/noticiasveraces.com\/index.php?rest_route=\/wp\/v2\/posts\/29370\/revisions"}],"wp:featuredmedia":[{"embeddable":true,"href":"https:\/\/noticiasveraces.com\/index.php?rest_route=\/wp\/v2\/media\/29372"}],"wp:attachment":[{"href":"https:\/\/noticiasveraces.com\/index.php?rest_route=%2Fwp%2Fv2%2Fmedia&parent=29370"}],"wp:term":[{"taxonomy":"category","embeddable":true,"href":"https:\/\/noticiasveraces.com\/index.php?rest_route=%2Fwp%2Fv2%2Fcategories&post=29370"},{"taxonomy":"post_tag","embeddable":true,"href":"https:\/\/noticiasveraces.com\/index.php?rest_route=%2Fwp%2Fv2%2Ftags&post=29370"}],"curies":[{"name":"wp","href":"https:\/\/api.w.org\/{rel}","templated":true}]}}