{"id":29359,"date":"2025-05-29T13:30:16","date_gmt":"2025-05-29T17:30:16","guid":{"rendered":"https:\/\/noticiasveraces.com\/?p=29359"},"modified":"2025-05-29T13:30:16","modified_gmt":"2025-05-29T17:30:16","slug":"siria-firma-acuerdo-energetico-con-consorcio-internacional-dw-29-05-2025","status":"publish","type":"post","link":"https:\/\/noticiasveraces.com\/?p=29359","title":{"rendered":"Siria firma acuerdo energ\u00e9tico con consorcio internacional \u2013 DW \u2013 29\/05\/2025"},"content":{"rendered":"<p> \n<\/p>\n<div>\n<p>Siria firm\u00f3 este jueves (29.05.2025) un acuerdo energ\u00e9tico de 7.000 millones de d\u00f3lares con un consorcio de empresas de Estados Unidos, Qatar y Turqu\u00eda, destinado a rehabilitar su sector el\u00e9ctrico, devastado por la guerra.<\/p>\n<p>La firma tuvo lugar en el palacio presidencial de Damasco, en presencia del presidente interino Ahmad al Chareh y del enviado especial de Washington para Siria, Thomas Barrack.<\/p>\n<p>Seg\u00fan las autoridades sirias, el proyecto generar\u00e1 5.000 megavatios, que cubrir\u00e1n alrededor de 50% de las necesidades de electricidad del pa\u00eds.<\/p>\n<p>El ministro sirio de Energ\u00eda, Mohamad al Bashir, lo calific\u00f3 de \u00abmomento hist\u00f3rico\u00bb y \u00abpunto de inflexi\u00f3n\u00bb para el pa\u00eds.<\/p>\n<p>Los 14 a\u00f1os de guerra civil en Siria dejaron aniquilada su red el\u00e9ctrica, y la poblaci\u00f3n sufre hasta 20 horas diarias de apagones.<\/p>\n<p>El proyecto incluye cuatro centrales de gas en el centro y el este de Siria y un parque solar de 1.000 megavatios en el sur. Bashir indic\u00f3 que las plantas usar\u00edan tecnolog\u00eda estadounidense y europea.<\/p>\n<p>RR AFP\/Reuters\/AP<\/p>\n<\/div>\n\n","protected":false},"excerpt":{"rendered":"<p>Siria firm\u00f3 este jueves (29.05.2025) un acuerdo energ\u00e9tico de 7.000 millones de d\u00f3lares con un consorcio de empresas de Estados Unidos, Qatar y Turqu\u00eda, destinado a rehabilitar su sector el\u00e9ctrico, devastado por la guerra. La firma tuvo lugar en el palacio presidencial de Damasco, en presencia del presidente interino Ahmad al Chareh y del enviado &hellip;<\/p>\n","protected":false},"author":1,"featured_media":29360,"comment_status":"open","ping_status":"open","sticky":false,"template":"","format":"standard","meta":{"fifu_image_url":"https:\/\/static.dw.com\/image\/71255066_6.jpg","fifu_image_alt":"","footnotes":""},"categories":[13],"tags":[],"class_list":["post-29359","post","type-post","status-publish","format-standard","has-post-thumbnail","","category-mundo"],"_links":{"self":[{"href":"https:\/\/noticiasveraces.com\/index.php?rest_route=\/wp\/v2\/posts\/29359","targetHints":{"allow":["GET"]}}],"collection":[{"href":"https:\/\/noticiasveraces.com\/index.php?rest_route=\/wp\/v2\/posts"}],"about":[{"href":"https:\/\/noticiasveraces.com\/index.php?rest_route=\/wp\/v2\/types\/post"}],"author":[{"embeddable":true,"href":"https:\/\/noticiasveraces.com\/index.php?rest_route=\/wp\/v2\/users\/1"}],"replies":[{"embeddable":true,"href":"https:\/\/noticiasveraces.com\/index.php?rest_route=%2Fwp%2Fv2%2Fcomments&post=29359"}],"version-history":[{"count":0,"href":"https:\/\/noticiasveraces.com\/index.php?rest_route=\/wp\/v2\/posts\/29359\/revisions"}],"wp:featuredmedia":[{"embeddable":true,"href":"https:\/\/noticiasveraces.com\/index.php?rest_route=\/wp\/v2\/media\/29360"}],"wp:attachment":[{"href":"https:\/\/noticiasveraces.com\/index.php?rest_route=%2Fwp%2Fv2%2Fmedia&parent=29359"}],"wp:term":[{"taxonomy":"category","embeddable":true,"href":"https:\/\/noticiasveraces.com\/index.php?rest_route=%2Fwp%2Fv2%2Fcategories&post=29359"},{"taxonomy":"post_tag","embeddable":true,"href":"https:\/\/noticiasveraces.com\/index.php?rest_route=%2Fwp%2Fv2%2Ftags&post=29359"}],"curies":[{"name":"wp","href":"https:\/\/api.w.org\/{rel}","templated":true}]}}