{"id":29353,"date":"2025-05-29T12:57:27","date_gmt":"2025-05-29T16:57:27","guid":{"rendered":"https:\/\/noticiasveraces.com\/?p=29353"},"modified":"2025-05-29T12:57:27","modified_gmt":"2025-05-29T16:57:27","slug":"nunca-antes-visto-asi-vivio-carlo-ancelotti-partido-de-libertadores","status":"publish","type":"post","link":"https:\/\/noticiasveraces.com\/?p=29353","title":{"rendered":"Nunca antes visto: as\u00ed vivi\u00f3 Carlo Ancelotti partido de Libertadores"},"content":{"rendered":"<p> \n<br \/><img decoding=\"async\" src=\"https:\/\/www.futbolred.com\/files\/article_graphic\/files\/crop\/uploads\/2025\/05\/26\/6834c11f27837.r_1345356.0-0-1024-512.jpeg\" \/><\/p>\n<header>\n<h3>\n<p>                Copa Libertadores<br \/>\n            <\/h3>\n<h1>\n<p>            Nunca antes visto: as\u00ed vivi\u00f3 Carlo Ancelotti partido de Libertadores<br \/>\n        <\/h1>\n<address>\n            <a>Andres Rocha Florez<br \/>\n        <\/address>\n<p>            28 de mayo 2025 , 12:25 p.\u00a0m.<\/p>\n<\/header>\n<p>El t\u00e9cnico italiano empez\u00f3 a familiarizarse con el f\u00fatbol sudamericano.<\/p>\n<p>Carlo Ancelotti ya se puso el overol del seleccionado de Brasil de cara a los partidos de las Eliminatorias al Mundial 2026, pero tambi\u00e9n ha empezado a familiarizarse con el f\u00fatbol sudamericano.<\/p>\n<p>En busca de conocer de manera cercana el nivel competitivo del f\u00fatbol brasile\u00f1o frente a otros clubes del continente, Ancelotti vivir en primera fila un partido de Copa Libertadores, algo que para muchos caus\u00f3 sensaci\u00f3n.<\/p>\n<p>El partido escogido por Ancelotti fue el de Botafogo, vigente campe\u00f3n de Libertadores, en su duelo de cierre de la fase de grupos contra Universidad de Chile, encuentro que acab\u00f3 1-0 con gol de Igor Jes\u00fas.<\/p>\n<p>Las c\u00e1maras de televisi\u00f3n captaron el momento en que Ancelotti estaba en la tribuna viviendo el partido de Libertadores, pero tambi\u00e9n en redes se han dado a conocer detalles de su visita al estadio Nilton Santos.<\/p>\n<p>De igual manera, la CBF en sus redes sociales dio a conocer que se le fue entregada la camiseta de Botafogo con el n\u00famero &#8216;7&#8217; y nombre de Ancelotti durante su visita al Nilton Santos.<\/p>\n<p>\u201cCarlo Ancelotti y su cuerpo t\u00e9cnico estuvieron presentes en el partido entre Botafogo y Universidad de Chile por la Libertadores\u201d, mencion\u00f3 la CBF.<\/p>\n<p>Carlo Ancelotti tendr\u00e1 sus primeros partidos al mando de Brasil el 6 de junio ante Ecuador en Quito y luego de local ante Paraguay.<\/p>\n\n","protected":false},"excerpt":{"rendered":"<p>Copa Libertadores Nunca antes visto: as\u00ed vivi\u00f3 Carlo Ancelotti partido de Libertadores Andres Rocha Florez 28 de mayo 2025 , 12:25 p.\u00a0m. El t\u00e9cnico italiano empez\u00f3 a familiarizarse con el f\u00fatbol sudamericano. Carlo Ancelotti ya se puso el overol del seleccionado de Brasil de cara a los partidos de las Eliminatorias al Mundial 2026, pero &hellip;<\/p>\n","protected":false},"author":1,"featured_media":29355,"comment_status":"open","ping_status":"open","sticky":false,"template":"","format":"standard","meta":{"fifu_image_url":"https:\/\/www.futbolred.com\/files\/og_thumbnail\/uploads\/2025\/05\/26\/6834c11f27837.jpeg","fifu_image_alt":"","footnotes":""},"categories":[6],"tags":[],"class_list":["post-29353","post","type-post","status-publish","format-standard","has-post-thumbnail","","category-deportes"],"_links":{"self":[{"href":"https:\/\/noticiasveraces.com\/index.php?rest_route=\/wp\/v2\/posts\/29353","targetHints":{"allow":["GET"]}}],"collection":[{"href":"https:\/\/noticiasveraces.com\/index.php?rest_route=\/wp\/v2\/posts"}],"about":[{"href":"https:\/\/noticiasveraces.com\/index.php?rest_route=\/wp\/v2\/types\/post"}],"author":[{"embeddable":true,"href":"https:\/\/noticiasveraces.com\/index.php?rest_route=\/wp\/v2\/users\/1"}],"replies":[{"embeddable":true,"href":"https:\/\/noticiasveraces.com\/index.php?rest_route=%2Fwp%2Fv2%2Fcomments&post=29353"}],"version-history":[{"count":0,"href":"https:\/\/noticiasveraces.com\/index.php?rest_route=\/wp\/v2\/posts\/29353\/revisions"}],"wp:featuredmedia":[{"embeddable":true,"href":"https:\/\/noticiasveraces.com\/index.php?rest_route=\/wp\/v2\/media\/29355"}],"wp:attachment":[{"href":"https:\/\/noticiasveraces.com\/index.php?rest_route=%2Fwp%2Fv2%2Fmedia&parent=29353"}],"wp:term":[{"taxonomy":"category","embeddable":true,"href":"https:\/\/noticiasveraces.com\/index.php?rest_route=%2Fwp%2Fv2%2Fcategories&post=29353"},{"taxonomy":"post_tag","embeddable":true,"href":"https:\/\/noticiasveraces.com\/index.php?rest_route=%2Fwp%2Fv2%2Ftags&post=29353"}],"curies":[{"name":"wp","href":"https:\/\/api.w.org\/{rel}","templated":true}]}}