{"id":29346,"date":"2025-05-29T11:25:12","date_gmt":"2025-05-29T15:25:12","guid":{"rendered":"https:\/\/noticiasveraces.com\/?p=29346"},"modified":"2025-05-29T11:25:12","modified_gmt":"2025-05-29T15:25:12","slug":"cuanto-tiempo-se-trabaja-dw-28-05-2025","status":"publish","type":"post","link":"https:\/\/noticiasveraces.com\/?p=29346","title":{"rendered":"\u00bfcu\u00e1nto tiempo se trabaja? \u2013 DW \u2013 28\/05\/2025"},"content":{"rendered":"<p> \n<\/p>\n<div>\n<p>El Parlamento de Copenhague aprob\u00f3 el 22 de mayo de 2025\u00a0una ley que aumenta la edad de jubilaci\u00f3n a los 70 a\u00f1os para todos los ciudadanos nacidos despu\u00e9s del 31 de diciembre de 1970. Hasta el momento, la edad jubilatoria en ese pa\u00eds es a los 67 a\u00f1os. Hasta 2030, la edad de jubilaci\u00f3n se elevar\u00e1 a los 68 a\u00f1os; en 2035, a los 69. La primer ministra socialdem\u00f3crata Mette Frederiksen dijo el a\u00f1o pasado que estaba dispuesta a verificar ese sistema en cuanto la edad jubilatoria llegase a los 70 a\u00f1os.<\/p>\n<h2>\u00bfUn modelo para Alemania?<\/h2>\n<p>En Berl\u00edn, el nuevo gobierno de coalici\u00f3n a\u00fan est\u00e1 estudiando el tema. El canciller alem\u00e1n, Friedrich Merz, dijo que en el contrato de coalici\u00f3n se han tratado diversos aspectos. \u00abAs\u00ed como es hoy, puede seguir durante un par de a\u00f1os\u201d, se\u00f1al\u00f3 con respecto a la jubilaci\u00f3n. Ahora la prioridad es una reforma fundamental de los seguros de pensiones, de salud y de cuidados de larga duraci\u00f3n.<\/p>\n<p>Hace unos d\u00edas, el exasesor gubernamental Bernd Raffelh\u00fcschen dijo al diario <em>Augsburger Allgemeine Zeitung,<\/em> a prop\u00f3sito del modelo dan\u00e9s: \u00abDeber\u00edamos aumentar la edad de jubilaci\u00f3n a los 70 a\u00f1os muy r\u00e1pidamente para que al menos podamos alcanzar a una parte de los <em>baby boomers<\/em>\u00ab. En 2035, un mill\u00f3n de ciudadanos alemanes se jubilar\u00e1n cada a\u00f1o, lo que provocar\u00e1 que aumenten las contribuciones a la jubilaci\u00f3n de la gente m\u00e1s joven.<\/p>\n<p>En Europa\u00a0hay dos escuelas, cuyas denominaciones est\u00e1n ligadas a quienes les dieron origen: la legislaci\u00f3n social del canciller del Imperio alem\u00e1n Otto von Bismarck, del siglo XIX, y el modelo Beveridge, formulado en los a\u00f1os 40.<\/p>\n<p>El modelo Beveridge es un sistema\u00a0que protege a toda la poblaci\u00f3n y se financia con los ingresos fiscales. Se basa en los c\u00e1lculos del economista brit\u00e1nico William Henry Beveridge, quien en ese momento pertenec\u00eda al Partido Liberal en el Parlamento brit\u00e1nico. El modelo de Bismarck contempla un fondo al que pagan los trabajadores y los empleadores. Con ese dinero, dicho en forma simplificada, la poblaci\u00f3n laboralmente activa financia a los jubilados. En varios pa\u00edses de Europa existe una mezcla de ambos sistemas, y hay complejas particularidades en cada pa\u00eds.<\/p>\n<p><span data-slot-id=\"Article_InContent-1\" class=\"rich-text-ad\"\/><\/p>\n<h2>El problema demogr\u00e1fico<\/h2>\n<p>El sistema de Bismarck, usado en Alemania, tiene un inconveniente: el envejecimiento de la sociedad. Cada vez hay m\u00e1s jubilados y menos personas que cotizan, es decir, que trabajan en puestos sujetos a cotizaciones a la seguridad social. Adem\u00e1s, debido al aumento de la esperanza de vida estad\u00edstica, los cotizantes viven m\u00e1s y, por tanto, reciben su jubilaci\u00f3n durante m\u00e1s tiempo.<\/p>\n<p>Como resultado de ello, los fondos de pensiones est\u00e1n cada vez m\u00e1s sobrecargados. La consecuencia es que, o bien las contribuciones deben seguir aumentando, o bien las pensiones ya no pueden aumentar para compensar la inflaci\u00f3n. O que el nivel general de las pensiones disminuya.<\/p>\n<figure class=\"placeholder-image master_landscape big\"><img data-format=\"MASTER_LANDSCAPE\" data-id=\"71284153\" data-url=\"https:\/\/static.dw.com\/image\/71284153_${formatId}.jpg\" data-aspect-ratio=\"16\/9\" alt=\"Protesta en Bruselas contra la &quot;jubilaci\u00f3n a los 67 a\u00f1os&quot;.\" style=\"padding-bottom: 56.25%; height: 0; max-height: 0;\"\/><figcaption class=\"img-caption\">En materia de pensiones, las protestas son inevitables: aqu\u00ed, en enero, en Bruselas, contra la \u00abjubilaci\u00f3n a los 67 a\u00f1os\u00bb.<small class=\"copyright\">Imagen: Yves Herman\/REUTERS<\/small><\/figcaption><\/figure>\n<h2>\u00bfJubilarse antes o trabajar m\u00e1s tiempo?<\/h2>\n<p>Jubilarse antes de la fecha oficial significa aprovechar los a\u00f1os de vida por delante antes de que el cuerpo ya no resista las exigencias de la vida cotidiana y del trabajo, realizar en \u00abel \u00faltimo tercio de la vida\u201d una actividad significativa y satisfactoria a nivel individual, o pasar m\u00e1s tiempo con la familia.<\/p>\n<p>Pero tambi\u00e9n es beneficioso econ\u00f3micamente: las personas con m\u00e1s tiempo tambi\u00e9n tienen m\u00e1s oportunidades de gastar dinero, siempre que la pensi\u00f3n lo permita. Esto podr\u00eda estimular el consumo privado, lo que a su vez beneficiar\u00eda a la econom\u00eda.<\/p>\n<p>Por el otro lado, trabajar m\u00e1s tiempo tambi\u00e9n puede tener ventajas: muchos a\u00fan se sienten en forma y disfrutan de su trabajo, incluso despu\u00e9s de los 60 a\u00f1os y m\u00e1s. Quieren compartir sus experiencias y seguir en contacto con gente m\u00e1s joven. Y los empleadores se benefician cuando el conocimiento aprendido y las rutinas adquiridas no se pierden. Adem\u00e1s, esto podr\u00eda al menos contrarrestar hasta cierto punto la escasez de trabajadores cualificados.<\/p>\n<p>Como muestra el gr\u00e1fico, la edad legal para jubilarse corresponde en pocos casos a la edad real del final de la etapa laboral. En la mayor\u00eda de los casos, las personas se jubilan antes, ya sea porque f\u00edsicamente no pueden seguir trabajando, o porque trabajan en profesiones creativas y est\u00e1n saturados.<\/p>\n<p>En ciertos casos individuales, las personas trabajan m\u00e1s all\u00e1 de su edad jubilatoria, como en Jap\u00f3n o Nueva Zelanda, pero tambi\u00e9n en Suecia y Grecia. Las razones de esta decisi\u00f3n no quedan claras porque son de car\u00e1cter privado.<\/p>\n<figure class=\"placeholder-image master_landscape big\"><img data-format=\"MASTER_LANDSCAPE\" data-id=\"70799875\" data-url=\"https:\/\/static.dw.com\/image\/70799875_${formatId}.jpg\" data-aspect-ratio=\"16\/9\" alt=\"Manos de una persona mayor sobre billetes de euros y monedas.\" style=\"padding-bottom: 56.25%; height: 0; max-height: 0;\"\/><figcaption class=\"img-caption\">Si la diferencia entre el \u00faltimo salario bruto y la pensi\u00f3n es demasiado grande, entonces cada centavo cuenta para los pensionistas.<small class=\"copyright\">Imagen: Svensimon\/Picture Alliance<\/small><\/figcaption><\/figure>\n<h2>Un acto de equilibrio para la sociedad<\/h2>\n<p>Sin embargo, existen condiciones marco que se pueden modificar. Por ejemplo, est\u00e1 la tasa bruta de reemplazo, el monto de la pensi\u00f3n en relaci\u00f3n al monto del \u00faltimo salario. Si esta brecha es demasiado grande, algunos trabajadores dif\u00edcilmente podr\u00e1n permitirse jubilarse y dejar de trabajar por completo.<\/p>\n<p>El fantasma de la pobreza en la vejez podr\u00eda disiparse si el nivel de las pensiones se ajustara de modo que proporcionara una pensi\u00f3n suficiente despu\u00e9s de una larga vida laboral. Pero eso cuesta mucho dinero, que no est\u00e1 disponible en el fondo de pensiones. Por otra parte, la carga mensual de los contribuyentes no debe seguir aumentando, ya que esto destruir\u00eda su capacidad de ahorrar de manera privada para la jubilaci\u00f3n.<\/p>\n<p>(CP\/ER)<\/p>\n<\/div>\n\n","protected":false},"excerpt":{"rendered":"<p>El Parlamento de Copenhague aprob\u00f3 el 22 de mayo de 2025\u00a0una ley que aumenta la edad de jubilaci\u00f3n a los 70 a\u00f1os para todos los ciudadanos nacidos despu\u00e9s del 31 de diciembre de 1970. Hasta el momento, la edad jubilatoria en ese pa\u00eds es a los 67 a\u00f1os. Hasta 2030, la edad de jubilaci\u00f3n se &hellip;<\/p>\n","protected":false},"author":1,"featured_media":29347,"comment_status":"open","ping_status":"open","sticky":false,"template":"","format":"standard","meta":{"fifu_image_url":"https:\/\/static.dw.com\/image\/62740835_6.jpg","fifu_image_alt":"","footnotes":""},"categories":[13],"tags":[],"class_list":["post-29346","post","type-post","status-publish","format-standard","has-post-thumbnail","","category-mundo"],"_links":{"self":[{"href":"https:\/\/noticiasveraces.com\/index.php?rest_route=\/wp\/v2\/posts\/29346","targetHints":{"allow":["GET"]}}],"collection":[{"href":"https:\/\/noticiasveraces.com\/index.php?rest_route=\/wp\/v2\/posts"}],"about":[{"href":"https:\/\/noticiasveraces.com\/index.php?rest_route=\/wp\/v2\/types\/post"}],"author":[{"embeddable":true,"href":"https:\/\/noticiasveraces.com\/index.php?rest_route=\/wp\/v2\/users\/1"}],"replies":[{"embeddable":true,"href":"https:\/\/noticiasveraces.com\/index.php?rest_route=%2Fwp%2Fv2%2Fcomments&post=29346"}],"version-history":[{"count":0,"href":"https:\/\/noticiasveraces.com\/index.php?rest_route=\/wp\/v2\/posts\/29346\/revisions"}],"wp:featuredmedia":[{"embeddable":true,"href":"https:\/\/noticiasveraces.com\/index.php?rest_route=\/wp\/v2\/media\/29347"}],"wp:attachment":[{"href":"https:\/\/noticiasveraces.com\/index.php?rest_route=%2Fwp%2Fv2%2Fmedia&parent=29346"}],"wp:term":[{"taxonomy":"category","embeddable":true,"href":"https:\/\/noticiasveraces.com\/index.php?rest_route=%2Fwp%2Fv2%2Fcategories&post=29346"},{"taxonomy":"post_tag","embeddable":true,"href":"https:\/\/noticiasveraces.com\/index.php?rest_route=%2Fwp%2Fv2%2Ftags&post=29346"}],"curies":[{"name":"wp","href":"https:\/\/api.w.org\/{rel}","templated":true}]}}