{"id":29317,"date":"2025-05-29T07:19:32","date_gmt":"2025-05-29T11:19:32","guid":{"rendered":"https:\/\/noticiasveraces.com\/?p=29317"},"modified":"2025-05-29T07:19:32","modified_gmt":"2025-05-29T11:19:32","slug":"sudan-reporta-70-muertos-por-brote-de-colera-en-jartum-dw-29-05-2025","status":"publish","type":"post","link":"https:\/\/noticiasveraces.com\/?p=29317","title":{"rendered":"Sud\u00e1n reporta 70 muertos por brote de c\u00f3lera en Jartum \u2013 DW \u2013 29\/05\/2025"},"content":{"rendered":"<p> \n<\/p>\n<div>\n<p>Al menos 70 personas han muerto en los \u00faltimos dos d\u00edas en el estado de Jartum, donde se encuentra la capital de Sud\u00e1n, por el brote de c\u00f3lera que azota el pa\u00eds africano, devastado tras m\u00e1s de dos a\u00f1os de guerra entre el Ej\u00e9rcito y los paramilitares de las Fuerzas de Apoyo R\u00e1pido (FAR), inform\u00f3 este jueves (29.05.2025) el Ministerio de Salud sudan\u00e9s.<\/p>\n<p>El departamento dijo en un comunicado que \u00ab70 personas murieron y se registraron 2.119 casos de c\u00f3lera en dos d\u00edas\u00bb solo en Jartum, un estado que fue recientemente \u00abliberado\u00bb por las Fuerzas Armadas tras lograr expulsar a los rebeldes. Sin embargo, el Ministerio afirm\u00f3 que \u00abla situaci\u00f3n est\u00e1 bajo control\u00bb ya que \u00ablas fuentes de agua son seguras y el sistema sanitario en la capital opera con eficiencia\u00bb.<\/p>\n<p>El ministerio registr\u00f3 942 nuevas infecciones y 25 muertes el mi\u00e9rcoles, que se suman a los 1.177 nuevos casos y 45 muertes del martes, precis\u00f3 en un comunicado. La epidemia se declar\u00f3 tras semanas de bombardeos con drones, atribuidos a los paramilitares, que dejaron fuera de servicio el suministro de agua y electricidad en la capital.<\/p>\n<p><span data-slot-id=\"Article_InContent-1\" class=\"rich-text-ad\"\/><\/p>\n<h2>Infraestructura \u00abdiezmada\u201d<\/h2>\n<p>Pese a lo anterior, las autoridades sanitarias del estado de Jartum indicaron que hab\u00edan registrado una disminuci\u00f3n de las tasas de mortalidad e infecci\u00f3n de c\u00f3lera, as\u00ed como un incremento del porcentaje de los pacientes que se han recuperado, algo que consider\u00f3 \u00abun buen indicador\u00bb.\u00a0 Seg\u00fan el Gobierno sudan\u00e9s, en Jartum se concentran el 90 por ciento de los casos, especialmente en las localidades de Karari, Omdurm\u00e1n y Ombada.<\/p>\n<p>La directora regional de la Organizaci\u00f3n Mundial de la Salud (OMS) en el Mediterr\u00e1neo Oriental, Hanan Balkhy, entreg\u00f3 esta misma jornada una visi\u00f3n un poco distinta, se\u00f1alando que en los \u00faltimos 10 meses se han reportado 65.291 casos de c\u00f3lera y 1.721 muertes asociadas. \u00abLa infraestructura diezmada, el agua insalubre y los desplazamientos masivos est\u00e1n alimentando esta crisis prevenible\u00bb, dijo la responsable, que asegur\u00f3 que la OMS est\u00e1 respondiendo con suministros y vacunas.<\/p>\n<p>Por su parte, UNICEF inform\u00f3 que desde enero se han reportado m\u00e1s de mil casos de c\u00f3lera en ni\u00f1os menores de cinco a\u00f1os en el estado de Jartum. \u00abLos continuos ataques a centrales el\u00e9ctricas en el estado de Jartum durante el \u00faltimo mes han interrumpido el suministro el\u00e9ctrico y agravado la escasez de agua, afectando significativamente el acceso a agua potable. Esto ha obligado a muchas familias a buscar agua de fuentes inseguras y contaminadas\u00bb, dijo la organizaci\u00f3n.<\/p>\n<p>DZC (EFE, AFP)<\/p>\n<\/div>\n\n","protected":false},"excerpt":{"rendered":"<p>Al menos 70 personas han muerto en los \u00faltimos dos d\u00edas en el estado de Jartum, donde se encuentra la capital de Sud\u00e1n, por el brote de c\u00f3lera que azota el pa\u00eds africano, devastado tras m\u00e1s de dos a\u00f1os de guerra entre el Ej\u00e9rcito y los paramilitares de las Fuerzas de Apoyo R\u00e1pido (FAR), inform\u00f3 &hellip;<\/p>\n","protected":false},"author":1,"featured_media":29318,"comment_status":"open","ping_status":"open","sticky":false,"template":"","format":"standard","meta":{"fifu_image_url":"https:\/\/static.dw.com\/image\/72644056_6.jpg","fifu_image_alt":"","footnotes":""},"categories":[13],"tags":[],"class_list":["post-29317","post","type-post","status-publish","format-standard","has-post-thumbnail","","category-mundo"],"_links":{"self":[{"href":"https:\/\/noticiasveraces.com\/index.php?rest_route=\/wp\/v2\/posts\/29317","targetHints":{"allow":["GET"]}}],"collection":[{"href":"https:\/\/noticiasveraces.com\/index.php?rest_route=\/wp\/v2\/posts"}],"about":[{"href":"https:\/\/noticiasveraces.com\/index.php?rest_route=\/wp\/v2\/types\/post"}],"author":[{"embeddable":true,"href":"https:\/\/noticiasveraces.com\/index.php?rest_route=\/wp\/v2\/users\/1"}],"replies":[{"embeddable":true,"href":"https:\/\/noticiasveraces.com\/index.php?rest_route=%2Fwp%2Fv2%2Fcomments&post=29317"}],"version-history":[{"count":0,"href":"https:\/\/noticiasveraces.com\/index.php?rest_route=\/wp\/v2\/posts\/29317\/revisions"}],"wp:featuredmedia":[{"embeddable":true,"href":"https:\/\/noticiasveraces.com\/index.php?rest_route=\/wp\/v2\/media\/29318"}],"wp:attachment":[{"href":"https:\/\/noticiasveraces.com\/index.php?rest_route=%2Fwp%2Fv2%2Fmedia&parent=29317"}],"wp:term":[{"taxonomy":"category","embeddable":true,"href":"https:\/\/noticiasveraces.com\/index.php?rest_route=%2Fwp%2Fv2%2Fcategories&post=29317"},{"taxonomy":"post_tag","embeddable":true,"href":"https:\/\/noticiasveraces.com\/index.php?rest_route=%2Fwp%2Fv2%2Ftags&post=29317"}],"curies":[{"name":"wp","href":"https:\/\/api.w.org\/{rel}","templated":true}]}}