{"id":29277,"date":"2025-05-29T01:09:09","date_gmt":"2025-05-29T05:09:09","guid":{"rendered":"https:\/\/noticiasveraces.com\/?p=29277"},"modified":"2025-05-29T01:09:09","modified_gmt":"2025-05-29T05:09:09","slug":"elon-musk-confirma-su-salida-del-gobierno-de-trump-dw-29-05-2025","status":"publish","type":"post","link":"https:\/\/noticiasveraces.com\/?p=29277","title":{"rendered":"Elon Musk confirma su salida del gobierno de Trump \u2013 DW \u2013 29\/05\/2025"},"content":{"rendered":"<p> \n<\/p>\n<div>\n<p>El magnate Elon Musk confirm\u00f3 la noche del mi\u00e9rcoles (28.05.2025) su salida del gobierno de Donald Trump, tras expresar \u00abdecepci\u00f3n\u00bb por el megaproyecto fiscal y presupuestario del republicano que, seg\u00fan dijo, \u00absocava\u00bb su trabajo como asesor de eficiencia.<\/p>\n<p>\u00abAhora que mi tiempo programado como empleado gubernamental especial llega a su fin, quiero dar las gracias al presidente Donald Trump por la oportunidad de reducir el gasto despilfarrador\u00bb, dijo Musk en un breve mensaje en su cuenta de X.<\/p>\n<p>El multimillonario sudafricano agreg\u00f3 que la misi\u00f3n del Departamento de Eficiencia Gubernamental (DOGE), una iniciativa enfocada en reducir la burocracia y el gasto federal, \u00abse fortalecer\u00e1 con el tiempo, a medida que se convierta en un modo de vida en todo el gobierno\u00bb.<\/p>\n<p>Musk, en los \u00faltimos d\u00edas, ya hab\u00eda adelantado que se propon\u00eda dejar el gobierno y centrarse en sus empresas, especialmente en la aeroespacial SpaceX, que ayer hizo su noveno lanzamiento de prueba de un cohete con la meta de que la humanidad llegue a Marte.<\/p>\n<blockquote class=\"tweet embed\" data-id=\"1927883324724256938\"\/>\n<p>Precisamente, el multimillonario fundador de Tesla ofreci\u00f3 el martes,\u00a0durante el lanzamiento del cohete, una entrevista al programa CBS Sunday Morning, que hoy public\u00f3 fragmentos de adelanto a su transmisi\u00f3n el pr\u00f3ximo domingo, en la que este expresaba \u00abdecepci\u00f3n\u00bb.<\/p>\n<p>Musk critic\u00f3 el nombrado por Trump &#8216;Gran y hermoso proyecto de ley&#8217;, aprobado por la C\u00e1mara de Representantes la semana pasada y enviado al Senado estadounidense para su discusi\u00f3n.<\/p>\n<p>\u00abFrancamente, me decepcion\u00f3 ver el enorme proyecto de ley de gastos, que aumenta el d\u00e9ficit presupuestario, no solo no lo reduce, y socava el trabajo que est\u00e1 realizando el equipo de DOGE\u00bb, declar\u00f3 Musk en un fragmento del programa.<\/p>\n<p>Este fin de semana, el magnate tambi\u00e9n hab\u00eda adelantado que pensaba dejar de lado la pol\u00edtica, al relatar en X que estaba pasando todo su tiempo trabajando y durmiendo en \u00absalas de conferencias, servidores y f\u00e1bricas\u00bb y que quer\u00eda estar \u00abs\u00faper centrado en X, xAI y Tesla\u00bb.<\/p>\n<p>GS (EFE, AFP, AP, Reuters)<\/p>\n<\/div>\n\n","protected":false},"excerpt":{"rendered":"<p>El magnate Elon Musk confirm\u00f3 la noche del mi\u00e9rcoles (28.05.2025) su salida del gobierno de Donald Trump, tras expresar \u00abdecepci\u00f3n\u00bb por el megaproyecto fiscal y presupuestario del republicano que, seg\u00fan dijo, \u00absocava\u00bb su trabajo como asesor de eficiencia. \u00abAhora que mi tiempo programado como empleado gubernamental especial llega a su fin, quiero dar las gracias &hellip;<\/p>\n","protected":false},"author":1,"featured_media":29278,"comment_status":"open","ping_status":"open","sticky":false,"template":"","format":"standard","meta":{"fifu_image_url":"https:\/\/static.dw.com\/image\/72627211_6.jpg","fifu_image_alt":"","footnotes":""},"categories":[13],"tags":[],"class_list":["post-29277","post","type-post","status-publish","format-standard","has-post-thumbnail","","category-mundo"],"_links":{"self":[{"href":"https:\/\/noticiasveraces.com\/index.php?rest_route=\/wp\/v2\/posts\/29277","targetHints":{"allow":["GET"]}}],"collection":[{"href":"https:\/\/noticiasveraces.com\/index.php?rest_route=\/wp\/v2\/posts"}],"about":[{"href":"https:\/\/noticiasveraces.com\/index.php?rest_route=\/wp\/v2\/types\/post"}],"author":[{"embeddable":true,"href":"https:\/\/noticiasveraces.com\/index.php?rest_route=\/wp\/v2\/users\/1"}],"replies":[{"embeddable":true,"href":"https:\/\/noticiasveraces.com\/index.php?rest_route=%2Fwp%2Fv2%2Fcomments&post=29277"}],"version-history":[{"count":0,"href":"https:\/\/noticiasveraces.com\/index.php?rest_route=\/wp\/v2\/posts\/29277\/revisions"}],"wp:featuredmedia":[{"embeddable":true,"href":"https:\/\/noticiasveraces.com\/index.php?rest_route=\/wp\/v2\/media\/29278"}],"wp:attachment":[{"href":"https:\/\/noticiasveraces.com\/index.php?rest_route=%2Fwp%2Fv2%2Fmedia&parent=29277"}],"wp:term":[{"taxonomy":"category","embeddable":true,"href":"https:\/\/noticiasveraces.com\/index.php?rest_route=%2Fwp%2Fv2%2Fcategories&post=29277"},{"taxonomy":"post_tag","embeddable":true,"href":"https:\/\/noticiasveraces.com\/index.php?rest_route=%2Fwp%2Fv2%2Ftags&post=29277"}],"curies":[{"name":"wp","href":"https:\/\/api.w.org\/{rel}","templated":true}]}}