{"id":29274,"date":"2025-05-29T00:54:49","date_gmt":"2025-05-29T04:54:49","guid":{"rendered":"https:\/\/noticiasveraces.com\/?p=29274"},"modified":"2025-05-29T00:54:49","modified_gmt":"2025-05-29T04:54:49","slug":"carlos-a-velez-duro-con-atletico-nacional-equipo-bipolar-y-vulgar","status":"publish","type":"post","link":"https:\/\/noticiasveraces.com\/?p=29274","title":{"rendered":"Carlos A. V\u00e9lez, duro con Atl\u00e9tico Nacional: \u2018Equipo bipolar y vulgar\u2019"},"content":{"rendered":"<p> \n<br \/><img decoding=\"async\" src=\"https:\/\/www.futbolred.com\/files\/article_graphic\/uploads\/2025\/05\/28\/6837c9ca23c16.jpeg\" \/><\/p>\n<header>\n<h3>\n<p>                Curiosidades de f\u00fatbol<br \/>\n            <\/h3>\n<h1>\n<p>            Carlos A. V\u00e9lez, duro con Atl\u00e9tico Nacional: \u2018Equipo bipolar y vulgar\u2019<br \/>\n        <\/h1>\n<address>\n            <a>Juan Pablo Ar\u00e9valo<br \/>\n        <\/address>\n<p>            28 de mayo 2025 , 09:53 p.\u00a0m.<\/p>\n<\/header>\n<p>La derrota con Nacional y la clasificaci\u00f3n como segundo en Libertadores, provoc\u00f3 fuerte cr\u00edtica.<\/p>\n<p><b>Atl\u00e9tico Nacional dej\u00f3 un sinsabor<\/b> en su participaci\u00f3n en el grupo F de la Copa Libertadores 2025: clasific\u00f3 anticipadamente ganando sus tres partidos de local; pero fue <b>terrible como visitante y en esa condici\u00f3n dej\u00f3 escapar el primer lugar<\/b>.<\/p>\n<p>El verde perdi\u00f3 este mi\u00e9rcoles 28 de mayo 1-0 contra Nacional de Uruguay, y complic\u00f3 sus posibilidades de cara al sorteo de los octavos de final, pues qued\u00f3 segundo y podr\u00eda cruzarse contra los grandes favoritos al t\u00edtulo en la pr\u00f3xima ronda.<\/p>\n<p>Ante la mala presentaci\u00f3n en Montevideo, el analista Carlos Antonio V\u00e9lez reaccion\u00f3 con una fuerte cr\u00edtica a los dirigidos por Javier Gandolfi.<\/p>\n<p><b>V\u00e9lez calific\u00f3 a Atl\u00e9tico Nacional de \u201cbipolar\u201d<\/b> por la derrota en Uruguay, pues \u201cresign\u00f3 el primer lugar del grupo F, lo que representa terminar de visitante y tener que enfrentar a un groso (a un ganador de grupo)\u201d.<\/p>\n<p>Analizando el partido de este mi\u00e9rcoles, V\u00e9lez coment\u00f3: \u201cEn el primer tiempo tuvo todo para ganar. Jug\u00f3 en campo contrario, desnivel\u00f3 por velocidad y juego f\u00edsico, lleg\u00f3 aunque no tir\u00f3 al arco y lo maniat\u00f3 al rival. Pero en la segunda parte <b>pareci\u00f3 un equipo vulgar, dejando ver sus vac\u00edos defensivos<\/b> cuando fue atacado y solo lleg\u00f3 cuando le marcaron el gol gracias a un espacio muy grande dejado por los centrales y la nula resistencia de su arquero\u201d.<\/p>\n<p>\u201cIgual <b>sigue en competencia pero\u2026<\/b>\u201d, finaliz\u00f3 Carlos Antonio.<\/p>\n\n","protected":false},"excerpt":{"rendered":"<p>Curiosidades de f\u00fatbol Carlos A. V\u00e9lez, duro con Atl\u00e9tico Nacional: \u2018Equipo bipolar y vulgar\u2019 Juan Pablo Ar\u00e9valo 28 de mayo 2025 , 09:53 p.\u00a0m. La derrota con Nacional y la clasificaci\u00f3n como segundo en Libertadores, provoc\u00f3 fuerte cr\u00edtica. Atl\u00e9tico Nacional dej\u00f3 un sinsabor en su participaci\u00f3n en el grupo F de la Copa Libertadores 2025: &hellip;<\/p>\n","protected":false},"author":1,"featured_media":29276,"comment_status":"open","ping_status":"open","sticky":false,"template":"","format":"standard","meta":{"fifu_image_url":"https:\/\/www.futbolred.com\/files\/og_thumbnail\/uploads\/2025\/05\/28\/6837c9ca23c16.jpeg","fifu_image_alt":"","footnotes":""},"categories":[6],"tags":[],"class_list":["post-29274","post","type-post","status-publish","format-standard","has-post-thumbnail","","category-deportes"],"_links":{"self":[{"href":"https:\/\/noticiasveraces.com\/index.php?rest_route=\/wp\/v2\/posts\/29274","targetHints":{"allow":["GET"]}}],"collection":[{"href":"https:\/\/noticiasveraces.com\/index.php?rest_route=\/wp\/v2\/posts"}],"about":[{"href":"https:\/\/noticiasveraces.com\/index.php?rest_route=\/wp\/v2\/types\/post"}],"author":[{"embeddable":true,"href":"https:\/\/noticiasveraces.com\/index.php?rest_route=\/wp\/v2\/users\/1"}],"replies":[{"embeddable":true,"href":"https:\/\/noticiasveraces.com\/index.php?rest_route=%2Fwp%2Fv2%2Fcomments&post=29274"}],"version-history":[{"count":0,"href":"https:\/\/noticiasveraces.com\/index.php?rest_route=\/wp\/v2\/posts\/29274\/revisions"}],"wp:featuredmedia":[{"embeddable":true,"href":"https:\/\/noticiasveraces.com\/index.php?rest_route=\/wp\/v2\/media\/29276"}],"wp:attachment":[{"href":"https:\/\/noticiasveraces.com\/index.php?rest_route=%2Fwp%2Fv2%2Fmedia&parent=29274"}],"wp:term":[{"taxonomy":"category","embeddable":true,"href":"https:\/\/noticiasveraces.com\/index.php?rest_route=%2Fwp%2Fv2%2Fcategories&post=29274"},{"taxonomy":"post_tag","embeddable":true,"href":"https:\/\/noticiasveraces.com\/index.php?rest_route=%2Fwp%2Fv2%2Ftags&post=29274"}],"curies":[{"name":"wp","href":"https:\/\/api.w.org\/{rel}","templated":true}]}}