{"id":29262,"date":"2025-05-28T21:04:23","date_gmt":"2025-05-29T01:04:23","guid":{"rendered":"https:\/\/noticiasveraces.com\/?p=29262"},"modified":"2025-05-28T21:04:23","modified_gmt":"2025-05-29T01:04:23","slug":"franklin-graham-ofrece-oraciones-por-zelenskyy-putin-y-trump-en-berlin-en-medio-de-la-guerra","status":"publish","type":"post","link":"https:\/\/noticiasveraces.com\/?p=29262","title":{"rendered":"Franklin Graham ofrece oraciones por Zelenskyy, Putin y Trump en Berl\u00edn en medio de la guerra"},"content":{"rendered":"<p> \n<\/p>\n<div>\n<p class=\"speakable\">Franklin Graham, presidente de la Asociaci\u00f3n Evangel\u00edstica de Billy Graham y el bolso de Samaritan, se reuni\u00f3 el mi\u00e9rcoles con el presidente ucraniano Volodymyr Zelenskyy en Berl\u00edn.<\/p>\n<p class=\"speakable\">Durante su reuni\u00f3n, Graham ofreci\u00f3 oraciones por Zelenskyy, el presidente ruso Vladimir Putin y el presidente Donald Trump, buscando orientaci\u00f3n divina para un camino hacia la paz en la guerra en curso de Rusia-Ukraine.<\/p>\n<p>\u00abHoy tuve el privilegio de reunirme con el presidente Zelenskyy y orar con \u00e9l\u00bb, comparti\u00f3 Graham en las redes sociales. \u00abRec\u00e9 por el presidente Putin, rec\u00e9 por \u00e9l [Zelenskyy]y rec\u00e9 por el presidente Trump, para que Dios les diera sabidur\u00eda y que Dios les diera un camino hacia adelante para la paz \u00ab.<\/p>\n<p><strong>Zelensky arroja detalles sobre la reuni\u00f3n con Vance, Rubio en Roma despu\u00e9s del puesto de conversaciones de paz de Rusia<\/strong><\/p>\n<div class=\"image-ct inline\">\n<div class=\"m\"><picture><source media=\"(max-width: 767px)\" srcset=\"https:\/\/a57.foxnews.com\/static.foxnews.com\/foxnews.com\/content\/uploads\/2025\/05\/343\/192\/franklinwithzelenskyy.jpg?ve=1&amp;tl=1, https:\/\/a57.foxnews.com\/static.foxnews.com\/foxnews.com\/content\/uploads\/2025\/05\/686\/384\/franklinwithzelenskyy.jpg?ve=1&amp;tl=1 2x\" height=\"192\" width=\"343\"><source media=\"(min-width: 768px) and (max-width: 1023px)\" srcset=\"https:\/\/a57.foxnews.com\/static.foxnews.com\/foxnews.com\/content\/uploads\/2025\/05\/672\/378\/franklinwithzelenskyy.jpg?ve=1&amp;tl=1, https:\/\/a57.foxnews.com\/static.foxnews.com\/foxnews.com\/content\/uploads\/2025\/05\/1344\/756\/franklinwithzelenskyy.jpg?ve=1&amp;tl=1 2x\" height=\"378\" width=\"672\"><source media=\"(min-width: 1024px) and (max-width: 1279px)\" srcset=\"https:\/\/a57.foxnews.com\/static.foxnews.com\/foxnews.com\/content\/uploads\/2025\/05\/931\/523\/franklinwithzelenskyy.jpg?ve=1&amp;tl=1, https:\/\/a57.foxnews.com\/static.foxnews.com\/foxnews.com\/content\/uploads\/2025\/05\/1862\/1046\/franklinwithzelenskyy.jpg?ve=1&amp;tl=1 2x\" height=\"523\" width=\"931\"><source media=\"(min-width: 1280px)\" srcset=\"https:\/\/a57.foxnews.com\/static.foxnews.com\/foxnews.com\/content\/uploads\/2025\/05\/720\/405\/franklinwithzelenskyy.jpg?ve=1&amp;tl=1, https:\/\/a57.foxnews.com\/static.foxnews.com\/foxnews.com\/content\/uploads\/2025\/05\/1440\/810\/franklinwithzelenskyy.jpg?ve=1&amp;tl=1 2x\" height=\"405\" width=\"720\"><img loading=\"lazy\" decoding=\"async\" src=\"https:\/\/a57.foxnews.com\/static.foxnews.com\/foxnews.com\/content\/uploads\/2025\/05\/1200\/675\/franklinwithzelenskyy.jpg?ve=1&amp;tl=1\" alt=\"El presidente ucraniano, Volodymyr Zelenskyy, se re\u00fane con Franklin Graham en Berl\u00edn\" width=\"1200\" height=\"675\"\/><\/source><\/source><\/source><\/source><\/picture><\/div>\n<div class=\"info\">\n<div class=\"caption\">\n<p><span>El presidente ucraniano, Volodymyr Zelenskyy, a la izquierda, y Franklin Graham comparten una conversaci\u00f3n durante una reuni\u00f3n en Berl\u00edn.<\/span> <span>(Asociaci\u00f3n Evangel\u00edstica de Billy Graham)<\/span><\/p>\n<\/div>\n<\/div>\n<\/div>\n<p>La reuni\u00f3n coincidi\u00f3 con el Congreso Europeo sobre Evangelismo, donde Graham abord\u00f3 m\u00e1s de 1,000 l\u00edderes cristianos de 55 pa\u00edses. <\/p>\n<p>Hizo hincapi\u00e9 en las complejidades de la guerra, declarando: \u00abEstos son muy dif\u00edciles, y creo que solo Dios puede resolver esto\u00bb.<\/p>\n<p>Zelenskyy expres\u00f3 su gratitud por la ayuda humanitaria proporcionada por el bolso de Samaritano, incluido el apoyo a los ni\u00f1os ucranianos, las personas desplazadas e instituciones m\u00e9dicas. <\/p>\n<p>\u00abEstamos muy agradecidos por el fuerte apoyo del pueblo estadounidense, la Casa Blanca y el presidente Trump\u00bb, dijo Zelenskyy. \u00abGracias por sus oraciones y por ayudar a las personas\u00bb.<\/p>\n<p>La reuni\u00f3n tuvo lugar en un contexto de acci\u00f3n militar rusa intensificada en Ucrania.<\/p>\n<p><strong>En el tercer aniversario de la invasi\u00f3n de Ucrania, los l\u00edderes europeos muestran apoyo, expresan inquietud<\/strong><\/p>\n<div class=\"image-ct inline\">\n<div class=\"m\"><picture><source media=\"(max-width: 767px)\" srcset=\"https:\/\/a57.foxnews.com\/static.foxnews.com\/foxnews.com\/content\/uploads\/2025\/05\/343\/192\/ukraine-bgea.jpg?ve=1&amp;tl=1, https:\/\/a57.foxnews.com\/static.foxnews.com\/foxnews.com\/content\/uploads\/2025\/05\/686\/384\/ukraine-bgea.jpg?ve=1&amp;tl=1 2x\" height=\"192\" width=\"343\"><source media=\"(min-width: 768px) and (max-width: 1023px)\" srcset=\"https:\/\/a57.foxnews.com\/static.foxnews.com\/foxnews.com\/content\/uploads\/2025\/05\/672\/378\/ukraine-bgea.jpg?ve=1&amp;tl=1, https:\/\/a57.foxnews.com\/static.foxnews.com\/foxnews.com\/content\/uploads\/2025\/05\/1344\/756\/ukraine-bgea.jpg?ve=1&amp;tl=1 2x\" height=\"378\" width=\"672\"><source media=\"(min-width: 1024px) and (max-width: 1279px)\" srcset=\"https:\/\/a57.foxnews.com\/static.foxnews.com\/foxnews.com\/content\/uploads\/2025\/05\/931\/523\/ukraine-bgea.jpg?ve=1&amp;tl=1, https:\/\/a57.foxnews.com\/static.foxnews.com\/foxnews.com\/content\/uploads\/2025\/05\/1862\/1046\/ukraine-bgea.jpg?ve=1&amp;tl=1 2x\" height=\"523\" width=\"931\"><source media=\"(min-width: 1280px)\" srcset=\"https:\/\/a57.foxnews.com\/static.foxnews.com\/foxnews.com\/content\/uploads\/2025\/05\/720\/405\/ukraine-bgea.jpg?ve=1&amp;tl=1, https:\/\/a57.foxnews.com\/static.foxnews.com\/foxnews.com\/content\/uploads\/2025\/05\/1440\/810\/ukraine-bgea.jpg?ve=1&amp;tl=1 2x\" height=\"405\" width=\"720\"><img loading=\"lazy\" decoding=\"async\" src=\"https:\/\/a57.foxnews.com\/static.foxnews.com\/foxnews.com\/content\/uploads\/2025\/05\/1200\/675\/ukraine-bgea.jpg?ve=1&amp;tl=1\" alt=\"Un hombre sostiene la bandera ucraniana en el escenario frente a un gran mapa digital de Europa durante el Congreso Europeo sobre Evangelismo en Berl\u00edn\" width=\"1200\" height=\"675\"\/><\/source><\/source><\/source><\/source><\/picture><\/div>\n<div class=\"info\">\n<div class=\"caption\">\n<p><span>Un representante lleva la bandera ucraniana durante una presentaci\u00f3n en el Congreso Europeo sobre Evangelismo en Berl\u00edn.<\/span> <span>(Asociaci\u00f3n Evangel\u00edstica de Billy Graham)<\/span><\/p>\n<\/div>\n<\/div>\n<\/div>\n<p>Informes recientes indican asaltos de aire y tierra ruso en aumento, con un mayor uso de drones por ambos lados. Alemania ha anunciado planes para ayudar a Ucrania a producir misiles de largo alcance, marcando una profundizaci\u00f3n significativa del apoyo a la industria de defensa de Ucrania.<\/p>\n<p>Zelenskyy ha propuesto una cumbre trilateral que involucra a Trump y Putin para negociar el fin de las hostilidades.<\/p>\n<p>La visita de Graham coincidi\u00f3 con el Congreso Europeo sobre Evangelismo celebrado en Berl\u00edn por primera vez en 25 a\u00f1os.<\/p>\n<p>Desde Ucrania hasta el Reino Unido y Suecia y Espa\u00f1a, m\u00e1s de 1,000 pastores y l\u00edderes del ministerio de toda Europa han venido a la ciudad, donde Billy Graham una vez predic\u00f3 para declarar que est\u00e1n \u00absin verg\u00fcenza del evangelio\u00bb, haci\u00e9ndose eco de las palabras de Romanos 1:16.<\/p>\n<div class=\"image-ct inline\">\n<div class=\"m\"><picture><source media=\"(max-width: 767px)\" srcset=\"https:\/\/a57.foxnews.com\/static.foxnews.com\/foxnews.com\/content\/uploads\/2025\/05\/343\/192\/franklin-graham-ece.jpg?ve=1&amp;tl=1, https:\/\/a57.foxnews.com\/static.foxnews.com\/foxnews.com\/content\/uploads\/2025\/05\/686\/384\/franklin-graham-ece.jpg?ve=1&amp;tl=1 2x\" height=\"192\" width=\"343\"><source media=\"(min-width: 768px) and (max-width: 1023px)\" srcset=\"https:\/\/a57.foxnews.com\/static.foxnews.com\/foxnews.com\/content\/uploads\/2025\/05\/672\/378\/franklin-graham-ece.jpg?ve=1&amp;tl=1, https:\/\/a57.foxnews.com\/static.foxnews.com\/foxnews.com\/content\/uploads\/2025\/05\/1344\/756\/franklin-graham-ece.jpg?ve=1&amp;tl=1 2x\" height=\"378\" width=\"672\"><source media=\"(min-width: 1024px) and (max-width: 1279px)\" srcset=\"https:\/\/a57.foxnews.com\/static.foxnews.com\/foxnews.com\/content\/uploads\/2025\/05\/931\/523\/franklin-graham-ece.jpg?ve=1&amp;tl=1, https:\/\/a57.foxnews.com\/static.foxnews.com\/foxnews.com\/content\/uploads\/2025\/05\/1862\/1046\/franklin-graham-ece.jpg?ve=1&amp;tl=1 2x\" height=\"523\" width=\"931\"><source media=\"(min-width: 1280px)\" srcset=\"https:\/\/a57.foxnews.com\/static.foxnews.com\/foxnews.com\/content\/uploads\/2025\/05\/720\/405\/franklin-graham-ece.jpg?ve=1&amp;tl=1, https:\/\/a57.foxnews.com\/static.foxnews.com\/foxnews.com\/content\/uploads\/2025\/05\/1440\/810\/franklin-graham-ece.jpg?ve=1&amp;tl=1 2x\" height=\"405\" width=\"720\"><img loading=\"lazy\" decoding=\"async\" src=\"https:\/\/a57.foxnews.com\/static.foxnews.com\/foxnews.com\/content\/uploads\/2025\/05\/1200\/675\/franklin-graham-ece.jpg?ve=1&amp;tl=1\" alt=\"Franklin Graham habla en el podio durante el Congreso Europeo sobre Evangelismo en Berl\u00edn, con su imagen proyectada en una gran pantalla detr\u00e1s de \u00e9l\" width=\"1200\" height=\"675\"\/><\/source><\/source><\/source><\/source><\/picture><\/div>\n<div class=\"info\">\n<div class=\"caption\">\n<p><span>Franklin Graham habla durante el Congreso Europeo sobre Evangelismo en Berl\u00edn.<\/span> <span>(Asociaci\u00f3n Evangel\u00edstica de Billy Graham)<\/span><\/p>\n<\/div>\n<\/div>\n<\/div>\n<p>\u00abNo ha habido una reuni\u00f3n de este tipo desde el Congreso de la Asociaci\u00f3n Evangel\u00edstica de Billy Graham en Amsterdam en 2000\u00bb, dijo Graham. \u00abQu\u00e9 momento para Europa, y qu\u00e9 momento para proclamar con audaz Cristo\u00bb.<\/p>\n<p>El Congreso marca un regreso a las ra\u00edces de la misi\u00f3n evangel\u00edstica global de BGEA. <\/p>\n<p>En 1966, Billy Graham celebr\u00f3 el primer Congreso Mundial sobre Evangelismo en Berl\u00edn, declarando a la ciudad una plataforma para llegar al mundo con el mensaje de salvaci\u00f3n.<\/p>\n<p>M\u00e1s de 20 oradores de 13 naciones est\u00e1n contribuyendo al Congreso 2025, con la adoraci\u00f3n dirigida por el ganador del Grammy Michael W. Smith, Charity Gayle y los mejores artistas cristianos de toda Europa. El evento se traduce en 10 idiomas.<\/p>\n<p><strong>Haga clic aqu\u00ed para obtener la aplicaci\u00f3n Fox News<\/strong><\/p>\n<p>Marc Van de Wouwer, un evangelista belga e investigador federal retirado, reflexion\u00f3 sobre su experiencia en el Congreso 2000 de Amsterdam. <\/p>\n<p>\u00abEn ese momento, hab\u00eda muy pocos evangelistas en B\u00e9lgica\u00bb, dijo. \u00abEse evento reaviv\u00f3 mi pasi\u00f3n, y ahora volver\u00e9 para ayudar a invertir en la pr\u00f3xima generaci\u00f3n\u00bb.<\/p>\n<p> <!----> <\/p>\n<div class=\"article-meta\">\n<div class=\"author-bio\">\n<p>Jasmine es escritor de Fox News Digital y un c\u00f3nyuge militar con sede en Nueva Orleans. Las historias se pueden enviar a jasmine.baehr@fox.com<\/p>\n<\/div>\n<\/div>\n<\/div>\n\n","protected":false},"excerpt":{"rendered":"<p>Franklin Graham, presidente de la Asociaci\u00f3n Evangel\u00edstica de Billy Graham y el bolso de Samaritan, se reuni\u00f3 el mi\u00e9rcoles con el presidente ucraniano Volodymyr Zelenskyy en Berl\u00edn. Durante su reuni\u00f3n, Graham ofreci\u00f3 oraciones por Zelenskyy, el presidente ruso Vladimir Putin y el presidente Donald Trump, buscando orientaci\u00f3n divina para un camino hacia la paz en &hellip;<\/p>\n","protected":false},"author":1,"featured_media":29264,"comment_status":"open","ping_status":"open","sticky":false,"template":"","format":"standard","meta":{"fifu_image_url":"https:\/\/static.foxnews.com\/foxnews.com\/content\/uploads\/2025\/05\/franklinwithzelenskyy.jpg","fifu_image_alt":"","footnotes":""},"categories":[13],"tags":[],"class_list":["post-29262","post","type-post","status-publish","format-standard","has-post-thumbnail","","category-mundo"],"_links":{"self":[{"href":"https:\/\/noticiasveraces.com\/index.php?rest_route=\/wp\/v2\/posts\/29262","targetHints":{"allow":["GET"]}}],"collection":[{"href":"https:\/\/noticiasveraces.com\/index.php?rest_route=\/wp\/v2\/posts"}],"about":[{"href":"https:\/\/noticiasveraces.com\/index.php?rest_route=\/wp\/v2\/types\/post"}],"author":[{"embeddable":true,"href":"https:\/\/noticiasveraces.com\/index.php?rest_route=\/wp\/v2\/users\/1"}],"replies":[{"embeddable":true,"href":"https:\/\/noticiasveraces.com\/index.php?rest_route=%2Fwp%2Fv2%2Fcomments&post=29262"}],"version-history":[{"count":0,"href":"https:\/\/noticiasveraces.com\/index.php?rest_route=\/wp\/v2\/posts\/29262\/revisions"}],"wp:featuredmedia":[{"embeddable":true,"href":"https:\/\/noticiasveraces.com\/index.php?rest_route=\/wp\/v2\/media\/29264"}],"wp:attachment":[{"href":"https:\/\/noticiasveraces.com\/index.php?rest_route=%2Fwp%2Fv2%2Fmedia&parent=29262"}],"wp:term":[{"taxonomy":"category","embeddable":true,"href":"https:\/\/noticiasveraces.com\/index.php?rest_route=%2Fwp%2Fv2%2Fcategories&post=29262"},{"taxonomy":"post_tag","embeddable":true,"href":"https:\/\/noticiasveraces.com\/index.php?rest_route=%2Fwp%2Fv2%2Ftags&post=29262"}],"curies":[{"name":"wp","href":"https:\/\/api.w.org\/{rel}","templated":true}]}}