{"id":29240,"date":"2025-05-28T18:52:17","date_gmt":"2025-05-28T22:52:17","guid":{"rendered":"https:\/\/noticiasveraces.com\/?p=29240"},"modified":"2025-05-28T18:52:17","modified_gmt":"2025-05-28T22:52:17","slug":"cucho-hernandez-y-sus-decepciones-en-europa-testigo-de-derrota-de-real-betis-en-conference-league-colombianos-en-el-exterior","status":"publish","type":"post","link":"https:\/\/noticiasveraces.com\/?p=29240","title":{"rendered":"Cucho Hern\u00e1ndez y sus decepciones en Europa: testigo de derrota de Real Betis en Conference League | Colombianos en el Exterior"},"content":{"rendered":"<p> \n<br \/><img decoding=\"async\" src=\"https:\/\/www.futbolred.com\/files\/article_graphic\/files\/crop\/uploads\/2025\/03\/30\/67e9a97ebc44d.r_1341550.37-19-987-494.png\" \/><\/p>\n<div id=\"cuerpoArticulo\">\n<p class=\"texto intro\" id=\"p247179-m324-323-325\">Real Betis perdi\u00f3 este mi\u00e9rcoles 28 de mayo la final de la UEFA Conference League, a manos del Chelsea de Inglaterra, que gole\u00f3 4-1 para coronarse campe\u00f3n y hacer historia en el f\u00fatbol europeo.<\/p>\n<p>En Colombia muchos se preguntaron \u00bfpor qu\u00e9 en el Betis no jug\u00f3 Juan Camilo Hern\u00e1ndez?, si ven\u00eda jugando en el equipo espa\u00f1ol, y se hab\u00eda ganado la confianza del entrenador chileno Manuel Pellegrini.<\/p>\n<p>El problema del \u2018Cucho\u2019 es que lleg\u00f3 en medio de la competici\u00f3n y no pudo ser inscrito por el Betis ante la UEFA. As\u00ed, al atacante cafetero le toc\u00f3 sufrir la final fuera de la cancha y con la impotencia de no poder dar una mano con sus goles.<\/p>\n<p class=\"texto contenido-parrafo-articulo\" id=\"p247179-m342-2-343\">Sin embargo, m\u00e1s all\u00e1 de no poder jugar, para Hern\u00e1ndez fue un trago amargo ver c\u00f3mo sus compa\u00f1eros, que empezaron ganando la final en el estadio Wroclaw de Breslavia, Polonia.<\/p>\n<p>Y es que lamentablemente para el \u2018Cucho\u00bf, han sido m\u00e1s las tristezas que las alegr\u00edas desde que juega en el f\u00fatbol europeo.<\/p>\n<p>De 5 equipos en los que ha estado Hern\u00e1ndez en Europa, descendi\u00f3 con tres de ellos: Huesca (2018-2019), Mallorca (2019-2020) y Watford (2021-2022). Adem\u00e1s, con Betis tiene ya un t\u00edtulo perdido en la final.<\/p>\n<p>Solo en Getafe tuvo la tranquilidad de no descender, pero su presencia europea ha sido sufrida.<\/p>\n<p>En su palmar\u00e9s solo aparecen los t\u00edtulos logrados con Columbus Crew, de Estados Unidos; all\u00ed gan\u00f3 una MLS Conference Cup (Conferencia Este) en 2023, la MLS Cup (2003) y la Leagues Cup, en 2024.<\/p>\n<\/p><\/div>\n\n","protected":false},"excerpt":{"rendered":"<p>Real Betis perdi\u00f3 este mi\u00e9rcoles 28 de mayo la final de la UEFA Conference League, a manos del Chelsea de Inglaterra, que gole\u00f3 4-1 para coronarse campe\u00f3n y hacer historia en el f\u00fatbol europeo. En Colombia muchos se preguntaron \u00bfpor qu\u00e9 en el Betis no jug\u00f3 Juan Camilo Hern\u00e1ndez?, si ven\u00eda jugando en el equipo &hellip;<\/p>\n","protected":false},"author":1,"featured_media":29242,"comment_status":"open","ping_status":"open","sticky":false,"template":"","format":"standard","meta":{"fifu_image_url":"https:\/\/www.futbolred.com\/files\/og_thumbnail\/uploads\/2025\/03\/30\/67e9a97ebc44d.png","fifu_image_alt":"","footnotes":""},"categories":[6],"tags":[],"class_list":["post-29240","post","type-post","status-publish","format-standard","has-post-thumbnail","","category-deportes"],"_links":{"self":[{"href":"https:\/\/noticiasveraces.com\/index.php?rest_route=\/wp\/v2\/posts\/29240","targetHints":{"allow":["GET"]}}],"collection":[{"href":"https:\/\/noticiasveraces.com\/index.php?rest_route=\/wp\/v2\/posts"}],"about":[{"href":"https:\/\/noticiasveraces.com\/index.php?rest_route=\/wp\/v2\/types\/post"}],"author":[{"embeddable":true,"href":"https:\/\/noticiasveraces.com\/index.php?rest_route=\/wp\/v2\/users\/1"}],"replies":[{"embeddable":true,"href":"https:\/\/noticiasveraces.com\/index.php?rest_route=%2Fwp%2Fv2%2Fcomments&post=29240"}],"version-history":[{"count":0,"href":"https:\/\/noticiasveraces.com\/index.php?rest_route=\/wp\/v2\/posts\/29240\/revisions"}],"wp:featuredmedia":[{"embeddable":true,"href":"https:\/\/noticiasveraces.com\/index.php?rest_route=\/wp\/v2\/media\/29242"}],"wp:attachment":[{"href":"https:\/\/noticiasveraces.com\/index.php?rest_route=%2Fwp%2Fv2%2Fmedia&parent=29240"}],"wp:term":[{"taxonomy":"category","embeddable":true,"href":"https:\/\/noticiasveraces.com\/index.php?rest_route=%2Fwp%2Fv2%2Fcategories&post=29240"},{"taxonomy":"post_tag","embeddable":true,"href":"https:\/\/noticiasveraces.com\/index.php?rest_route=%2Fwp%2Fv2%2Ftags&post=29240"}],"curies":[{"name":"wp","href":"https:\/\/api.w.org\/{rel}","templated":true}]}}