{"id":29221,"date":"2025-05-28T16:47:11","date_gmt":"2025-05-28T20:47:11","guid":{"rendered":"https:\/\/noticiasveraces.com\/?p=29221"},"modified":"2025-05-28T16:47:11","modified_gmt":"2025-05-28T20:47:11","slug":"mas-obstaculos-para-los-inmigrantes-dw-28-05-2025","status":"publish","type":"post","link":"https:\/\/noticiasveraces.com\/?p=29221","title":{"rendered":"m\u00e1s obst\u00e1culos para los inmigrantes \u2013 DW \u2013 28\/05\/2025"},"content":{"rendered":"<p> \n<\/p>\n<div>\n<h2>\u00bfQu\u00e9 se ha decidido?<\/h2>\n<p><em>1. Reagrupaci\u00f3n familiar<\/em><\/p>\n<p>El Gobierno en Berl\u00edn quiere suspender durante dos a\u00f1os la reagrupaci\u00f3n familiar de un determinado grupo de refugiados en Alemania. Solo habr\u00e1 excepciones por razones humanitarias, por ejemplo, en caso de una enfermedad grave.<\/p>\n<p>Este mi\u00e9rcoles, 28 de mayo, el Consejo de ministros aprob\u00f3 la correspondiente modificaci\u00f3n legal. Ahora, el <em>Bundestag<\/em> tendr\u00e1 que pronunciarse al respecto. Despu\u00e9s, tambi\u00e9n el <em>Consejo federal<\/em>la c\u00e1mara de los Estados federados, deber\u00e1 aprobar la modificaci\u00f3n de la ley.<\/p>\n<p><em>2. Naturalizaci\u00f3n<\/em><\/p>\n<p>Ya no habr\u00e1 una naturalizaci\u00f3n acelerada al cabo de tres a\u00f1os para los inmigrantes que se esfuercen en integrarse. La normativa, introducida por el anterior Gobierno de socialdem\u00f3cratas, verdes y liberales, se anular\u00e1 sin sustituci\u00f3n.<\/p>\n<p><em>3. Un objetivo oficial: limitar la inmigraci\u00f3n<\/em><\/p>\n<p>Se reformular\u00e1 el derecho de residencia. Las normas legales ya no se utilizar\u00e1n \u00fanicamente para controlar la migraci\u00f3n. En el futuro, el objetivo ser\u00e1 \u00abcontrolar y limitar la migraci\u00f3n\u00bb.<\/p>\n<h2>\u00bfA qui\u00e9n afecta?<\/h2>\n<p>Los cambios en la ley de naturalizaci\u00f3n afectan a todos los que quieran solicitar un pasaporte alem\u00e1n. En el futuro, un inmigrante tendr\u00e1 que vivir en Alemania de forma permanente durante al menos cinco a\u00f1os antes de poder naturalizarse. Entre los requisitos se incluyen buenos conocimientos del alem\u00e1n y un trabajo fijo. En 2024, m\u00e1s de 200.000 personas se naturalizaron en Alemania, la cifra m\u00e1s alta de los \u00faltimos 25 a\u00f1os.<\/p>\n<p>La suspensi\u00f3n de la reagrupaci\u00f3n familiar afecta a quienes tienen derecho a protecci\u00f3n subsidiaria. Se trata de refugiados que no son perseguidos en el sentido de la Convenci\u00f3n de Ginebra sobre el Estatuto de los Refugiados ni tienen derecho a asilo pol\u00edtico. Sin embargo, pueden correr el riesgo de sufrir graves da\u00f1os en su pa\u00eds de origen, por ejemplo debido a una guerra civil.<\/p>\n<figure class=\"placeholder-image master_landscape big\"><img data-format=\"MASTER_LANDSCAPE\" data-id=\"72696644\" data-url=\"https:\/\/static.dw.com\/image\/72696644_${formatId}.jpg\" data-aspect-ratio=\"16\/9\" alt=\"El canciller alem\u00e1n, Friedrich Merz, junto al ministro de Finanzas, Lars Klingbeil, y el ministro de Interior, Alexander Dobrindt.\" style=\"padding-bottom: 56.25%; height: 0; max-height: 0;\"\/><figcaption class=\"img-caption\">El canciller alem\u00e1n, Friedrich Merz, junto al ministro de Finanzas, Lars Klingbeil, y el ministro de Interior, Alexander Dobrindt.<small class=\"copyright\">Imagen: Kay Nietfeld\/picture alliance\/dpa<\/small><\/figcaption><\/figure>\n<h2>\u00bfC\u00f3mo funciona\u00a0la reagrupaci\u00f3n familiar?<\/h2>\n<p>Apenas en 2011, se les permiti\u00f3 a los refugiados traer a sus c\u00f3nyuges e hijos. En 2015, Berl\u00edn volvi\u00f3 a suspender la reagrupaci\u00f3n familiar despu\u00e9s de que un gran n\u00famero de refugiados de la guerra civil de Siria llegara a Alemania.<\/p>\n<p>Desde 2018, existe una cuota por la que se puede conceder un visado para Alemania a un m\u00e1ximo de 1.000 familiares cercanos al mes. Nunca ha existido un derecho legal a la reagrupaci\u00f3n familiar; la autorizaci\u00f3n queda a discreci\u00f3n de las autoridades.<\/p>\n<h2>\u00bfC\u00f3mo justifica el Gobierno su pol\u00edtica migratoria?<\/h2>\n<p>La Uni\u00f3n Cristianodem\u00f3crata (CDU) y su ala b\u00e1vara (CSU) quieren que menos personas huyan a Alemania, pero no se oponen a la \u00abinmigraci\u00f3n legal en nuestro mercado laboral y en nuestra sociedad\u00bb, dijo el ministro del Interior, Alexander Dobrindt. Sin embargo, rechaz\u00f3 la llamada migraci\u00f3n \u00abilegal\u00bb\u00a0o \u00abirregular\u00bb.<\/p>\n<p><span data-slot-id=\"Article_InContent-1\" class=\"rich-text-ad\"\/><\/p>\n<h2>\u00bfQu\u00e9 cr\u00edticas han recibido las medidas?<\/h2>\n<p>Los Verdes y la Izquierda est\u00e1n en contra de las medidas m\u00e1s estrictas, mientras que la AfD, considerada en parte de extrema derecha, no cree que sean suficientemente duras.<\/p>\n<p>La diputada de la Izquierda Clara B\u00fcnger opin\u00f3 que esto \u00abcambiar\u00eda negativamente a la sociedad y dificultar\u00eda la convivencia\u00bb. El \u00abgiro migratorio\u00bb\u00a0es nada menos que un \u00abrechazo de la humanidad y los derechos humanos\u00bb, asegur\u00f3.<\/p>\n<p>La organizaci\u00f3n Pro Asyl calific\u00f3 la suspensi\u00f3n de la reagrupaci\u00f3n familiar de \u00abley de destrucci\u00f3n familiar\u00bb. Tambi\u00e9n las iglesias expresaron su rechazo a esta modificaci\u00f3n. <\/p>\n<h2>\u00bfHay tambi\u00e9n aprobaci\u00f3n?<\/h2>\n<p>El Consejo de Expertos para la Integraci\u00f3n y la Migraci\u00f3n (SVR, por sus siglas en alem\u00e1n) critica la suspensi\u00f3n de la reagrupaci\u00f3n familiar. Sin embargo, saluda la propuesta de suspender la naturalizaci\u00f3n al cabo de tres a\u00f1os. Esto corregir\u00eda la impresi\u00f3n de que el acceso a la nacionalidad alemana es demasiado f\u00e1cil.<\/p>\n<p>(VT\/ER)<\/p>\n<\/p>\n<\/div>\n\n","protected":false},"excerpt":{"rendered":"<p>\u00bfQu\u00e9 se ha decidido? 1. Reagrupaci\u00f3n familiar El Gobierno en Berl\u00edn quiere suspender durante dos a\u00f1os la reagrupaci\u00f3n familiar de un determinado grupo de refugiados en Alemania. Solo habr\u00e1 excepciones por razones humanitarias, por ejemplo, en caso de una enfermedad grave. Este mi\u00e9rcoles, 28 de mayo, el Consejo de ministros aprob\u00f3 la correspondiente modificaci\u00f3n legal. &hellip;<\/p>\n","protected":false},"author":1,"featured_media":29222,"comment_status":"open","ping_status":"open","sticky":false,"template":"","format":"standard","meta":{"fifu_image_url":"https:\/\/static.dw.com\/image\/72694587_6.jpg","fifu_image_alt":"","footnotes":""},"categories":[13],"tags":[],"class_list":["post-29221","post","type-post","status-publish","format-standard","has-post-thumbnail","","category-mundo"],"_links":{"self":[{"href":"https:\/\/noticiasveraces.com\/index.php?rest_route=\/wp\/v2\/posts\/29221","targetHints":{"allow":["GET"]}}],"collection":[{"href":"https:\/\/noticiasveraces.com\/index.php?rest_route=\/wp\/v2\/posts"}],"about":[{"href":"https:\/\/noticiasveraces.com\/index.php?rest_route=\/wp\/v2\/types\/post"}],"author":[{"embeddable":true,"href":"https:\/\/noticiasveraces.com\/index.php?rest_route=\/wp\/v2\/users\/1"}],"replies":[{"embeddable":true,"href":"https:\/\/noticiasveraces.com\/index.php?rest_route=%2Fwp%2Fv2%2Fcomments&post=29221"}],"version-history":[{"count":0,"href":"https:\/\/noticiasveraces.com\/index.php?rest_route=\/wp\/v2\/posts\/29221\/revisions"}],"wp:featuredmedia":[{"embeddable":true,"href":"https:\/\/noticiasveraces.com\/index.php?rest_route=\/wp\/v2\/media\/29222"}],"wp:attachment":[{"href":"https:\/\/noticiasveraces.com\/index.php?rest_route=%2Fwp%2Fv2%2Fmedia&parent=29221"}],"wp:term":[{"taxonomy":"category","embeddable":true,"href":"https:\/\/noticiasveraces.com\/index.php?rest_route=%2Fwp%2Fv2%2Fcategories&post=29221"},{"taxonomy":"post_tag","embeddable":true,"href":"https:\/\/noticiasveraces.com\/index.php?rest_route=%2Fwp%2Fv2%2Ftags&post=29221"}],"curies":[{"name":"wp","href":"https:\/\/api.w.org\/{rel}","templated":true}]}}