{"id":29180,"date":"2025-05-28T09:38:58","date_gmt":"2025-05-28T13:38:58","guid":{"rendered":"https:\/\/noticiasveraces.com\/?p=29180"},"modified":"2025-05-28T09:38:58","modified_gmt":"2025-05-28T13:38:58","slug":"alemania-anuncia-medidas-para-reducir-la-migracion-dw-28-05-2025","status":"publish","type":"post","link":"https:\/\/noticiasveraces.com\/?p=29180","title":{"rendered":"Alemania anuncia medidas para reducir la migraci\u00f3n \u2013 DW \u2013 28\/05\/2025"},"content":{"rendered":"<p> \n<\/p>\n<div>\n<p>El Gobierno de Alemania acord\u00f3 este mi\u00e9rcoles (28.05.2025) en Consejo de Ministros suspender por al menos dos a\u00f1os la reunificaci\u00f3n familiar para las personas que cuentan con un estatus de protecci\u00f3n humanitaria, entre otras medidas destinadas a reducir la migraci\u00f3n al pa\u00eds centroeuropeo, seg\u00fan anunci\u00f3 el ministro del Interior, Alexander Dobrindt.<\/p>\n<p>\u00abEl objetivo es reducir factores con efecto llamada, introducir m\u00e1s orden en la migraci\u00f3n y mantener un equilibrio justo entre el orden y la humanidad\u00bb, dijo el ministro. Hasta ahora, las personas con estatus de protecci\u00f3n subsidiaria -que, al contrario que los reconocidos como refugiados, no est\u00e1n expuestas a un riesgo individual, pero han huido de un contexto de guerra- ten\u00edan derecho a solicitar que familiares de primer grado se reuniesen con ellos en Alemania.<\/p>\n<p>Dobrindt explic\u00f3 que la reunificaci\u00f3n se suspender\u00e1 por el momento por dos a\u00f1os, una vez que el Bundestag d\u00e9 luz verde a la reforma legal, aunque habr\u00e1 excepciones por ejemplo para familiares que necesiten atenci\u00f3n m\u00e9dica urgente. El consejo decidi\u00f3 tambi\u00e9n eliminar la opci\u00f3n de obtener la ciudadan\u00eda alemana tras solo tres a\u00f1os de residencia en el pa\u00eds en el caso de poder acreditar una integraci\u00f3n o unas prestaciones extraordinarias, que hab\u00eda sido introducida por el anterior Gobierno.<\/p>\n<h2>\u00abOrdenar\u201d y \u00ablimitar\u201d<\/h2>\n<p>Dobrindt explic\u00f3 que, sumado a lo anterior, se acord\u00f3 volver a introducir en la Ley de Extranjer\u00eda el objetivo no s\u00f3lo de \u00abordenar\u00bb sino tambi\u00e9n de \u00ablimitar\u00bb la migraci\u00f3n, una palabra esta \u00faltima que hab\u00eda sido eliminada por el anterior Ejecutivo. Seg\u00fan la Oficina Federal de Migraci\u00f3n y Asilo (BAMF), en lo que va de a\u00f1o obtuvieron protecci\u00f3n subsidiaria en Alemania 1.805 personas, en su mayor\u00eda procedentes de Afganist\u00e1n, Eritrea y Somalia.<\/p>\n<p>De acuerdo con la ONG Mediendienst Integration, a finales del a\u00f1o pasado viv\u00edan en Alemania 380.000 personas con protecci\u00f3n subsidiaria (dos tercios de ellos sirios), de un total de aproximadamente 2,8 millones de personas que han recibido alg\u00fan tipo de protecci\u00f3n internacional. Entre 2018 y 2024, se otorgaron seg\u00fan esta misma fuente 58.400 visados familiares de personas con protecci\u00f3n subsidiaria, lo que representa el 8 por ciento de todos los visados con fines de reunificaci\u00f3n familiar expedidos en ese periodo.<\/p>\n<p>DZC (EFE, DPA)<\/p>\n<\/div>\n\n","protected":false},"excerpt":{"rendered":"<p>El Gobierno de Alemania acord\u00f3 este mi\u00e9rcoles (28.05.2025) en Consejo de Ministros suspender por al menos dos a\u00f1os la reunificaci\u00f3n familiar para las personas que cuentan con un estatus de protecci\u00f3n humanitaria, entre otras medidas destinadas a reducir la migraci\u00f3n al pa\u00eds centroeuropeo, seg\u00fan anunci\u00f3 el ministro del Interior, Alexander Dobrindt. \u00abEl objetivo es reducir &hellip;<\/p>\n","protected":false},"author":1,"featured_media":29181,"comment_status":"open","ping_status":"open","sticky":false,"template":"","format":"standard","meta":{"fifu_image_url":"https:\/\/static.dw.com\/image\/72694505_6.jpg","fifu_image_alt":"","footnotes":""},"categories":[13],"tags":[],"class_list":["post-29180","post","type-post","status-publish","format-standard","has-post-thumbnail","","category-mundo"],"_links":{"self":[{"href":"https:\/\/noticiasveraces.com\/index.php?rest_route=\/wp\/v2\/posts\/29180","targetHints":{"allow":["GET"]}}],"collection":[{"href":"https:\/\/noticiasveraces.com\/index.php?rest_route=\/wp\/v2\/posts"}],"about":[{"href":"https:\/\/noticiasveraces.com\/index.php?rest_route=\/wp\/v2\/types\/post"}],"author":[{"embeddable":true,"href":"https:\/\/noticiasveraces.com\/index.php?rest_route=\/wp\/v2\/users\/1"}],"replies":[{"embeddable":true,"href":"https:\/\/noticiasveraces.com\/index.php?rest_route=%2Fwp%2Fv2%2Fcomments&post=29180"}],"version-history":[{"count":0,"href":"https:\/\/noticiasveraces.com\/index.php?rest_route=\/wp\/v2\/posts\/29180\/revisions"}],"wp:featuredmedia":[{"embeddable":true,"href":"https:\/\/noticiasveraces.com\/index.php?rest_route=\/wp\/v2\/media\/29181"}],"wp:attachment":[{"href":"https:\/\/noticiasveraces.com\/index.php?rest_route=%2Fwp%2Fv2%2Fmedia&parent=29180"}],"wp:term":[{"taxonomy":"category","embeddable":true,"href":"https:\/\/noticiasveraces.com\/index.php?rest_route=%2Fwp%2Fv2%2Fcategories&post=29180"},{"taxonomy":"post_tag","embeddable":true,"href":"https:\/\/noticiasveraces.com\/index.php?rest_route=%2Fwp%2Fv2%2Ftags&post=29180"}],"curies":[{"name":"wp","href":"https:\/\/api.w.org\/{rel}","templated":true}]}}