{"id":29177,"date":"2025-05-28T08:37:51","date_gmt":"2025-05-28T12:37:51","guid":{"rendered":"https:\/\/noticiasveraces.com\/?p=29177"},"modified":"2025-05-28T08:37:51","modified_gmt":"2025-05-28T12:37:51","slug":"sudafrica-rechaza-la-demanda-de-trump-para-arrestar-a-malema-por-el-canto-de-matar-al-granjero","status":"publish","type":"post","link":"https:\/\/noticiasveraces.com\/?p=29177","title":{"rendered":"Sud\u00e1frica rechaza la demanda de Trump para arrestar a Malema por el canto de &#8216;matar al granjero&#8217;"},"content":{"rendered":"<p> \n<\/p>\n<div>\n<p class=\"speakable\">JOHANNESBURG &#8211; El presidente sudafricano Cyril Ramaphosa respondi\u00f3 el martes contra la demanda del presidente Donald Trump de que el pol\u00edtico de la oposici\u00f3n Julius Malema sea arrestado, por cantar repetidamente \u00abmatar al agricultor\u00bb.<\/p>\n<p class=\"speakable\">Tambi\u00e9n el martes, un pol\u00edtico superior dentro del gobierno de Sud\u00e1frica le dijo a Fox News Digital el canto \u00abOdio inflamado\u00bb y pidi\u00f3 \u00abconsecuencias legales\u00bb.<\/p>\n<p>En la Oficina Oval de la Casa Blanca la semana pasada, el presidente Trump ten\u00eda un video que mostraba a Malema haciendo el canto mostrado a la entonces visitante Ramaphosa. Trump le dijo al l\u00edder sudafricano que Malema deber\u00eda ser arrestado.<\/p>\n<p>El domingo, Malema, l\u00edder del partido pol\u00edtico de los combatientes de la libertad econ\u00f3mica (EFF), que atrajo poco menos del 10% de los votos en las elecciones sudafricanas de mayo de mayo y no es parte del gobierno de la unidad nacional, dijo a una multitud de miles en una manifestaci\u00f3n en el estado libre de Sud\u00e1frica, \u00abnunca ser\u00e1 intimidado por Donald Trump\u00bb.<\/p>\n<p><strong>La cr\u00edtica de Trump a la violenta crisis del crimen de Sud\u00e1frica recibe un apoyo local inesperado<\/strong><\/p>\n<div class=\"image-ct inline\">\n<div class=\"m\"><picture><source media=\"(max-width: 767px)\" srcset=\"https:\/\/a57.foxnews.com\/static.foxnews.com\/foxnews.com\/content\/uploads\/2023\/07\/343\/192\/Julius-Malema-2.png?ve=1&amp;tl=1, https:\/\/a57.foxnews.com\/static.foxnews.com\/foxnews.com\/content\/uploads\/2023\/07\/686\/384\/Julius-Malema-2.png?ve=1&amp;tl=1 2x\" height=\"192\" width=\"343\"><source media=\"(min-width: 768px) and (max-width: 1023px)\" srcset=\"https:\/\/a57.foxnews.com\/static.foxnews.com\/foxnews.com\/content\/uploads\/2023\/07\/672\/378\/Julius-Malema-2.png?ve=1&amp;tl=1, https:\/\/a57.foxnews.com\/static.foxnews.com\/foxnews.com\/content\/uploads\/2023\/07\/1344\/756\/Julius-Malema-2.png?ve=1&amp;tl=1 2x\" height=\"378\" width=\"672\"><source media=\"(min-width: 1024px) and (max-width: 1279px)\" srcset=\"https:\/\/a57.foxnews.com\/static.foxnews.com\/foxnews.com\/content\/uploads\/2023\/07\/931\/523\/Julius-Malema-2.png?ve=1&amp;tl=1, https:\/\/a57.foxnews.com\/static.foxnews.com\/foxnews.com\/content\/uploads\/2023\/07\/1862\/1046\/Julius-Malema-2.png?ve=1&amp;tl=1 2x\" height=\"523\" width=\"931\"><source media=\"(min-width: 1280px)\" srcset=\"https:\/\/a57.foxnews.com\/static.foxnews.com\/foxnews.com\/content\/uploads\/2023\/07\/720\/405\/Julius-Malema-2.png?ve=1&amp;tl=1, https:\/\/a57.foxnews.com\/static.foxnews.com\/foxnews.com\/content\/uploads\/2023\/07\/1440\/810\/Julius-Malema-2.png?ve=1&amp;tl=1 2x\" height=\"405\" width=\"720\"><img loading=\"lazy\" decoding=\"async\" src=\"https:\/\/a57.foxnews.com\/static.foxnews.com\/foxnews.com\/content\/uploads\/2023\/07\/1200\/675\/Julius-Malema-2.png?ve=1&amp;tl=1\" alt=\"Julius Malema\" width=\"1200\" height=\"675\"\/><\/source><\/source><\/source><\/source><\/picture><\/div>\n<div class=\"info\">\n<div class=\"caption\">\n<p><span>Julius Malema, l\u00edder de los combatientes de la libertad econ\u00f3mica, una vez m\u00e1s llama para \u00abmatar al boer\u00bb en una reciente rally en Sud\u00e1frica.<\/span> <span>(Waldo Swiegers\/Bloomberg a trav\u00e9s de Getty Images)<\/span><\/p>\n<\/div>\n<\/div>\n<\/div>\n<p>Solo cuatro d\u00edas despu\u00e9s de la llamada del presidente de que deber\u00eda ser arrestado, Malema se lanz\u00f3 al canto nuevamente, gritando para v\u00edtores \u00abdisparar para matar. Mata al Boer (agricultor afrikaans), el agricultor\u00bb. Los afrikaners son descendientes de los colonos holandeses que llegaron por primera vez a Sud\u00e1frica en 1652.<\/p>\n<p>Pareciendo querer enfatizar el desaf\u00edo, Malema cant\u00f3 \u00abRepito, mato al boer, al agricultor\u00bb.<\/p>\n<p>Reaccionando al presidente Trump pidiendo el arresto de Malema, el presidente Ramaphosa dijo el martes a los periodistas que no hay planes de detener al l\u00edder de EFF. \u00abNo es un asunto en el que debemos ser instruidos por cualquiera (para) ir y arrestar a este. (Malema) Somos un pa\u00eds soberano muy orgulloso que tiene sus propias leyes, que tiene sus propios procesos\u00bb.<\/p>\n<p>Ramaphosa continu\u00f3 que el equivalente de Sud\u00e1frica de la Corte Suprema, el Tribunal Constitucional, hab\u00eda decidido en 2022 el eslogan \u00abmatar al boer, matar al agricultor\u00bb era solo un \u00abcanto de liberaci\u00f3n y eslogan de d\u00e9cadas, y no est\u00e1 destinado a ser un mensaje que provoca o llame a alguien para que se vayan y sea asesinado, y eso es lo que nuestro tribunal decidi\u00f3\u00bb. Los cr\u00edticos se\u00f1alan que Malema<strong> <\/strong>Se encuentra en la Comisi\u00f3n de Servicios Judiciales de Sud\u00e1frica, el cuerpo que nombra a los jueces aqu\u00ed.<\/p>\n<p><strong>Trump confronta al presidente sudafricano con un video sobre el tratamiento de los agricultores blancos<\/strong><\/p>\n<div class=\"image-ct inline\">\n<div class=\"m\"><picture><source media=\"(max-width: 767px)\" srcset=\"https:\/\/a57.foxnews.com\/static.foxnews.com\/foxnews.com\/content\/uploads\/2024\/07\/343\/192\/South-Africa-3.png?ve=1&amp;tl=1, https:\/\/a57.foxnews.com\/static.foxnews.com\/foxnews.com\/content\/uploads\/2024\/07\/686\/384\/South-Africa-3.png?ve=1&amp;tl=1 2x\" height=\"192\" width=\"343\"><source media=\"(min-width: 768px) and (max-width: 1023px)\" srcset=\"https:\/\/a57.foxnews.com\/static.foxnews.com\/foxnews.com\/content\/uploads\/2024\/07\/672\/378\/South-Africa-3.png?ve=1&amp;tl=1, https:\/\/a57.foxnews.com\/static.foxnews.com\/foxnews.com\/content\/uploads\/2024\/07\/1344\/756\/South-Africa-3.png?ve=1&amp;tl=1 2x\" height=\"378\" width=\"672\"><source media=\"(min-width: 1024px) and (max-width: 1279px)\" srcset=\"https:\/\/a57.foxnews.com\/static.foxnews.com\/foxnews.com\/content\/uploads\/2024\/07\/931\/523\/South-Africa-3.png?ve=1&amp;tl=1, https:\/\/a57.foxnews.com\/static.foxnews.com\/foxnews.com\/content\/uploads\/2024\/07\/1862\/1046\/South-Africa-3.png?ve=1&amp;tl=1 2x\" height=\"523\" width=\"931\"><source media=\"(min-width: 1280px)\" srcset=\"https:\/\/a57.foxnews.com\/static.foxnews.com\/foxnews.com\/content\/uploads\/2024\/07\/720\/405\/South-Africa-3.png?ve=1&amp;tl=1, https:\/\/a57.foxnews.com\/static.foxnews.com\/foxnews.com\/content\/uploads\/2024\/07\/1440\/810\/South-Africa-3.png?ve=1&amp;tl=1 2x\" height=\"405\" width=\"720\"><img loading=\"lazy\" decoding=\"async\" src=\"https:\/\/a57.foxnews.com\/static.foxnews.com\/foxnews.com\/content\/uploads\/2024\/07\/1200\/675\/South-Africa-3.png?ve=1&amp;tl=1\" alt=\"Ciril ramaphosa\" width=\"1200\" height=\"675\"\/><\/source><\/source><\/source><\/source><\/picture><\/div>\n<div class=\"info\">\n<div class=\"caption\">\n<p><span>Cyril Ramaphosa saluda cuando llega antes de su inauguraci\u00f3n como presidente en los edificios de la Uni\u00f3n en Tshwane, Sud\u00e1frica, el mi\u00e9rcoles 19 de junio de 2024.<\/span> <span>(Kim Ludbrook\/Pool Photo a trav\u00e9s de AP)<\/span><\/p>\n<\/div>\n<\/div>\n<\/div>\n<p>Todo esto es en el contexto del presidente Trump acusando a Sud\u00e1frica de genocidio contra los agricultores y invitando hasta ahora a los 49 blancos a volar a los Estados Unidos como refugiados.<\/p>\n<p>\u00abEse canto no tiene lugar en una Sud\u00e1frica democr\u00e1tica\u00bb, dijo a Fox Digital de la Alianza Democr\u00e1tica (DA) del partido Democratic Alliance (DA). El DA es el principal partido de oposici\u00f3n de Sud\u00e1frica. Son miembros del Gobierno de Unidad Nacional, y Cameron se desempe\u00f1\u00f3 como presidente del Comit\u00e9 de Polic\u00eda de Portafolio.<\/p>\n<p>Cameron dijo que Malema cantando el canto nuevamente el fin de semana pasado fue \u00abcontinuar dividiendo a la sociedad e inflamar el odio y la desconfianza. (TI) juega un papel espec\u00edfico en por qu\u00e9 los ataques agr\u00edcolas en Sud\u00e1frica son tan \u00fanicos: mientras que los ataques brutales contin\u00faan en las zonas rurales, canta esa canci\u00f3n con orgullo, y muchos de sus seguidores celebran abiertamente la violencia en las redes sociales\u00bb.<\/p>\n<div class=\"image-ct inline\">\n<div class=\"m\"><picture><source media=\"(max-width: 767px)\" srcset=\"https:\/\/a57.foxnews.com\/static.foxnews.com\/foxnews.com\/content\/uploads\/2025\/05\/343\/192\/sa-crimes-against-farmers-scaled.jpg?ve=1&amp;tl=1, https:\/\/a57.foxnews.com\/static.foxnews.com\/foxnews.com\/content\/uploads\/2025\/05\/686\/384\/sa-crimes-against-farmers-scaled.jpg?ve=1&amp;tl=1 2x\" height=\"192\" width=\"343\"><source media=\"(min-width: 768px) and (max-width: 1023px)\" srcset=\"https:\/\/a57.foxnews.com\/static.foxnews.com\/foxnews.com\/content\/uploads\/2025\/05\/672\/378\/sa-crimes-against-farmers-scaled.jpg?ve=1&amp;tl=1, https:\/\/a57.foxnews.com\/static.foxnews.com\/foxnews.com\/content\/uploads\/2025\/05\/1344\/756\/sa-crimes-against-farmers-scaled.jpg?ve=1&amp;tl=1 2x\" height=\"378\" width=\"672\"><source media=\"(min-width: 1024px) and (max-width: 1279px)\" srcset=\"https:\/\/a57.foxnews.com\/static.foxnews.com\/foxnews.com\/content\/uploads\/2025\/05\/931\/523\/sa-crimes-against-farmers-scaled.jpg?ve=1&amp;tl=1, https:\/\/a57.foxnews.com\/static.foxnews.com\/foxnews.com\/content\/uploads\/2025\/05\/1862\/1046\/sa-crimes-against-farmers-scaled.jpg?ve=1&amp;tl=1 2x\" height=\"523\" width=\"931\"><source media=\"(min-width: 1280px)\" srcset=\"https:\/\/a57.foxnews.com\/static.foxnews.com\/foxnews.com\/content\/uploads\/2025\/05\/720\/405\/sa-crimes-against-farmers-scaled.jpg?ve=1&amp;tl=1, https:\/\/a57.foxnews.com\/static.foxnews.com\/foxnews.com\/content\/uploads\/2025\/05\/1440\/810\/sa-crimes-against-farmers-scaled.jpg?ve=1&amp;tl=1 2x\" height=\"405\" width=\"720\"><img loading=\"lazy\" decoding=\"async\" src=\"https:\/\/a57.foxnews.com\/static.foxnews.com\/foxnews.com\/content\/uploads\/2025\/05\/1200\/675\/sa-crimes-against-farmers-scaled.jpg?ve=1&amp;tl=1\" alt=\"Se plantan cruces en una ladera en el monumento a la cruz blanca, cada una de las cuales marc\u00f3 a un granjero blanco que ha sido asesinado en un asesinato por la granja, el 31 de octubre de 2017 en Ysterberg, cerca de Langebaan, Sud\u00e1frica.\" width=\"1200\" height=\"675\"\/><\/source><\/source><\/source><\/source><\/picture><\/div>\n<div class=\"info\">\n<div class=\"caption\">\n<p><span>Se plantan cruces en una ladera en el monumento a la cruz blanca, cada una de las cuales marc\u00f3 a un granjero blanco que ha sido asesinado en un asesinato por la granja, el 31 de octubre de 2017 en Ysterberg, cerca de Langebaan, Sud\u00e1frica.<\/span> <span>(Gulshan Khan\/AFP a trav\u00e9s de Getty Images)<\/span><\/p>\n<\/div>\n<\/div>\n<\/div>\n<p>\u00abCreo que la incitaci\u00f3n repetida de Julius Malema, especialmente a trav\u00e9s de canciones como &#8216;Kill The Boer&#8217;, cruza una l\u00ednea peligrosa e inaceptable\u00bb, continu\u00f3 Cameron. \u00abLa libertad de expresi\u00f3n es una piedra angular de la democracia, pero no puede usarse como un escudo para promover la violencia. Como m\u00ednimo, debe haber consecuencias legales para la incitaci\u00f3n a la violencia, y nuestro sistema de justicia debe actuar sin temor o favor\u00bb.<\/p>\n<p>Ramaphosa dijo que no iba a arrestar a las personas \u00abWilly Nilly\u00bb, y agreg\u00f3 el martes: \u00abSomos un pa\u00eds donde la libertad de expresi\u00f3n es la base de nuestro acuerdo constitucional\u00bb.<\/p>\n<p>Nada de esto ha eliminado a Malema, que est\u00e1 registrado diciendo: \u00abCantar\u00e9 la canci\u00f3n como y cuando me guste\u00bb.<\/p>\n<p>Fox News Digital contact\u00f3 a Malema pero no recibi\u00f3 respuesta.<\/p>\n<p><strong><u>Haga clic aqu\u00ed para obtener la aplicaci\u00f3n Fox News<\/u><\/strong> <\/p>\n<p>Los ataques a los agricultores blancos y negros aqu\u00ed son reales. Cameron le dijo a Fox News Digital: \u00abPersonalmente me he parado a ra\u00edz de estos ataques. He entrado en escenas que se parec\u00edan a los mataderos. Recuerdo una granja donde las marcas de la u\u00f1a de la v\u00edctima todav\u00eda estaban incrustadas en la alfombra desde donde fue arrastrado y torturado. Estos no son delitos ordinarios y a menudo incluyen violencia dispersorada\u00bb.<\/p>\n<p> <!----> <\/p>\n<div class=\"article-meta\">\n<div class=\"author-bio\">\n<p>Paul Tilsley es un corresponsal veterano que ha informado sobre asuntos africanos durante m\u00e1s de tres d\u00e9cadas de Johannesburgo, Sud\u00e1frica. Se puede seguir en x @Paultilsley<\/p>\n<\/div>\n<\/div>\n<\/div>\n\n","protected":false},"excerpt":{"rendered":"<p>JOHANNESBURG &#8211; El presidente sudafricano Cyril Ramaphosa respondi\u00f3 el martes contra la demanda del presidente Donald Trump de que el pol\u00edtico de la oposici\u00f3n Julius Malema sea arrestado, por cantar repetidamente \u00abmatar al agricultor\u00bb. Tambi\u00e9n el martes, un pol\u00edtico superior dentro del gobierno de Sud\u00e1frica le dijo a Fox News Digital el canto \u00abOdio inflamado\u00bb &hellip;<\/p>\n","protected":false},"author":1,"featured_media":29179,"comment_status":"open","ping_status":"open","sticky":false,"template":"","format":"standard","meta":{"fifu_image_url":"https:\/\/static.foxnews.com\/foxnews.com\/content\/uploads\/2025\/05\/south-africa-president-and-trump-2.jpg","fifu_image_alt":"","footnotes":""},"categories":[13],"tags":[],"class_list":["post-29177","post","type-post","status-publish","format-standard","has-post-thumbnail","","category-mundo"],"_links":{"self":[{"href":"https:\/\/noticiasveraces.com\/index.php?rest_route=\/wp\/v2\/posts\/29177","targetHints":{"allow":["GET"]}}],"collection":[{"href":"https:\/\/noticiasveraces.com\/index.php?rest_route=\/wp\/v2\/posts"}],"about":[{"href":"https:\/\/noticiasveraces.com\/index.php?rest_route=\/wp\/v2\/types\/post"}],"author":[{"embeddable":true,"href":"https:\/\/noticiasveraces.com\/index.php?rest_route=\/wp\/v2\/users\/1"}],"replies":[{"embeddable":true,"href":"https:\/\/noticiasveraces.com\/index.php?rest_route=%2Fwp%2Fv2%2Fcomments&post=29177"}],"version-history":[{"count":0,"href":"https:\/\/noticiasveraces.com\/index.php?rest_route=\/wp\/v2\/posts\/29177\/revisions"}],"wp:featuredmedia":[{"embeddable":true,"href":"https:\/\/noticiasveraces.com\/index.php?rest_route=\/wp\/v2\/media\/29179"}],"wp:attachment":[{"href":"https:\/\/noticiasveraces.com\/index.php?rest_route=%2Fwp%2Fv2%2Fmedia&parent=29177"}],"wp:term":[{"taxonomy":"category","embeddable":true,"href":"https:\/\/noticiasveraces.com\/index.php?rest_route=%2Fwp%2Fv2%2Fcategories&post=29177"},{"taxonomy":"post_tag","embeddable":true,"href":"https:\/\/noticiasveraces.com\/index.php?rest_route=%2Fwp%2Fv2%2Ftags&post=29177"}],"curies":[{"name":"wp","href":"https:\/\/api.w.org\/{rel}","templated":true}]}}