{"id":29174,"date":"2025-05-28T07:37:04","date_gmt":"2025-05-28T11:37:04","guid":{"rendered":"https:\/\/noticiasveraces.com\/?p=29174"},"modified":"2025-05-28T07:37:04","modified_gmt":"2025-05-28T11:37:04","slug":"turquia-que-pesa-a-los-ciudadanos-en-publico-para-motivar-la-perdida-de-peso","status":"publish","type":"post","link":"https:\/\/noticiasveraces.com\/?p=29174","title":{"rendered":"Turqu\u00eda que pesa a los ciudadanos en p\u00fablico para motivar la p\u00e9rdida de peso"},"content":{"rendered":"<p> \n<\/p>\n<div>\n<p class=\"speakable\">Turqu\u00eda est\u00e1 inclinando la balanza en su guerra contra la obesidad.<\/p>\n<p class=\"speakable\">El pa\u00eds ha lanzado una campa\u00f1a nacional para medir el peso de los ciudadanos en los espacios p\u00fablicos para combatir sus tasas de obesidad crecientes; un movimiento, los cr\u00edticos argumentan que equivale a la verg\u00fcenza p\u00fablica y la extralimitaci\u00f3n del gobierno. <\/p>\n<p>La iniciativa, llamada \u00abAprenda su peso ideal, Live Healthy\u00bb, ver\u00e1 a alrededor de 10 millones de personas evaluadas entre el 10 de mayo y el 10 de julio. Si se consideran con sobrepeso, se les dirigir\u00e1 a los centros de salud para recibir asesoramiento nutricional y monitoreo de dietistas, seg\u00fan Turkish Minute.<\/p>\n<p>El movimiento controvertido tiene como objetivo crear conciencia sobre los peligros de peso cr\u00f3nico y promover estilos de vida m\u00e1s saludables.<\/p>\n<div class=\"image-ct inline\">\n<div class=\"m\"><picture><source media=\"(max-width: 767px)\" srcset=\"https:\/\/a57.foxnews.com\/static.foxnews.com\/foxnews.com\/content\/uploads\/2025\/05\/343\/192\/turkey-public-weighing.jpg?ve=1&amp;tl=1, https:\/\/a57.foxnews.com\/static.foxnews.com\/foxnews.com\/content\/uploads\/2025\/05\/686\/384\/turkey-public-weighing.jpg?ve=1&amp;tl=1 2x\" height=\"192\" width=\"343\"><source media=\"(min-width: 768px) and (max-width: 1023px)\" srcset=\"https:\/\/a57.foxnews.com\/static.foxnews.com\/foxnews.com\/content\/uploads\/2025\/05\/672\/378\/turkey-public-weighing.jpg?ve=1&amp;tl=1, https:\/\/a57.foxnews.com\/static.foxnews.com\/foxnews.com\/content\/uploads\/2025\/05\/1344\/756\/turkey-public-weighing.jpg?ve=1&amp;tl=1 2x\" height=\"378\" width=\"672\"><source media=\"(min-width: 1024px) and (max-width: 1279px)\" srcset=\"https:\/\/a57.foxnews.com\/static.foxnews.com\/foxnews.com\/content\/uploads\/2025\/05\/931\/523\/turkey-public-weighing.jpg?ve=1&amp;tl=1, https:\/\/a57.foxnews.com\/static.foxnews.com\/foxnews.com\/content\/uploads\/2025\/05\/1862\/1046\/turkey-public-weighing.jpg?ve=1&amp;tl=1 2x\" height=\"523\" width=\"931\"><source media=\"(min-width: 1280px)\" srcset=\"https:\/\/a57.foxnews.com\/static.foxnews.com\/foxnews.com\/content\/uploads\/2025\/05\/720\/405\/turkey-public-weighing.jpg?ve=1&amp;tl=1, https:\/\/a57.foxnews.com\/static.foxnews.com\/foxnews.com\/content\/uploads\/2025\/05\/1440\/810\/turkey-public-weighing.jpg?ve=1&amp;tl=1 2x\" height=\"405\" width=\"720\"><img loading=\"lazy\" decoding=\"async\" src=\"https:\/\/a57.foxnews.com\/static.foxnews.com\/foxnews.com\/content\/uploads\/2025\/05\/1200\/675\/turkey-public-weighing.jpg?ve=1&amp;tl=1\" alt=\"Funcionarios de salud turcos que miden el IMC de las personas como parte de un programa para abordar la obesidad\" width=\"1200\" height=\"675\"\/><\/source><\/source><\/source><\/source><\/picture><\/div>\n<div class=\"info\">\n<div class=\"caption\">\n<p><span>Turqu\u00eda ha lanzado una campa\u00f1a a nivel nacional para medir el peso de los ciudadanos en p\u00fablico para combatir sus crecientes tasas de obesidad; un movimiento, los cr\u00edticos argumentan que equivale a la verg\u00fcenza de grasa p\u00fablica y la extralimitaci\u00f3n del gobierno.<\/span> <span>(Ministerio de Salud Turqu\u00eda a trav\u00e9s de Instagram\/@Amasyasm)<\/span><\/p>\n<\/div>\n<\/div>\n<\/div>\n<p><strong>La obesidad m\u00e1s frecuente en estas 3 ciudades del sur<\/strong><\/p>\n<p>El ministro de Salud turco, Kemal Memi\u015fo\u011flu, introdujo la iniciativa a principios de este mes, afirmando que el personal de salud tomar\u00eda medidas en \u00e1reas p\u00fablicas en las 81 provincias, informaron medios turcos. <\/p>\n<p>Varias im\u00e1genes publicadas en las redes sociales por el Ministerio de Salud de Turqu\u00eda muestran a los funcionarios de salud que toman medidas de altura de las personas antes de guiarlas a las escalas de pesar en los llamados puntos de control en los espacios p\u00fablicos.<\/p>\n<p>Las personas tienen su peso corporal y altura medidos para calcular su \u00edndice de masa corporal (IMC), un c\u00e1lculo simple utilizado para evaluar si una persona tiene un peso corporal saludable para su altura.<\/p>\n<p>Si alguien tiene un IMC de 25 o m\u00e1s, ser\u00e1 remitido a los centros de salud.<\/p>\n<p>La iniciativa ha provocado una reacci\u00f3n violenta, con los cr\u00edticos que la critican como invasiva, estigmatizante y esencialmente equivalente a la verg\u00fcenza gorda en p\u00fablico. Otros detractores argumentan que el gobierno no aborda factores m\u00e1s amplios que contribuyen, como el alza de los precios de los alimentos, los salarios estancados y el acceso limitado a la nutrici\u00f3n asequible.<\/p>\n<div class=\"image-ct inline\">\n<div class=\"m\"><picture><source media=\"(max-width: 767px)\" srcset=\"https:\/\/a57.foxnews.com\/static.foxnews.com\/foxnews.com\/content\/uploads\/2025\/05\/343\/192\/turkey-weight-split.jpg?ve=1&amp;tl=1, https:\/\/a57.foxnews.com\/static.foxnews.com\/foxnews.com\/content\/uploads\/2025\/05\/686\/384\/turkey-weight-split.jpg?ve=1&amp;tl=1 2x\" height=\"192\" width=\"343\"><source media=\"(min-width: 768px) and (max-width: 1023px)\" srcset=\"https:\/\/a57.foxnews.com\/static.foxnews.com\/foxnews.com\/content\/uploads\/2025\/05\/672\/378\/turkey-weight-split.jpg?ve=1&amp;tl=1, https:\/\/a57.foxnews.com\/static.foxnews.com\/foxnews.com\/content\/uploads\/2025\/05\/1344\/756\/turkey-weight-split.jpg?ve=1&amp;tl=1 2x\" height=\"378\" width=\"672\"><source media=\"(min-width: 1024px) and (max-width: 1279px)\" srcset=\"https:\/\/a57.foxnews.com\/static.foxnews.com\/foxnews.com\/content\/uploads\/2025\/05\/931\/523\/turkey-weight-split.jpg?ve=1&amp;tl=1, https:\/\/a57.foxnews.com\/static.foxnews.com\/foxnews.com\/content\/uploads\/2025\/05\/1862\/1046\/turkey-weight-split.jpg?ve=1&amp;tl=1 2x\" height=\"523\" width=\"931\"><source media=\"(min-width: 1280px)\" srcset=\"https:\/\/a57.foxnews.com\/static.foxnews.com\/foxnews.com\/content\/uploads\/2025\/05\/720\/405\/turkey-weight-split.jpg?ve=1&amp;tl=1, https:\/\/a57.foxnews.com\/static.foxnews.com\/foxnews.com\/content\/uploads\/2025\/05\/1440\/810\/turkey-weight-split.jpg?ve=1&amp;tl=1 2x\" height=\"405\" width=\"720\"><img loading=\"lazy\" decoding=\"async\" src=\"https:\/\/a57.foxnews.com\/static.foxnews.com\/foxnews.com\/content\/uploads\/2025\/05\/1200\/675\/turkey-weight-split.jpg?ve=1&amp;tl=1\" alt=\"Funcionarios de salud turcos que miden a los residentes por peso y altura como parte de un programa para abordar la obesidad\" width=\"1200\" height=\"675\"\/><\/source><\/source><\/source><\/source><\/picture><\/div>\n<div class=\"info\">\n<div class=\"caption\">\n<p><span>Los funcionarios de salud turcos miden el IMC de las personas como parte de un programa para abordar la obesidad.<\/span> <span>(Ministerio de Salud Turqu\u00eda a trav\u00e9s de Instagram\/@Amasyasm)<\/span><\/p>\n<\/div>\n<\/div>\n<\/div>\n<p><strong>El consumo de alimentos frescos podr\u00eda ayudar a resolver enfermedades relacionadas con la dieta: expertos<\/strong><\/p>\n<p>G\u00f6kben H\u0131zl\u0131 Sayar, un psiquiatra y acad\u00e9mico turco, compar\u00f3 las estaciones con los puntos de control de grasa y dijo que se vio obligada a medirse. <\/p>\n<p>\u00abMe atraparon en un enfrentamiento de autos gordos en la Plaza \u00fcsk\u00fcdar, ella escribi\u00f3 en X la semana pasada.\u00bb Afortunadamente, me reprendieron un poco y me dejaron ir. Cuando vi el radar, advirt\u00ed a 3 personas gordas que iban de esa manera para llamarse los faros el uno al otro. Hoy es el d\u00eda de la unidad, mis hermanos gordos \u00ab.<\/p>\n<p>Sin embargo, el ministro de salud dijo que el objetivo es informar al p\u00fablico y hacerlos m\u00e1s saludables.<\/p>\n<p>En un esfuerzo por liderar con el ejemplo, el propio Memi\u015fo\u011flu se midi\u00f3 y revel\u00f3 que est\u00e1 por encima del l\u00edmite, aunque no estaba claro por cu\u00e1nto.<\/p>\n<p>\u00ab\u00bfA qu\u00e9 dietista debo ir?\u00bb \u00c9l le dijo con humor a los periodistas antes de luego agregar: \u00abResulta que estoy un poco terminado. Depende de m\u00ed ahora, caminar\u00e9 todos los d\u00edas\u00bb, inform\u00f3 Turkish Minute. <\/p>\n<div class=\"image-ct inline\">\n<div class=\"m\"><picture><source media=\"(max-width: 767px)\" srcset=\"https:\/\/a57.foxnews.com\/static.foxnews.com\/foxnews.com\/content\/uploads\/2025\/05\/343\/192\/turkey-weight-man-gets-height-checked.jpg?ve=1&amp;tl=1, https:\/\/a57.foxnews.com\/static.foxnews.com\/foxnews.com\/content\/uploads\/2025\/05\/686\/384\/turkey-weight-man-gets-height-checked.jpg?ve=1&amp;tl=1 2x\" height=\"192\" width=\"343\"><source media=\"(min-width: 768px) and (max-width: 1023px)\" srcset=\"https:\/\/a57.foxnews.com\/static.foxnews.com\/foxnews.com\/content\/uploads\/2025\/05\/672\/378\/turkey-weight-man-gets-height-checked.jpg?ve=1&amp;tl=1, https:\/\/a57.foxnews.com\/static.foxnews.com\/foxnews.com\/content\/uploads\/2025\/05\/1344\/756\/turkey-weight-man-gets-height-checked.jpg?ve=1&amp;tl=1 2x\" height=\"378\" width=\"672\"><source media=\"(min-width: 1024px) and (max-width: 1279px)\" srcset=\"https:\/\/a57.foxnews.com\/static.foxnews.com\/foxnews.com\/content\/uploads\/2025\/05\/931\/523\/turkey-weight-man-gets-height-checked.jpg?ve=1&amp;tl=1, https:\/\/a57.foxnews.com\/static.foxnews.com\/foxnews.com\/content\/uploads\/2025\/05\/1862\/1046\/turkey-weight-man-gets-height-checked.jpg?ve=1&amp;tl=1 2x\" height=\"523\" width=\"931\"><source media=\"(min-width: 1280px)\" srcset=\"https:\/\/a57.foxnews.com\/static.foxnews.com\/foxnews.com\/content\/uploads\/2025\/05\/720\/405\/turkey-weight-man-gets-height-checked.jpg?ve=1&amp;tl=1, https:\/\/a57.foxnews.com\/static.foxnews.com\/foxnews.com\/content\/uploads\/2025\/05\/1440\/810\/turkey-weight-man-gets-height-checked.jpg?ve=1&amp;tl=1 2x\" height=\"405\" width=\"720\"><img loading=\"lazy\" decoding=\"async\" src=\"https:\/\/a57.foxnews.com\/static.foxnews.com\/foxnews.com\/content\/uploads\/2025\/05\/1200\/675\/turkey-weight-man-gets-height-checked.jpg?ve=1&amp;tl=1\" alt=\"Un hombre obtiene su altura en p\u00fablico en Turqu\u00eda.\" width=\"1200\" height=\"675\"\/><\/source><\/source><\/source><\/source><\/picture><\/div>\n<div class=\"info\">\n<div class=\"caption\">\n<p><span>Un hombre obtiene su altura en p\u00fablico. La altura y el peso se utilizan para determinar el IMC.<\/span> <span>(Ministerio de Salud Turqu\u00eda a trav\u00e9s de Instagram\/@Amasyasm)<\/span><\/p>\n<\/div>\n<\/div>\n<\/div>\n<p>Memi\u015fo\u011flu tambi\u00e9n public\u00f3 un video de s\u00ed mismo caminando, escribiendo: \u00abEs hora de llegar a los negocios, caminaremos todos los d\u00edas\u00bb.<\/p>\n<p><strong>Haga clic aqu\u00ed para obtener la aplicaci\u00f3n Fox News<\/strong><\/p>\n<p>Turqu\u00eda tiene una poblaci\u00f3n de alrededor de 85 millones de personas y alrededor del 32.1% se consideran obesas, seg\u00fan la Organizaci\u00f3n Mundial de la Salud. Cualquier persona sobre un IMC de 30 se considera obeso. <\/p>\n<p>Esa tasa sigue siendo m\u00e1s baja que en los Estados Unidos, donde los estudios m\u00e1s recientes de los CDC muestran obesidad entre adultos con 40.3%.<\/p>\n<p>Los expertos vinculan la tasa en Turqu\u00eda con el aumento del consumo de comida r\u00e1pida, barreras econ\u00f3micas para alimentos saludables y la urbanizaci\u00f3n que reducen los niveles de actividad f\u00edsica, seg\u00fan Turqu\u00eda hoy. <\/p>\n<p> <!----> <\/p>\n<div class=\"article-meta\">\n<div class=\"author-bio\">\n<p>Michael Dorgan es escritor de Fox News Digital y Fox Business.<\/p>\n<p>Puede enviar consejos a Michael.dorgan@fox.com y seguirlo en Twitter @M_Dorgan.<\/p>\n<\/div>\n<\/div>\n<\/div>\n\n","protected":false},"excerpt":{"rendered":"<p>Turqu\u00eda est\u00e1 inclinando la balanza en su guerra contra la obesidad. El pa\u00eds ha lanzado una campa\u00f1a nacional para medir el peso de los ciudadanos en los espacios p\u00fablicos para combatir sus tasas de obesidad crecientes; un movimiento, los cr\u00edticos argumentan que equivale a la verg\u00fcenza p\u00fablica y la extralimitaci\u00f3n del gobierno. La iniciativa, llamada &hellip;<\/p>\n","protected":false},"author":1,"featured_media":29176,"comment_status":"open","ping_status":"open","sticky":false,"template":"","format":"standard","meta":{"fifu_image_url":"https:\/\/static.foxnews.com\/foxnews.com\/content\/uploads\/2025\/05\/turkey-public-weighing.jpg","fifu_image_alt":"","footnotes":""},"categories":[13],"tags":[],"class_list":["post-29174","post","type-post","status-publish","format-standard","has-post-thumbnail","","category-mundo"],"_links":{"self":[{"href":"https:\/\/noticiasveraces.com\/index.php?rest_route=\/wp\/v2\/posts\/29174","targetHints":{"allow":["GET"]}}],"collection":[{"href":"https:\/\/noticiasveraces.com\/index.php?rest_route=\/wp\/v2\/posts"}],"about":[{"href":"https:\/\/noticiasveraces.com\/index.php?rest_route=\/wp\/v2\/types\/post"}],"author":[{"embeddable":true,"href":"https:\/\/noticiasveraces.com\/index.php?rest_route=\/wp\/v2\/users\/1"}],"replies":[{"embeddable":true,"href":"https:\/\/noticiasveraces.com\/index.php?rest_route=%2Fwp%2Fv2%2Fcomments&post=29174"}],"version-history":[{"count":0,"href":"https:\/\/noticiasveraces.com\/index.php?rest_route=\/wp\/v2\/posts\/29174\/revisions"}],"wp:featuredmedia":[{"embeddable":true,"href":"https:\/\/noticiasveraces.com\/index.php?rest_route=\/wp\/v2\/media\/29176"}],"wp:attachment":[{"href":"https:\/\/noticiasveraces.com\/index.php?rest_route=%2Fwp%2Fv2%2Fmedia&parent=29174"}],"wp:term":[{"taxonomy":"category","embeddable":true,"href":"https:\/\/noticiasveraces.com\/index.php?rest_route=%2Fwp%2Fv2%2Fcategories&post=29174"},{"taxonomy":"post_tag","embeddable":true,"href":"https:\/\/noticiasveraces.com\/index.php?rest_route=%2Fwp%2Fv2%2Ftags&post=29174"}],"curies":[{"name":"wp","href":"https:\/\/api.w.org\/{rel}","templated":true}]}}