{"id":29138,"date":"2025-05-28T02:24:03","date_gmt":"2025-05-28T06:24:03","guid":{"rendered":"https:\/\/noticiasveraces.com\/?p=29138"},"modified":"2025-05-28T02:24:03","modified_gmt":"2025-05-28T06:24:03","slug":"la-tos-ferina-en-el-aumento-de-la-tos-en-hawai-plantea-preocupaciones-en-medio-de-la-disminucion-de-la-inmunizacion","status":"publish","type":"post","link":"https:\/\/noticiasveraces.com\/?p=29138","title":{"rendered":"La tos ferina en el aumento de la tos en Hawai plantea preocupaciones en medio de la disminuci\u00f3n de la inmunizaci\u00f3n"},"content":{"rendered":"<p> \n<\/p>\n<div>\n<p class=\"speakable\">Mientras que los casos de sarampi\u00f3n contin\u00faan extendi\u00e9ndose por los Estados Unidos, Hawaii informa un nuevo tipo de propagaci\u00f3n infecciosa.<\/p>\n<p class=\"speakable\">La tos ferina, tambi\u00e9n conocida como tos ferina, est\u00e1 en aumento a una \u00abtasa de preocupaci\u00f3n\u00bb en el estado de Aloha, confirm\u00f3 el estado del Departamento de Salud del Estado de Hawai (DOH) la semana pasada en un comunicado de prensa.<\/p>\n<p>Al 15 de mayo, se han reportado 108 casos de tos ferina, que ya exceden los 84 casos totales en 2024.<\/p>\n<p><strong>Los CDC eliminan la recomendaci\u00f3n de la vacuna Covid para ni\u00f1os sanos y mujeres embarazadas<\/strong><\/p>\n<p>El DOH calific\u00f3 a la tos ferina una \u00abenfermedad respiratoria altamente contagiosa\u00bb que se propaga por el aire cuando un individuo infectado tos o estornuda.<\/p>\n<p>Los s\u00edntomas a menudo se asemejan a un resfriado, pero pueden progresar hacia \u00abajustes de tos intensos\u00bb.<\/p>\n<div class=\"image-ct inline\">\n<div class=\"m\"><picture><source media=\"(max-width: 767px)\" srcset=\"https:\/\/a57.foxnews.com\/static.foxnews.com\/foxnews.com\/content\/uploads\/2025\/05\/343\/192\/gettyimages-1387146927.jpg?ve=1&amp;tl=1, https:\/\/a57.foxnews.com\/static.foxnews.com\/foxnews.com\/content\/uploads\/2025\/05\/686\/384\/gettyimages-1387146927.jpg?ve=1&amp;tl=1 2x\" height=\"192\" width=\"343\"><source media=\"(min-width: 768px) and (max-width: 1023px)\" srcset=\"https:\/\/a57.foxnews.com\/static.foxnews.com\/foxnews.com\/content\/uploads\/2025\/05\/672\/378\/gettyimages-1387146927.jpg?ve=1&amp;tl=1, https:\/\/a57.foxnews.com\/static.foxnews.com\/foxnews.com\/content\/uploads\/2025\/05\/1344\/756\/gettyimages-1387146927.jpg?ve=1&amp;tl=1 2x\" height=\"378\" width=\"672\"><source media=\"(min-width: 1024px) and (max-width: 1279px)\" srcset=\"https:\/\/a57.foxnews.com\/static.foxnews.com\/foxnews.com\/content\/uploads\/2025\/05\/931\/523\/gettyimages-1387146927.jpg?ve=1&amp;tl=1, https:\/\/a57.foxnews.com\/static.foxnews.com\/foxnews.com\/content\/uploads\/2025\/05\/1862\/1046\/gettyimages-1387146927.jpg?ve=1&amp;tl=1 2x\" height=\"523\" width=\"931\"><source media=\"(min-width: 1280px)\" srcset=\"https:\/\/a57.foxnews.com\/static.foxnews.com\/foxnews.com\/content\/uploads\/2025\/05\/720\/405\/gettyimages-1387146927.jpg?ve=1&amp;tl=1, https:\/\/a57.foxnews.com\/static.foxnews.com\/foxnews.com\/content\/uploads\/2025\/05\/1440\/810\/gettyimages-1387146927.jpg?ve=1&amp;tl=1 2x\" height=\"405\" width=\"720\"><img loading=\"lazy\" decoding=\"async\" src=\"https:\/\/a57.foxnews.com\/static.foxnews.com\/foxnews.com\/content\/uploads\/2025\/05\/1200\/675\/gettyimages-1387146927.jpg?ve=1&amp;tl=1\" alt=\"El hombre tose mientras el m\u00e9dico lo ve\" width=\"1200\" height=\"675\"\/><\/source><\/source><\/source><\/source><\/picture><\/div>\n<div class=\"info\">\n<div class=\"caption\">\n<p><span>Las complicaciones de la tos ferina pueden incluir neumon\u00eda, convulsiones, apnea, encefalopat\u00eda y muerte.<\/span> <span>(Istock)<\/span><\/p>\n<\/div>\n<\/div>\n<\/div>\n<p>Para los ni\u00f1os, estos accesorios de tos pueden ser seguidos por un \u00abrespiraci\u00f3n profunda\u00bb que hace un sonido \u00abferno\u00bb.<\/p>\n<p>\u00abLas complicaciones de salud pueden ser graves e incluso potencialmente mortales, especialmente para beb\u00e9s y ni\u00f1os peque\u00f1os que no est\u00e1n completamente vacunados\u00bb, advirti\u00f3 el DOH.<\/p>\n<p>Las complicaciones pueden incluir neumon\u00eda, convulsiones, apnea, encefalopat\u00eda (una enfermedad del cerebro) y la muerte.<\/p>\n<p><strong>Los m\u00e9dicos advierten sobre la &#8216;trifecta&#8217; de enfermedades cr\u00f3nicas que afectan a los estadounidenses despu\u00e9s del informe de Maha<\/strong><\/p>\n<p>La forma m\u00e1s efectiva de prevenir la tos ferina es a trav\u00e9s de la vacunaci\u00f3n, seg\u00fan el DOH.<\/p>\n<p>La vacuna DTAP (difteria, t\u00e9tanos y tos ferina) se administra a ni\u00f1os menores de 7 a\u00f1os y la vacuna TDAP (t\u00e9tanos, difteria y tos ferina) es para ni\u00f1os mayores y adultos.<\/p>\n<p>Generalmente se recomiendan m\u00faltiples dosis para beb\u00e9s, ni\u00f1os y adultos.<\/p>\n<div class=\"image-ct inline\">\n<div class=\"m\"><picture><source media=\"(max-width: 767px)\" srcset=\"https:\/\/a57.foxnews.com\/static.foxnews.com\/foxnews.com\/content\/uploads\/2025\/05\/343\/192\/gettyimages-2030761254.jpg?ve=1&amp;tl=1, https:\/\/a57.foxnews.com\/static.foxnews.com\/foxnews.com\/content\/uploads\/2025\/05\/686\/384\/gettyimages-2030761254.jpg?ve=1&amp;tl=1 2x\" height=\"192\" width=\"343\"><source media=\"(min-width: 768px) and (max-width: 1023px)\" srcset=\"https:\/\/a57.foxnews.com\/static.foxnews.com\/foxnews.com\/content\/uploads\/2025\/05\/672\/378\/gettyimages-2030761254.jpg?ve=1&amp;tl=1, https:\/\/a57.foxnews.com\/static.foxnews.com\/foxnews.com\/content\/uploads\/2025\/05\/1344\/756\/gettyimages-2030761254.jpg?ve=1&amp;tl=1 2x\" height=\"378\" width=\"672\"><source media=\"(min-width: 1024px) and (max-width: 1279px)\" srcset=\"https:\/\/a57.foxnews.com\/static.foxnews.com\/foxnews.com\/content\/uploads\/2025\/05\/931\/523\/gettyimages-2030761254.jpg?ve=1&amp;tl=1, https:\/\/a57.foxnews.com\/static.foxnews.com\/foxnews.com\/content\/uploads\/2025\/05\/1862\/1046\/gettyimages-2030761254.jpg?ve=1&amp;tl=1 2x\" height=\"523\" width=\"931\"><source media=\"(min-width: 1280px)\" srcset=\"https:\/\/a57.foxnews.com\/static.foxnews.com\/foxnews.com\/content\/uploads\/2025\/05\/720\/405\/gettyimages-2030761254.jpg?ve=1&amp;tl=1, https:\/\/a57.foxnews.com\/static.foxnews.com\/foxnews.com\/content\/uploads\/2025\/05\/1440\/810\/gettyimages-2030761254.jpg?ve=1&amp;tl=1 2x\" height=\"405\" width=\"720\"><img loading=\"lazy\" decoding=\"async\" src=\"https:\/\/a57.foxnews.com\/static.foxnews.com\/foxnews.com\/content\/uploads\/2025\/05\/1200\/675\/gettyimages-2030761254.jpg?ve=1&amp;tl=1\" alt=\"La ni\u00f1a cubre la boca mientras tose\" width=\"1200\" height=\"675\"\/><\/source><\/source><\/source><\/source><\/picture><\/div>\n<div class=\"info\">\n<div class=\"caption\">\n<p><span>Hawaii ha ca\u00eddo por debajo de los promedios nacionales en t\u00e9rminos de vacunas infantiles, seg\u00fan los datos.<\/span> <span>(Istock)<\/span><\/p>\n<\/div>\n<\/div>\n<\/div>\n<p>\u00abLas altas tasas de vacunaci\u00f3n protegen a las personas y las comunidades y evitan que los casos se conviertan en brotes\u00bb, se\u00f1al\u00f3 la agencia.<\/p>\n<p>\u00abSin embargo, las tasas de vacunaci\u00f3n para todas las vacunas rutinariamente recomendadas para la entrada escolar, incluidas las de sarampi\u00f3n, tos ferina, polio y varicela (varicela), han disminuido a nivel nacional y en Hawai desde 2019\u00bb.<\/p>\n<p><strong>Los brotes de sarampi\u00f3n surgen en todos los Estados Unidos: ver qu\u00e9 estados han informado casos<\/strong><\/p>\n<p>El analista m\u00e9dico senior de Fox News, el Dr. Marc Siegel, confirm\u00f3 que Hawaii est\u00e1 por debajo del promedio nacional en t\u00e9rminos de vacunas infantiles, se\u00f1alando que la vacuna DTAP es \u00abaltamente efectiva\u00bb en los ni\u00f1os, con una protecci\u00f3n cercana al 100% con dosis apropiadas.<\/p>\n<p>\u00abLa tos ferina es insidiosa y puede confundirse f\u00e1cilmente con otras enfermedades respiratorias, incluidos los virus\u00bb, dijo Siegel a Fox News Digital. <\/p>\n<div class=\"image-ct inline\">\n<div class=\"m\"><picture><source media=\"(max-width: 767px)\" srcset=\"https:\/\/a57.foxnews.com\/static.foxnews.com\/foxnews.com\/content\/uploads\/2025\/05\/343\/192\/gettyimages-2065291171.jpg?ve=1&amp;tl=1, https:\/\/a57.foxnews.com\/static.foxnews.com\/foxnews.com\/content\/uploads\/2025\/05\/686\/384\/gettyimages-2065291171.jpg?ve=1&amp;tl=1 2x\" height=\"192\" width=\"343\"><source media=\"(min-width: 768px) and (max-width: 1023px)\" srcset=\"https:\/\/a57.foxnews.com\/static.foxnews.com\/foxnews.com\/content\/uploads\/2025\/05\/672\/378\/gettyimages-2065291171.jpg?ve=1&amp;tl=1, https:\/\/a57.foxnews.com\/static.foxnews.com\/foxnews.com\/content\/uploads\/2025\/05\/1344\/756\/gettyimages-2065291171.jpg?ve=1&amp;tl=1 2x\" height=\"378\" width=\"672\"><source media=\"(min-width: 1024px) and (max-width: 1279px)\" srcset=\"https:\/\/a57.foxnews.com\/static.foxnews.com\/foxnews.com\/content\/uploads\/2025\/05\/931\/523\/gettyimages-2065291171.jpg?ve=1&amp;tl=1, https:\/\/a57.foxnews.com\/static.foxnews.com\/foxnews.com\/content\/uploads\/2025\/05\/1862\/1046\/gettyimages-2065291171.jpg?ve=1&amp;tl=1 2x\" height=\"523\" width=\"931\"><source media=\"(min-width: 1280px)\" srcset=\"https:\/\/a57.foxnews.com\/static.foxnews.com\/foxnews.com\/content\/uploads\/2025\/05\/720\/405\/gettyimages-2065291171.jpg?ve=1&amp;tl=1, https:\/\/a57.foxnews.com\/static.foxnews.com\/foxnews.com\/content\/uploads\/2025\/05\/1440\/810\/gettyimages-2065291171.jpg?ve=1&amp;tl=1 2x\" height=\"405\" width=\"720\"><img loading=\"lazy\" decoding=\"async\" src=\"https:\/\/a57.foxnews.com\/static.foxnews.com\/foxnews.com\/content\/uploads\/2025\/05\/1200\/675\/gettyimages-2065291171.jpg?ve=1&amp;tl=1\" alt=\"M\u00e9dico pedi\u00e1trico que prepara la inyecci\u00f3n de vacuna para el beb\u00e9\" width=\"1200\" height=\"675\"\/><\/source><\/source><\/source><\/source><\/picture><\/div>\n<div class=\"info\">\n<div class=\"caption\">\n<p><span>Los ni\u00f1os deben recibir la vacuna DTAP en cinco dosis, comenzando a los dos meses, con un refuerzo de 4 a 6 a\u00f1os, sugieren los m\u00e9dicos.<\/span> <span>(Istock)<\/span><\/p>\n<\/div>\n<\/div>\n<\/div>\n<p>\u00abLa tos ferina, que es una bacteria, puede tratarse con antibi\u00f3ticos como la doxiciclina pero se pierde f\u00e1cilmente. La mejor protecci\u00f3n es la vacunaci\u00f3n, incluidos los refuerzos repetidos en adolescentes y adultos\u00bb.<\/p>\n<p>Siegel explic\u00f3 que el sonido del \u00abwhoop caracter\u00edstico\u00bb entre los ni\u00f1os es causado por v\u00edas respiratorias obstruidas que a\u00fan no est\u00e1n bien desarrolladas.<\/p>\n<p><strong><u>\u00bfEs segura la vacuna MMR para los ni\u00f1os? DR. Nicole Saphier aborda las preocupaciones a medida que aumentan los casos de sarampi\u00f3n<\/u><\/strong><\/p>\n<p>Seg\u00fan el m\u00e9dico, aproximadamente un tercio de los beb\u00e9s menores de 1 a\u00f1o que contratan tos ferina corren el riesgo de hospitalizaci\u00f3n.<\/p>\n<p>\u00abLa mejor protecci\u00f3n es que todos los que los rodean sean vacunados\u00bb, dijo. \u00abLos brotes de tos ferina ahora est\u00e1n conectados a una ca\u00edda en la vacunaci\u00f3n de la primera infancia\u00bb.<\/p>\n<blockquote class=\"pull-quote\">\n<p class=\"quote-text\">\u00abLos brotes de tos ferina ahora est\u00e1n conectados a una ca\u00edda en la vacunaci\u00f3n de la primera infancia\u00bb.<\/p>\n<p> <!----><\/p><\/blockquote>\n<p>Neha Pathak, MD, editor m\u00e9dico jefe de WebMD, se hizo eco de que la tos ferina \u00absigue siendo una amenaza importante para la salud p\u00fablica\u00bb, especialmente para beb\u00e9s y personas con sistemas inmunes debilitados.<\/p>\n<p>\u00abLa vacuna DTAP (difteria, t\u00e9tanos, tos ferina) ofrece una fuerte protecci\u00f3n a los ni\u00f1os: alrededor de 98 de cada 100 ni\u00f1os est\u00e1n protegidas durante al menos un a\u00f1o despu\u00e9s de la quinta dosis, y alrededor del 70% todav\u00eda est\u00e1n protegidas por hasta cinco a\u00f1os\u00bb, dijo en una entrevista con Fox News Digital.<\/p>\n<div class=\"image-ct inline\">\n<div class=\"m\"><picture><source media=\"(max-width: 767px)\" srcset=\"https:\/\/a57.foxnews.com\/static.foxnews.com\/foxnews.com\/content\/uploads\/2025\/04\/343\/192\/gettyimages-1280027794.jpg?ve=1&amp;tl=1, https:\/\/a57.foxnews.com\/static.foxnews.com\/foxnews.com\/content\/uploads\/2025\/04\/686\/384\/gettyimages-1280027794.jpg?ve=1&amp;tl=1 2x\" height=\"192\" width=\"343\"><source media=\"(min-width: 768px) and (max-width: 1023px)\" srcset=\"https:\/\/a57.foxnews.com\/static.foxnews.com\/foxnews.com\/content\/uploads\/2025\/04\/672\/378\/gettyimages-1280027794.jpg?ve=1&amp;tl=1, https:\/\/a57.foxnews.com\/static.foxnews.com\/foxnews.com\/content\/uploads\/2025\/04\/1344\/756\/gettyimages-1280027794.jpg?ve=1&amp;tl=1 2x\" height=\"378\" width=\"672\"><source media=\"(min-width: 1024px) and (max-width: 1279px)\" srcset=\"https:\/\/a57.foxnews.com\/static.foxnews.com\/foxnews.com\/content\/uploads\/2025\/04\/931\/523\/gettyimages-1280027794.jpg?ve=1&amp;tl=1, https:\/\/a57.foxnews.com\/static.foxnews.com\/foxnews.com\/content\/uploads\/2025\/04\/1862\/1046\/gettyimages-1280027794.jpg?ve=1&amp;tl=1 2x\" height=\"523\" width=\"931\"><source media=\"(min-width: 1280px)\" srcset=\"https:\/\/a57.foxnews.com\/static.foxnews.com\/foxnews.com\/content\/uploads\/2025\/04\/720\/405\/gettyimages-1280027794.jpg?ve=1&amp;tl=1, https:\/\/a57.foxnews.com\/static.foxnews.com\/foxnews.com\/content\/uploads\/2025\/04\/1440\/810\/gettyimages-1280027794.jpg?ve=1&amp;tl=1 2x\" height=\"405\" width=\"720\"><img loading=\"lazy\" decoding=\"async\" src=\"https:\/\/a57.foxnews.com\/static.foxnews.com\/foxnews.com\/content\/uploads\/2025\/04\/1200\/675\/gettyimages-1280027794.jpg?ve=1&amp;tl=1\" alt=\"La mujer mayor recibe vacuna\" width=\"1200\" height=\"675\"\/><\/source><\/source><\/source><\/source><\/picture><\/div>\n<div class=\"info\">\n<div class=\"caption\">\n<p><span>Para adolescentes y adultos, la vacuna TDAP se administra como un refuerzo que ofrece una protecci\u00f3n del 85%, \u00abreduciendo significativamente la propagaci\u00f3n\u00bb, seg\u00fan un experto.<\/span> <span>(Istock)<\/span><\/p>\n<\/div>\n<\/div>\n<\/div>\n<p>Si bien las vacunas como el sarampi\u00f3n, las paperas y la rub\u00e9ola (MMR) pueden proporcionar protecci\u00f3n de por vida, la inmunidad de la tos ferina disminuye con el tiempo, lo que significa que los refuerzos son necesarios para adolescentes y adultos, se\u00f1al\u00f3 Pathak.<\/p>\n<p><strong><u>Haga clic aqu\u00ed para registrarse en nuestro bolet\u00edn de salud<\/u><\/strong><\/p>\n<p>\u00abEl aumento en los casos de la tos ferina es preocupante, pero no es sorprendente dado lo que estamos viendo con la vacuna\u00bb, coment\u00f3.<\/p>\n<p>\u00abLas mujeres embarazadas tambi\u00e9n deben obtener la vacuna TDAP durante su tercer trimestre para pasar anticuerpos a sus reci\u00e9n nacidos, protegi\u00e9ndolos antes de que puedan ser vacunados\u00bb, sugiri\u00f3 el m\u00e9dico. <\/p>\n<div class=\"image-ct inline\">\n<div class=\"m\"><picture><source media=\"(max-width: 767px)\" srcset=\"https:\/\/a57.foxnews.com\/static.foxnews.com\/foxnews.com\/content\/uploads\/2025\/05\/343\/192\/couple-hawaii.jpg?ve=1&amp;tl=1, https:\/\/a57.foxnews.com\/static.foxnews.com\/foxnews.com\/content\/uploads\/2025\/05\/686\/384\/couple-hawaii.jpg?ve=1&amp;tl=1 2x\" height=\"192\" width=\"343\"><source media=\"(min-width: 768px) and (max-width: 1023px)\" srcset=\"https:\/\/a57.foxnews.com\/static.foxnews.com\/foxnews.com\/content\/uploads\/2025\/05\/672\/378\/couple-hawaii.jpg?ve=1&amp;tl=1, https:\/\/a57.foxnews.com\/static.foxnews.com\/foxnews.com\/content\/uploads\/2025\/05\/1344\/756\/couple-hawaii.jpg?ve=1&amp;tl=1 2x\" height=\"378\" width=\"672\"><source media=\"(min-width: 1024px) and (max-width: 1279px)\" srcset=\"https:\/\/a57.foxnews.com\/static.foxnews.com\/foxnews.com\/content\/uploads\/2025\/05\/931\/523\/couple-hawaii.jpg?ve=1&amp;tl=1, https:\/\/a57.foxnews.com\/static.foxnews.com\/foxnews.com\/content\/uploads\/2025\/05\/1862\/1046\/couple-hawaii.jpg?ve=1&amp;tl=1 2x\" height=\"523\" width=\"931\"><source media=\"(min-width: 1280px)\" srcset=\"https:\/\/a57.foxnews.com\/static.foxnews.com\/foxnews.com\/content\/uploads\/2025\/05\/720\/405\/couple-hawaii.jpg?ve=1&amp;tl=1, https:\/\/a57.foxnews.com\/static.foxnews.com\/foxnews.com\/content\/uploads\/2025\/05\/1440\/810\/couple-hawaii.jpg?ve=1&amp;tl=1 2x\" height=\"405\" width=\"720\"><img loading=\"lazy\" decoding=\"async\" src=\"https:\/\/a57.foxnews.com\/static.foxnews.com\/foxnews.com\/content\/uploads\/2025\/05\/1200\/675\/couple-hawaii.jpg?ve=1&amp;tl=1\" alt=\"Pareja en Hawaii\" width=\"1200\" height=\"675\"\/><\/source><\/source><\/source><\/source><\/picture><\/div>\n<div class=\"info\">\n<div class=\"caption\">\n<p><span>El Doh Hawaii enfatiz\u00f3 su recomendaci\u00f3n \u00abfuerte\u00bb para que los ni\u00f1os y los adultos se mantengan al d\u00eda con las vacunas recomendadas para la prevenci\u00f3n de enfermedades.<\/span> <span>(Istock)<\/span><\/p>\n<\/div>\n<\/div>\n<\/div>\n<p>Hawaii confirm\u00f3 dos casos de sarampi\u00f3n a principios de abril y concluy\u00f3 que no hab\u00eda m\u00e1s propagaci\u00f3n comunitaria.<\/p>\n<p>A pesar de que la situaci\u00f3n actual est\u00e1 bajo control, el Departamento de Salud advirti\u00f3 que la exposici\u00f3n al sarampi\u00f3n sigue siendo una amenaza entre los viajeros.<\/p>\n<p><i><strong><u>Para m\u00e1s art\u00edculos de salud, visite <\/u><\/strong><\/i><i><strong><u>www.foxnews.com\/Health<\/u><\/strong><\/i><\/p>\n<p>\u00abLos casos de sarampi\u00f3n en los Estados Unidos contin\u00faan aumentando, con m\u00e1s de 1,000 casos ya reportados en 30 estados este a\u00f1o\u00bb, se\u00f1al\u00f3 el departamento.<\/p>\n<p>\u00abEl riesgo sigue siendo alto para futuros casos de sarampi\u00f3n relacionados con los viajes que llegan a Hawai, y DOH recomienda una vigilancia continua y los esfuerzos para aumentar la tasa de vacunaci\u00f3n de MMR\u00bb.<\/p>\n<p><strong><u>Haga clic aqu\u00ed para obtener la aplicaci\u00f3n Fox News<\/u><\/strong><\/p>\n<p>El DOH enfatiz\u00f3 su recomendaci\u00f3n \u00abfuerte\u00bb para que los ni\u00f1os y los adultos se mantengan al d\u00eda con las vacunas recomendadas para la prevenci\u00f3n de enfermedades.<\/p>\n<p> <!----> <\/p>\n<div class=\"article-meta\">\n<div class=\"author-bio\">\n<p>Angelica Stabile es una reportera de estilo de vida para Fox News Digital.<\/p>\n<\/div>\n<\/div>\n<\/div>\n\n","protected":false},"excerpt":{"rendered":"<p>Mientras que los casos de sarampi\u00f3n contin\u00faan extendi\u00e9ndose por los Estados Unidos, Hawaii informa un nuevo tipo de propagaci\u00f3n infecciosa. La tos ferina, tambi\u00e9n conocida como tos ferina, est\u00e1 en aumento a una \u00abtasa de preocupaci\u00f3n\u00bb en el estado de Aloha, confirm\u00f3 el estado del Departamento de Salud del Estado de Hawai (DOH) la semana &hellip;<\/p>\n","protected":false},"author":1,"featured_media":29140,"comment_status":"open","ping_status":"open","sticky":false,"template":"","format":"standard","meta":{"fifu_image_url":"https:\/\/a57.foxnews.com\/static.foxnews.com\/foxnews.com\/content\/uploads\/2025\/05\/1200\/675\/gettyimages-1387146927.jpg?ve=1&tl=1","fifu_image_alt":"","footnotes":""},"categories":[8],"tags":[],"class_list":["post-29138","post","type-post","status-publish","format-standard","has-post-thumbnail","","category-salud"],"_links":{"self":[{"href":"https:\/\/noticiasveraces.com\/index.php?rest_route=\/wp\/v2\/posts\/29138","targetHints":{"allow":["GET"]}}],"collection":[{"href":"https:\/\/noticiasveraces.com\/index.php?rest_route=\/wp\/v2\/posts"}],"about":[{"href":"https:\/\/noticiasveraces.com\/index.php?rest_route=\/wp\/v2\/types\/post"}],"author":[{"embeddable":true,"href":"https:\/\/noticiasveraces.com\/index.php?rest_route=\/wp\/v2\/users\/1"}],"replies":[{"embeddable":true,"href":"https:\/\/noticiasveraces.com\/index.php?rest_route=%2Fwp%2Fv2%2Fcomments&post=29138"}],"version-history":[{"count":0,"href":"https:\/\/noticiasveraces.com\/index.php?rest_route=\/wp\/v2\/posts\/29138\/revisions"}],"wp:featuredmedia":[{"embeddable":true,"href":"https:\/\/noticiasveraces.com\/index.php?rest_route=\/wp\/v2\/media\/29140"}],"wp:attachment":[{"href":"https:\/\/noticiasveraces.com\/index.php?rest_route=%2Fwp%2Fv2%2Fmedia&parent=29138"}],"wp:term":[{"taxonomy":"category","embeddable":true,"href":"https:\/\/noticiasveraces.com\/index.php?rest_route=%2Fwp%2Fv2%2Fcategories&post=29138"},{"taxonomy":"post_tag","embeddable":true,"href":"https:\/\/noticiasveraces.com\/index.php?rest_route=%2Fwp%2Fv2%2Ftags&post=29138"}],"curies":[{"name":"wp","href":"https:\/\/api.w.org\/{rel}","templated":true}]}}