{"id":29115,"date":"2025-05-27T21:22:27","date_gmt":"2025-05-28T01:22:27","guid":{"rendered":"https:\/\/noticiasveraces.com\/?p=29115"},"modified":"2025-05-27T21:22:27","modified_gmt":"2025-05-28T01:22:27","slug":"las-zapatillas-neon-de-trudeau-roban-el-foco-durante-la-visita-canadiense-del-rey-charles","status":"publish","type":"post","link":"https:\/\/noticiasveraces.com\/?p=29115","title":{"rendered":"Las zapatillas ne\u00f3n de Trudeau roban el foco durante la visita canadiense del rey Charles"},"content":{"rendered":"<p> \n<\/p>\n<div>\n<p class=\"speakable\">Si la diplomacia es teatro, Justin Trudeau camin\u00f3 en el escenario con traje para saludar a la regal\u00eda.<\/p>\n<p class=\"speakable\">El ex primer ministro canadiense hizo una entrada de giro en la cabeza en los procedimientos reales del martes en Ottawa, asistiendo al discurso hist\u00f3rico del rey Carlos III desde el trono, no en los brogues de cuero esperados o oxfords pulidos, sino en un par de gazelas adidas de Turquesa y Orange. <\/p>\n<p>Una elecci\u00f3n sartorial que podr\u00eda volar en entornos m\u00e1s informales, quiz\u00e1s menos en la C\u00e1mara del Senado, especialmente cuando la regal\u00eda est\u00e1 en la sala.<\/p>\n<p><strong>El rey Carlos III visita a Canad\u00e1 como muestra de apoyo para el pa\u00eds codiciado por Trump<\/strong><\/p>\n<div class=\"image-ct inline\">\n<div class=\"m\"><picture><source media=\"(max-width: 767px)\" srcset=\"https:\/\/a57.foxnews.com\/static.foxnews.com\/foxnews.com\/content\/uploads\/2025\/05\/343\/192\/gettyimages-2217308662.jpg?ve=1&amp;tl=1, https:\/\/a57.foxnews.com\/static.foxnews.com\/foxnews.com\/content\/uploads\/2025\/05\/686\/384\/gettyimages-2217308662.jpg?ve=1&amp;tl=1 2x\" height=\"192\" width=\"343\"><source media=\"(min-width: 768px) and (max-width: 1023px)\" srcset=\"https:\/\/a57.foxnews.com\/static.foxnews.com\/foxnews.com\/content\/uploads\/2025\/05\/672\/378\/gettyimages-2217308662.jpg?ve=1&amp;tl=1, https:\/\/a57.foxnews.com\/static.foxnews.com\/foxnews.com\/content\/uploads\/2025\/05\/1344\/756\/gettyimages-2217308662.jpg?ve=1&amp;tl=1 2x\" height=\"378\" width=\"672\"><source media=\"(min-width: 1024px) and (max-width: 1279px)\" srcset=\"https:\/\/a57.foxnews.com\/static.foxnews.com\/foxnews.com\/content\/uploads\/2025\/05\/931\/523\/gettyimages-2217308662.jpg?ve=1&amp;tl=1, https:\/\/a57.foxnews.com\/static.foxnews.com\/foxnews.com\/content\/uploads\/2025\/05\/1862\/1046\/gettyimages-2217308662.jpg?ve=1&amp;tl=1 2x\" height=\"523\" width=\"931\"><source media=\"(min-width: 1280px)\" srcset=\"https:\/\/a57.foxnews.com\/static.foxnews.com\/foxnews.com\/content\/uploads\/2025\/05\/720\/405\/gettyimages-2217308662.jpg?ve=1&amp;tl=1, https:\/\/a57.foxnews.com\/static.foxnews.com\/foxnews.com\/content\/uploads\/2025\/05\/1440\/810\/gettyimages-2217308662.jpg?ve=1&amp;tl=1 2x\" height=\"405\" width=\"720\"><img loading=\"lazy\" decoding=\"async\" src=\"https:\/\/a57.foxnews.com\/static.foxnews.com\/foxnews.com\/content\/uploads\/2025\/05\/1200\/675\/gettyimages-2217308662.jpg?ve=1&amp;tl=1\" alt=\"Los zapatos Addidas del ex primer ministro de Canad\u00e1 Justin Trudeau\" width=\"1200\" height=\"675\"\/><\/source><\/source><\/source><\/source><\/picture><\/div>\n<div class=\"info\">\n<div class=\"caption\">\n<p><span>Este punto de vista muestra los zapatos adidas del ex primer ministro canadiense Justin Trudeau cuando llega antes de una aparici\u00f3n del rey Carlos III el 27 de mayo de 2025.<\/span> <span>(Chris Jackson &#8211; Pool\/Getty Images)<\/span><\/p>\n<\/div>\n<\/div>\n<\/div>\n<p>Mientras Trudeau lleg\u00f3 a los titulares por su elecci\u00f3n de calzado, el rey Carlos III y la reina Camilla estaban en Canad\u00e1 para una visita significativa de dos d\u00edas, la primera desde que se convirti\u00f3 en monarca en 2022. <\/p>\n<p>El Rey, de 76 a\u00f1os, actualmente est\u00e1 en tratamiento contra el c\u00e1ncer y ha mantenido un horario limitado, pero la decisi\u00f3n de viajar a Ottawa fue ampliamente vista como un gesto simb\u00f3lico de apoyo para Canad\u00e1 durante un momento de tensi\u00f3n.<\/p>\n<p>La visita sigue a los repetidos comentarios del presidente Donald Trump, lo que sugiere que Canad\u00e1 podr\u00eda convertirse en el 51\u00ba estado de los Estados Unidos, comentarios que fueron rechazados p\u00fablicamente por los l\u00edderes canadienses. <\/p>\n<p>El primer ministro Mark Carney invit\u00f3 al Rey a abrir la 45\u00aa sesi\u00f3n del Parlamento de Canad\u00e1, convirti\u00e9ndolo en el primer monarca en hacerlo desde la reina Elizabeth II en 1977. Carney ha declarado previamente que Canad\u00e1 \u00abno est\u00e1 a la venta ahora, ni a la venta\u00bb, un mensaje resonado por Canad\u00e1 al Reino Unido, Ralph Goodale, quien dijo que el Rey visit\u00f3 \u00abla visita\u00bb la fortaleza y la fortaleza de ese mensaje \u00ab\u00bb. \u00ab<\/p>\n<p><strong>Carney dice que Canad\u00e1 no est\u00e1 a la venta, Trump responde: \u00abNunca digas nunca\u00bb<\/strong><\/p>\n<div class=\"image-ct inline\">\n<div class=\"m\"><picture><source media=\"(max-width: 767px)\" srcset=\"https:\/\/a57.foxnews.com\/static.foxnews.com\/foxnews.com\/content\/uploads\/2025\/05\/343\/192\/gettyimages-2216774270.jpg?ve=1&amp;tl=1, https:\/\/a57.foxnews.com\/static.foxnews.com\/foxnews.com\/content\/uploads\/2025\/05\/686\/384\/gettyimages-2216774270.jpg?ve=1&amp;tl=1 2x\" height=\"192\" width=\"343\"><source media=\"(min-width: 768px) and (max-width: 1023px)\" srcset=\"https:\/\/a57.foxnews.com\/static.foxnews.com\/foxnews.com\/content\/uploads\/2025\/05\/672\/378\/gettyimages-2216774270.jpg?ve=1&amp;tl=1, https:\/\/a57.foxnews.com\/static.foxnews.com\/foxnews.com\/content\/uploads\/2025\/05\/1344\/756\/gettyimages-2216774270.jpg?ve=1&amp;tl=1 2x\" height=\"378\" width=\"672\"><source media=\"(min-width: 1024px) and (max-width: 1279px)\" srcset=\"https:\/\/a57.foxnews.com\/static.foxnews.com\/foxnews.com\/content\/uploads\/2025\/05\/931\/523\/gettyimages-2216774270.jpg?ve=1&amp;tl=1, https:\/\/a57.foxnews.com\/static.foxnews.com\/foxnews.com\/content\/uploads\/2025\/05\/1862\/1046\/gettyimages-2216774270.jpg?ve=1&amp;tl=1 2x\" height=\"523\" width=\"931\"><source media=\"(min-width: 1280px)\" srcset=\"https:\/\/a57.foxnews.com\/static.foxnews.com\/foxnews.com\/content\/uploads\/2025\/05\/720\/405\/gettyimages-2216774270.jpg?ve=1&amp;tl=1, https:\/\/a57.foxnews.com\/static.foxnews.com\/foxnews.com\/content\/uploads\/2025\/05\/1440\/810\/gettyimages-2216774270.jpg?ve=1&amp;tl=1 2x\" height=\"405\" width=\"720\"><img loading=\"lazy\" decoding=\"async\" src=\"https:\/\/a57.foxnews.com\/static.foxnews.com\/foxnews.com\/content\/uploads\/2025\/05\/1200\/675\/gettyimages-2216774270.jpg?ve=1&amp;tl=1\" alt=\"Rey Carlos III y Ola de la Reina Camilla\" width=\"1200\" height=\"675\"\/><\/source><\/source><\/source><\/source><\/picture><\/div>\n<div class=\"info\">\n<div class=\"caption\">\n<p><span>El rey Carlos III y la reina Camilla Wave se despiden al final de una visita oficial a Canad\u00e1 el 27 de mayo de 2025 en Ottawa, Ontario.<\/span> <span>(Ian Vogler &#8211; Pool\/Getty Images)<\/span><\/p>\n<\/div>\n<\/div>\n<\/div>\n<p>Durante su discurso en la C\u00e1mara del Senado, el rey Charles enfatiz\u00f3 la independencia y la resistencia de Canad\u00e1. \u00abEl verdadero Norte es realmente fuerte y libre\u00bb, dijo.<\/p>\n<p>Charles, quien tambi\u00e9n celebr\u00f3 reuniones privadas con Carney y el gobernador general Mary Simon, se desempe\u00f1a como jefe de estado de Canad\u00e1, como lo hace para otros 14 \u00e1mbitos de la Commonwealth. La visita llega en un momento en que el primer ministro del Reino Unido, Keir Starmer, est\u00e1 buscando lazos m\u00e1s cercanos con la administraci\u00f3n Trump sobre asuntos comerciales e internacionales, incluida Ucrania.<\/p>\n<p>Mientras que los aspectos ceremoniales de la visita llamaron la atenci\u00f3n, el evento reforz\u00f3 la posici\u00f3n actual de Canad\u00e1 en el escenario mundial y el papel de la monarqu\u00eda para reforzar ese estado.<\/p>\n<div class=\"image-ct inline\">\n<div class=\"m\"><picture><source media=\"(max-width: 767px)\" srcset=\"https:\/\/a57.foxnews.com\/static.foxnews.com\/foxnews.com\/content\/uploads\/2025\/05\/343\/192\/gettyimages-2217308596.jpg?ve=1&amp;tl=1, https:\/\/a57.foxnews.com\/static.foxnews.com\/foxnews.com\/content\/uploads\/2025\/05\/686\/384\/gettyimages-2217308596.jpg?ve=1&amp;tl=1 2x\" height=\"192\" width=\"343\"><source media=\"(min-width: 768px) and (max-width: 1023px)\" srcset=\"https:\/\/a57.foxnews.com\/static.foxnews.com\/foxnews.com\/content\/uploads\/2025\/05\/672\/378\/gettyimages-2217308596.jpg?ve=1&amp;tl=1, https:\/\/a57.foxnews.com\/static.foxnews.com\/foxnews.com\/content\/uploads\/2025\/05\/1344\/756\/gettyimages-2217308596.jpg?ve=1&amp;tl=1 2x\" height=\"378\" width=\"672\"><source media=\"(min-width: 1024px) and (max-width: 1279px)\" srcset=\"https:\/\/a57.foxnews.com\/static.foxnews.com\/foxnews.com\/content\/uploads\/2025\/05\/931\/523\/gettyimages-2217308596.jpg?ve=1&amp;tl=1, https:\/\/a57.foxnews.com\/static.foxnews.com\/foxnews.com\/content\/uploads\/2025\/05\/1862\/1046\/gettyimages-2217308596.jpg?ve=1&amp;tl=1 2x\" height=\"523\" width=\"931\"><source media=\"(min-width: 1280px)\" srcset=\"https:\/\/a57.foxnews.com\/static.foxnews.com\/foxnews.com\/content\/uploads\/2025\/05\/720\/405\/gettyimages-2217308596.jpg?ve=1&amp;tl=1, https:\/\/a57.foxnews.com\/static.foxnews.com\/foxnews.com\/content\/uploads\/2025\/05\/1440\/810\/gettyimages-2217308596.jpg?ve=1&amp;tl=1 2x\" height=\"405\" width=\"720\"><img loading=\"lazy\" decoding=\"async\" src=\"https:\/\/a57.foxnews.com\/static.foxnews.com\/foxnews.com\/content\/uploads\/2025\/05\/1200\/675\/gettyimages-2217308596.jpg?ve=1&amp;tl=1\" alt=\"Ex primer ministro de Canad\u00e1 Justin Trudeau's Adidas Shoes\" width=\"1200\" height=\"675\"\/><\/source><\/source><\/source><\/source><\/picture><\/div>\n<div class=\"info\">\n<div class=\"caption\">\n<p><span>Este punto de vista muestra los zapatos adidas del ex primer ministro canadiense Justin Trudeau cuando llega antes de una aparici\u00f3n del rey Carlos III el 27 de mayo de 2025.<\/span> <span>(Chris Jackson &#8211; Pool\/Getty Images)<\/span><\/p>\n<\/div>\n<\/div>\n<\/div>\n<p>En cuanto a la moda, las zapatillas de deporte de Trudeau estaban al menos en Vogue, literalmente. British Vogue recientemente llam\u00f3 a la Gazelle Adidas un elemento b\u00e1sico de la moda perenne, se\u00f1alando su silueta inspirada en los a\u00f1os 70 y su perfil silencioso. <\/p>\n<p>En un art\u00edculo de abril de 2024 titulado \u00abPor qu\u00e9 nuestra obsesi\u00f3n con Adidas Gazelles no muestra signos de desvanecimiento,\u00bb Joy Montgomery llam\u00f3 al zapato un \u00abentrenador de moda\u00bb con un atractivo atemporal, pero eso no necesariamente se traduce en un protocolo real.<\/p>\n<p>Un espectador brome\u00f3: \u00ab\u00a1Los zapatos de Justin Trudeau, hoy, en el Parlamento! Tambi\u00e9n en el Parlamento hoy &#8211; King Charles\u00bb, tuite\u00f3 @margareta_matis. <\/p>\n<p>Emily Ferguson intervino con un golpe de vista: \u00ab\u00bfQuiz\u00e1s los corredores de jubilaci\u00f3n &#8230;?\u00bb <\/p>\n<p>Como si el mensaje no estuviera claro, Dimitris Soudas, ex jefe de comunicaciones de Stephen Harper, emiti\u00f3 su veredicto con silencio: \u00abNo s\u00e9 qu\u00e9 decir\u00bb. <\/p>\n<p>En una sala llena de gobernadores generales, primeros ministros, l\u00edderes ind\u00edgenas y honores militares, la gamuza Adidas de Trudeau tambi\u00e9n dio a conocer su presencia.<\/p>\n<p>El rey Charles abri\u00f3 el discurso con un reconocimiento de tierras y se movi\u00f3 r\u00e1pidamente para enfatizar la \u00abidentidad \u00fanica\u00bb de Canad\u00e1 y la \u00absoberan\u00eda duradera\u00bb, los ecos sutiles del reciente mensaje del primer ministro Carney con Trump. <\/p>\n<p>La direcci\u00f3n de Charles, escrita principalmente por el gobierno canadiense pero salpicada con sus propios florituras, se\u00f1al\u00f3 objetivos econ\u00f3micos ambiciosos.<\/p>\n<p>\u00abCada vez que vengo a Canad\u00e1 &#8230; un poco m\u00e1s de Canad\u00e1 se filtra en mi torrente sangu\u00edneo, y desde all\u00ed directamente hasta mi coraz\u00f3n\u00bb, dijo.<\/p>\n<p>Mientras tanto, Trudeau se encontr\u00f3 sentado junto a Harper, su antiguo rival pol\u00edtico, y los dos fueron vistos en una conversaci\u00f3n animada, las manos volando. Se desconoce lo que estaban discutiendo.<\/p>\n<p><strong>Haga clic aqu\u00ed para obtener la aplicaci\u00f3n Fox News<\/strong><\/p>\n<p>Para citar a un rey diferente, \u00abBueno, puedes hacer cualquier cosa, pero mantente alejado de mis zapatos de ante azules\u00bb.<\/p>\n<p><i>Landon Mion de Fox News contribuy\u00f3 a este informe.<\/i><\/p>\n<p> <!----> <\/p>\n<div class=\"article-meta\">\n<div class=\"author-bio\">\n<p>Jasmine es escritor de Fox News Digital y un c\u00f3nyuge militar con sede en Nueva Orleans. Las historias se pueden enviar a jasmine.baehr@fox.com<\/p>\n<\/div>\n<\/div>\n<\/div>\n\n","protected":false},"excerpt":{"rendered":"<p>Si la diplomacia es teatro, Justin Trudeau camin\u00f3 en el escenario con traje para saludar a la regal\u00eda. El ex primer ministro canadiense hizo una entrada de giro en la cabeza en los procedimientos reales del martes en Ottawa, asistiendo al discurso hist\u00f3rico del rey Carlos III desde el trono, no en los brogues de &hellip;<\/p>\n","protected":false},"author":1,"featured_media":29117,"comment_status":"open","ping_status":"open","sticky":false,"template":"","format":"standard","meta":{"fifu_image_url":"https:\/\/static.foxnews.com\/foxnews.com\/content\/uploads\/2025\/05\/trudeau-shoes-split.jpg","fifu_image_alt":"","footnotes":""},"categories":[13],"tags":[],"class_list":["post-29115","post","type-post","status-publish","format-standard","has-post-thumbnail","","category-mundo"],"_links":{"self":[{"href":"https:\/\/noticiasveraces.com\/index.php?rest_route=\/wp\/v2\/posts\/29115","targetHints":{"allow":["GET"]}}],"collection":[{"href":"https:\/\/noticiasveraces.com\/index.php?rest_route=\/wp\/v2\/posts"}],"about":[{"href":"https:\/\/noticiasveraces.com\/index.php?rest_route=\/wp\/v2\/types\/post"}],"author":[{"embeddable":true,"href":"https:\/\/noticiasveraces.com\/index.php?rest_route=\/wp\/v2\/users\/1"}],"replies":[{"embeddable":true,"href":"https:\/\/noticiasveraces.com\/index.php?rest_route=%2Fwp%2Fv2%2Fcomments&post=29115"}],"version-history":[{"count":0,"href":"https:\/\/noticiasveraces.com\/index.php?rest_route=\/wp\/v2\/posts\/29115\/revisions"}],"wp:featuredmedia":[{"embeddable":true,"href":"https:\/\/noticiasveraces.com\/index.php?rest_route=\/wp\/v2\/media\/29117"}],"wp:attachment":[{"href":"https:\/\/noticiasveraces.com\/index.php?rest_route=%2Fwp%2Fv2%2Fmedia&parent=29115"}],"wp:term":[{"taxonomy":"category","embeddable":true,"href":"https:\/\/noticiasveraces.com\/index.php?rest_route=%2Fwp%2Fv2%2Fcategories&post=29115"},{"taxonomy":"post_tag","embeddable":true,"href":"https:\/\/noticiasveraces.com\/index.php?rest_route=%2Fwp%2Fv2%2Ftags&post=29115"}],"curies":[{"name":"wp","href":"https:\/\/api.w.org\/{rel}","templated":true}]}}