{"id":29113,"date":"2025-05-27T20:21:28","date_gmt":"2025-05-28T00:21:28","guid":{"rendered":"https:\/\/noticiasveraces.com\/?p=29113"},"modified":"2025-05-27T20:21:28","modified_gmt":"2025-05-28T00:21:28","slug":"carlos-iii-defiende-a-canada-ante-amenazas-de-donald-trump-dw-28-05-2025","status":"publish","type":"post","link":"https:\/\/noticiasveraces.com\/?p=29113","title":{"rendered":"Carlos III defiende a Canad\u00e1 ante amenazas de Donald Trump \u2013 DW \u2013 28\/05\/2025"},"content":{"rendered":"<p> \n<\/p>\n<div>\n<p>El rey Carlos III defendi\u00f3 el martes (28.05.2025) en Ottawa la soberan\u00eda de Canad\u00e1, pa\u00eds del que es jefe de Estado, en medio de las amenazas del presidente Donald Trump de anexionarlo a Estados Unidos.<\/p>\n<p>El monarca brit\u00e1nico fue invitado especialmente por el primer ministro canadiense, Mark Carney, a la inauguraci\u00f3n de la legislatura, punto culminante de una visita de gran simbolismo a este pa\u00eds que integra la Commonwealth brit\u00e1nica.<\/p>\n<p>\u00abLa democracia, el pluralismo, el Estado de derecho, la autodeterminaci\u00f3n y la libertad son valores que los canadienses aprecian, valores que el gobierno est\u00e1 decidido a proteger\u00bb, declar\u00f3 Carlos III ante el Parlamento, en el primer \u00abdiscurso del trono\u00bb de un rey en casi medio siglo en Canad\u00e1.<\/p>\n<p>En medio de fuertes aplausos, se inspir\u00f3 en el himno nacional al afirmar: \u00ab\u00a1El verdadero norte es realmente fuerte y libre!\u00bb.<\/p>\n<figure class=\"placeholder-image master_landscape big\"><img data-format=\"MASTER_LANDSCAPE\" data-id=\"72692116\" data-url=\"https:\/\/static.dw.com\/image\/72692116_${formatId}.jpg\" data-aspect-ratio=\"16\/9\" alt=\"La visita del rey Carlos III y Camila a Canad\u00e1 fue una reafirmaci\u00f3n del apoyo de Reino Unido a Canad\u00e1. (28.05.2025)\" style=\"padding-bottom: 56.25%; height: 0; max-height: 0;\"\/><figcaption class=\"img-caption\">La visita del rey Carlos III y Camila a Canad\u00e1 fue una reafirmaci\u00f3n del apoyo de Reino Unido a Canad\u00e1. (28.05.2025)<small class=\"copyright\">Imagen: Victoria Jones\/Shutterstock\/REUTERS<\/small><\/figcaption><\/figure>\n<h2>Canad\u00e1 enfrenta \u00abun momento cr\u00edtico\u00bb<\/h2>\n<p>El soberano de 76 a\u00f1os, y que padece un c\u00e1ncer desde hace m\u00e1s de un a\u00f1o, realiza junto a la reina Camila su primera gira desde que ascendi\u00f3 al trono en septiembre de 2022.<\/p>\n<p>Obligado a mantener una estricta neutralidad pol\u00edtica, Carlos III nunca ha comentado en p\u00fablico las declaraciones de Trump, que desde su regreso a la Casa Blanca en enero insiste en que Canad\u00e1 se convierta en \u00abel estado 51\u00bb.<\/p>\n<p>\u00abCanad\u00e1 se enfrenta a desaf\u00edos sin precedentes en nuestras vidas\u00bb, dijo el rey, en referencia a un \u00abmomento cr\u00edtico\u00bb.<\/p>\n<p>Las tensiones actuales representan una \u00abincre\u00edble oportunidad\u00bb para que el pa\u00eds \u00abforje nuevas alianzas y una nueva econom\u00eda al servicio de todo su pueblo\u00bb, subray\u00f3 el monarca, que llevaba al cuello la insignia de la Orden de Canad\u00e1.<\/p>\n<p>El pa\u00eds est\u00e1 \u00ablisto para construir una coalici\u00f3n de pa\u00edses\u00bb que crean \u00aben la cooperaci\u00f3n internacional y el libre comercio de bienes, servicios e ideas\u00bb, a\u00f1adi\u00f3.<\/p>\n<p>GS (AFP, Efe)<\/p>\n<\/div>\n\n","protected":false},"excerpt":{"rendered":"<p>El rey Carlos III defendi\u00f3 el martes (28.05.2025) en Ottawa la soberan\u00eda de Canad\u00e1, pa\u00eds del que es jefe de Estado, en medio de las amenazas del presidente Donald Trump de anexionarlo a Estados Unidos. El monarca brit\u00e1nico fue invitado especialmente por el primer ministro canadiense, Mark Carney, a la inauguraci\u00f3n de la legislatura, punto &hellip;<\/p>\n","protected":false},"author":1,"featured_media":29114,"comment_status":"open","ping_status":"open","sticky":false,"template":"","format":"standard","meta":{"fifu_image_url":"https:\/\/static.dw.com\/image\/72690820_6.jpg","fifu_image_alt":"","footnotes":""},"categories":[13],"tags":[],"class_list":["post-29113","post","type-post","status-publish","format-standard","has-post-thumbnail","","category-mundo"],"_links":{"self":[{"href":"https:\/\/noticiasveraces.com\/index.php?rest_route=\/wp\/v2\/posts\/29113","targetHints":{"allow":["GET"]}}],"collection":[{"href":"https:\/\/noticiasveraces.com\/index.php?rest_route=\/wp\/v2\/posts"}],"about":[{"href":"https:\/\/noticiasveraces.com\/index.php?rest_route=\/wp\/v2\/types\/post"}],"author":[{"embeddable":true,"href":"https:\/\/noticiasveraces.com\/index.php?rest_route=\/wp\/v2\/users\/1"}],"replies":[{"embeddable":true,"href":"https:\/\/noticiasveraces.com\/index.php?rest_route=%2Fwp%2Fv2%2Fcomments&post=29113"}],"version-history":[{"count":0,"href":"https:\/\/noticiasveraces.com\/index.php?rest_route=\/wp\/v2\/posts\/29113\/revisions"}],"wp:featuredmedia":[{"embeddable":true,"href":"https:\/\/noticiasveraces.com\/index.php?rest_route=\/wp\/v2\/media\/29114"}],"wp:attachment":[{"href":"https:\/\/noticiasveraces.com\/index.php?rest_route=%2Fwp%2Fv2%2Fmedia&parent=29113"}],"wp:term":[{"taxonomy":"category","embeddable":true,"href":"https:\/\/noticiasveraces.com\/index.php?rest_route=%2Fwp%2Fv2%2Fcategories&post=29113"},{"taxonomy":"post_tag","embeddable":true,"href":"https:\/\/noticiasveraces.com\/index.php?rest_route=%2Fwp%2Fv2%2Ftags&post=29113"}],"curies":[{"name":"wp","href":"https:\/\/api.w.org\/{rel}","templated":true}]}}