{"id":29078,"date":"2025-05-27T17:46:37","date_gmt":"2025-05-27T21:46:37","guid":{"rendered":"https:\/\/noticiasveraces.com\/?p=29078"},"modified":"2025-05-27T17:46:37","modified_gmt":"2025-05-27T21:46:37","slug":"el-parlamento-frances-aprueba-por-amplia-mayoria-una-ley-de-eutanasia-sociedad","status":"publish","type":"post","link":"https:\/\/noticiasveraces.com\/?p=29078","title":{"rendered":"El Parlamento franc\u00e9s aprueba por amplia mayor\u00eda una ley de eutanasia | Sociedad"},"content":{"rendered":"<p> \n<br \/><img decoding=\"async\" src=\"https:\/\/imagenes.elpais.com\/resizer\/v2\/ULETZ53CO27LWL3KHFQN2LB4SA.jpg?auth=aaf01cab03d5ff6d72d0c6d3743cb3c49a72a9dca438a0419fed29894ccf0c78\" \/><\/p>\n<div data-dtm-region=\"articulo_cuerpo\">\n<p class=\"\">La votaci\u00f3n no es el final del camino, sino un comienzo hist\u00f3rico que despeja ahora la ruta hacia una ley que permita morir dignamente en Francia, un pa\u00eds que prolonga sus grandes debates, pero los consolida cuando toma las decisiones oportunas. Este martes, la Asamblea Nacional encar\u00f3 el peliagudo primer gran acto para aprobar una ley de final de la vida, es decir, la posibilidad de recurrir a la eutanasia en determinados casos de enfermedades terminales. Al t\u00e9rmino de un debate parlamentario de dos semanas y una discusi\u00f3n p\u00fablica de a\u00f1os, la legalizaci\u00f3n de una ayuda para morir ha sido aceptada por primera vez por una amplia mayor\u00eda de parlamentarios. El texto deber\u00e1 ahora ser examinado por el Senado \u2014a finales de septiembre o principios de octubre\u2014 y pasar\u00e1 por una segunda lectura en ambas c\u00e1maras. En caso de seguir el mismo curso, podr\u00eda entrar en vigor a finales de 2026.<\/p>\n<p class=\"\">La sesi\u00f3n ha aprobado primero la ley para los cuidados paliativos por unanimidad. Luego el proyecto de norma sobre la eutanasia ha contado con un amplio apoyo repartido entre las filas de la izquierda y los ecologistas, el universo macronista y todo el espectro de centro. Los Republicanos, el centroderecha gaullista, un partido hoy en competici\u00f3n con la ultraderecha de Marine Le Pen, en cambio, ha mostrado su rechazo desde el comienzo. Su nuevo presidente, el ministro del Interior, Bruno Retailleau, ha sido uno de los grandes opositores. Cada vez, sin embargo, con menos esperanzas de frenar la norma. Las enmiendas fueron cayendo una tras otra durante las dos semanas de examen del texto, rechazadas por los grupos presidenciales y, sobre todo, por los diputados de LFI, muy activos en los debates. De 504 votos emitidos, 305 diputados votaron a favor y 199 en contra.<\/p>\n<p class=\"\">En Francia no es legal ni el suicidio asistido ni la eutanasia. Solo existe la ley Claeys-L\u00e9onetti sobre el fin de vida, que permite una sedaci\u00f3n profunda de pacientes terminales, pero solo en aquellos que sufren \u201cuna enfermedad grave e incurable y cuyo pron\u00f3stico vital est\u00e9 comprometido a corto plazo\u201d.<\/p>\n<p class=\"\">La nueva ley es un viejo proyecto del presidente Emmanuel Macron, pero tambi\u00e9n un amplio clamor de la ciudadan\u00eda francesa. El jefe del Estado, motivado por esa sensaci\u00f3n de unanimidad, asegur\u00f3 hace una semana en un larga entrevista televisada, que si hubiese alguna traba parlamentaria que impidiese que saliese adelante, someter\u00eda la aprobaci\u00f3n de la norma a un refer\u00e9ndum. \u201cLa votaci\u00f3n en la Asamblea Nacional de los textos sobre el desarrollo de los cuidados paliativos y la ayuda para morir es una etapa importante. Con respeto por las sensibilidades, las dudas y las esperanzas, el camino de fraternidad que yo deseaba se abre poco a poco. Con dignidad y humanidad\u201d, se\u00f1al\u00f3 en X el presidente de la Rep\u00fablica.<\/p>\n<p class=\"\">La poblaci\u00f3n francesa est\u00e1 ampliamente a favor de esta ley. Seg\u00fan una encuesta del IFOP de mayo de 2024, \u201cm\u00e1s de nueve de cada diez franceses (92%) se declara favorable a la eutanasia cuando el paciente, aquejado de una enfermedad insoportable e incurable, lo solicita\u201d. Seg\u00fan este mismo estudio, el 74% de los m\u00e9dicos desea una legalizaci\u00f3n de la ayuda m\u00e9dica para morir. Los defensores del texto esperan precisamente que la opini\u00f3n p\u00fablica ejerza una ligera presi\u00f3n sobre los senadores, que a priori son menos favorables al texto, y deber\u00e1n ratificar el texto.<\/p>\n<p class=\"\">La norma sometida a votaci\u00f3n prev\u00e9 que la ayuda para morir se convierta en un derecho inscrito en el c\u00f3digo de salud p\u00fablica. Esta ayuda permitir\u00e1 a ciertos pacientes acceder al suicidio asistido. Se les proporcionar\u00e1 un producto letal, pero ser\u00e1n ellos quienes deber\u00e1n realizar el acto. No obstante, se ha previsto una excepci\u00f3n para la eutanasia en el caso de personas que no puedan hacerlo \u201cf\u00edsicamente\u201d. Los diputados rectificaron as\u00ed el trabajo de la comisi\u00f3n de asuntos sociales, que hab\u00eda optado por el libre albedr\u00edo entre los dos modos de administraci\u00f3n del producto. La ministra de Salud, Catherine Vautrin, defendi\u00f3 en el hemiciclo esta soluci\u00f3n, estimando que la autoadministraci\u00f3n \u201crepresenta, hasta el \u00faltimo momento, la expresi\u00f3n de la voluntad del paciente de morir\u201d.<\/p>\n<p class=\"\">Los pacientes deber\u00e1n cumplir con cinco criterios para acceder al producto letal. Primero, deber\u00e1n ser mayores de edad y franceses o residentes estables. Los menores y los extranjeros han sido excluidos del derecho a la ayuda para morir, a pesar de numerosas enmiendas propuestas por LFI en ese sentido. Adem\u00e1s, una evaluaci\u00f3n m\u00e9dica deber\u00e1 determinar si los pacientes padecen \u201cuna enfermedad grave e incurable, cualquiera que sea su causa\u201d, y si esta enfermedad compromete \u201cel pron\u00f3stico vital, en fase avanzada o terminal\u201d. Este criterio emergi\u00f3 como el principal punto clave del texto en la Asamblea Nacional, ya que podr\u00eda ampliar o restringir significativamente el acceso a la ayuda para morir.<\/p>\n<p class=\"\">Esta redacci\u00f3n podr\u00eda permitir que personas con a\u00fan varios a\u00f1os de vida soliciten morir, uno de los principales focos de desacuerdo. La ayuda para morir, estimaban sus opositores, correr\u00eda el riesgo tal y como est\u00e1 formulada de convertirse en un acortamiento de la vida mucho antes de que su final se encuentre cerca. La definici\u00f3n consensuada, aunque considerada vaga por sus opositores, es la de \u201cfase avanzada de la enfermedad\u201d.<\/p>\n<p class=\"\">Los pacientes deber\u00e1n presentar \u201cun sufrimiento f\u00edsico o psicol\u00f3gico ligado a esta enfermedad\u201d y ser capaces \u201cde expresar su voluntad de forma libre y consciente\u201d. Al final, los profesionales sanitarios estar\u00e1n en primera l\u00ednea en la aplicaci\u00f3n de esta ley, presentes desde el principio hasta el final del procedimiento y siendo determinantes en su implementaci\u00f3n, ya que ser\u00e1n ellos quienes validen todas las etapas del proceso.<\/p>\n<p class=\"\">Para intentar delimitar m\u00e1s el texto, la ministra de Salud tambi\u00e9n defendi\u00f3 el fortalecimiento del procedimiento colegiado mediante el cual el m\u00e9dico decide si concede o no el derecho a la ayuda para morir. Este comit\u00e9 deber\u00e1 estar compuesto \u201ccomo m\u00ednimo por dos m\u00e9dicos y un profesional sanitario\u201d. Mientras muchos m\u00e9dicos y enfermeros han protestado contra la legalizaci\u00f3n del suicidio asistido, estos podr\u00e1n invocar una cl\u00e1usula de conciencia. Pero tambi\u00e9n podr\u00e1n ser condenados a 2 a\u00f1os de prisi\u00f3n y 30.000 euros de multa por \u201cobstaculizar la ayuda para morir\u201d. Este delito sancionar\u00e1 el hecho de \u201cimpedir o intentar impedir la pr\u00e1ctica\u201d de una eutanasia o un suicidio asistido. Las sanciones previstas fueron endurecidas durante el examen del texto, sin que se creara paralelamente un \u201cdelito de incitaci\u00f3n a la ayuda para morir\u201d.<\/p>\n<\/div>\n\n","protected":false},"excerpt":{"rendered":"<p>La votaci\u00f3n no es el final del camino, sino un comienzo hist\u00f3rico que despeja ahora la ruta hacia una ley que permita morir dignamente en Francia, un pa\u00eds que prolonga sus grandes debates, pero los consolida cuando toma las decisiones oportunas. Este martes, la Asamblea Nacional encar\u00f3 el peliagudo primer gran acto para aprobar una &hellip;<\/p>\n","protected":false},"author":1,"featured_media":29080,"comment_status":"open","ping_status":"open","sticky":false,"template":"","format":"standard","meta":{"fifu_image_url":"https:\/\/imagenes.elpais.com\/resizer\/v2\/ULETZ53CO27LWL3KHFQN2LB4SA.jpg?auth=aaf01cab03d5ff6d72d0c6d3743cb3c49a72a9dca438a0419fed29894ccf0c78&width=1200","fifu_image_alt":"","footnotes":""},"categories":[11],"tags":[],"class_list":["post-29078","post","type-post","status-publish","format-standard","has-post-thumbnail","","category-viaje"],"_links":{"self":[{"href":"https:\/\/noticiasveraces.com\/index.php?rest_route=\/wp\/v2\/posts\/29078","targetHints":{"allow":["GET"]}}],"collection":[{"href":"https:\/\/noticiasveraces.com\/index.php?rest_route=\/wp\/v2\/posts"}],"about":[{"href":"https:\/\/noticiasveraces.com\/index.php?rest_route=\/wp\/v2\/types\/post"}],"author":[{"embeddable":true,"href":"https:\/\/noticiasveraces.com\/index.php?rest_route=\/wp\/v2\/users\/1"}],"replies":[{"embeddable":true,"href":"https:\/\/noticiasveraces.com\/index.php?rest_route=%2Fwp%2Fv2%2Fcomments&post=29078"}],"version-history":[{"count":0,"href":"https:\/\/noticiasveraces.com\/index.php?rest_route=\/wp\/v2\/posts\/29078\/revisions"}],"wp:featuredmedia":[{"embeddable":true,"href":"https:\/\/noticiasveraces.com\/index.php?rest_route=\/wp\/v2\/media\/29080"}],"wp:attachment":[{"href":"https:\/\/noticiasveraces.com\/index.php?rest_route=%2Fwp%2Fv2%2Fmedia&parent=29078"}],"wp:term":[{"taxonomy":"category","embeddable":true,"href":"https:\/\/noticiasveraces.com\/index.php?rest_route=%2Fwp%2Fv2%2Fcategories&post=29078"},{"taxonomy":"post_tag","embeddable":true,"href":"https:\/\/noticiasveraces.com\/index.php?rest_route=%2Fwp%2Fv2%2Ftags&post=29078"}],"curies":[{"name":"wp","href":"https:\/\/api.w.org\/{rel}","templated":true}]}}