{"id":29061,"date":"2025-05-27T13:08:20","date_gmt":"2025-05-27T17:08:20","guid":{"rendered":"https:\/\/noticiasveraces.com\/?p=29061"},"modified":"2025-05-27T13:08:20","modified_gmt":"2025-05-27T17:08:20","slug":"eslovaquia-rechaza-sanciones-por-bloquear-castigos-a-rusia-dw-27-05-2025","status":"publish","type":"post","link":"https:\/\/noticiasveraces.com\/?p=29061","title":{"rendered":"Eslovaquia rechaza sanciones por bloquear castigos a Rusia \u2013 DW \u2013 27\/05\/2025"},"content":{"rendered":"<p> \n<\/p>\n<div>\n<p>El primer ministro de Eslovaquia, el populista Robert Fico, consider\u00f3 este martes (27.05.2025) inaceptable la propuesta de Alemania de estudiar la retirada de fondos comunitarios a ese pa\u00eds y a Hungr\u00eda por bloquear la postura de los otros 25 socios de la Uni\u00f3n Europea para sancionar a Rusia por su invasi\u00f3n de Ucrania.<\/p>\n<p>\u00abLas palabras del canciller alem\u00e1n son absolutamente inaceptables en la Europa moderna\u00bb, dijo Fico en una comparecencia ante los medios al final de su viaje oficial a Armenia.<\/p>\n<p>Fico reaccion\u00f3 a las palabras del canciller alem\u00e1n, el conservador Friedrich Merz, quien dijo que los Gobiernos de Hungr\u00eda y Eslovaquia obstaculizan la pol\u00edtica exterior europea sobre Rusia y afirm\u00f3 que si mantienen el rumbo no se podr\u00e1 evitar un \u00abconflicto mayor\u00bb.<\/p>\n<p>En opini\u00f3n de Merz, no se puede permitir que las decisiones de toda la Uni\u00f3n Europea \u00abdependan de una peque\u00f1a minor\u00eda\u00bb y apunt\u00f3 la posibilidad de que se empleen contra estos dos pa\u00edses procedimientos de infracci\u00f3n e incluso la retirada de fondos comunitarios, como ya se ha hecho con Hungr\u00eda por violaciones de las normas comunitarias.<\/p>\n<p>\u00abSi escucho esos comentarios agresivos (de Merz), tengo la sensaci\u00f3n de que no estamos entrando en buenos tiempos\u00bb, opin\u00f3 al respecto el primer ministro eslovaco.<\/p>\n<p><strong>Su cercan\u00eda con Putin<\/strong><\/p>\n<p>La cercan\u00eda de Fico con el presidente ruso, Vlad\u00edmir Putin y su recelo hacia la pol\u00edtica de la UE sobre Rusia le ha llevado a criticar abiertamente a Bruselas, lo que ha generado numerosas protestas ciudadanas en el pa\u00eds, con el apoyo de la oposici\u00f3n progresista y liberal.<\/p>\n<p>\u00abLas posiciones soberanas de Eslovaquia no surgen de la vanidad, sino que se basan en nuestros intereses como Estado-naci\u00f3n\u00bb, ha reaccionado tambi\u00e9n Fico a las amenazas del l\u00edder del Ejecutivo alem\u00e1n, algo que el eslovaco ha visto como un socavamiento de la democracia.<\/p>\n<p>\u00abLa pol\u00edtica de una opini\u00f3n obligatoria es una negaci\u00f3n de la soberan\u00eda y de la democracia\u00bb, asever\u00f3 Fico.<\/p>\n<p>Desde su regreso al poder en oto\u00f1o de 2023, Fico se convirti\u00f3 en una de las voces disonantes dentro de la UE por su firme oposici\u00f3n a apoyar militarmente a Ucrania frente a la agresi\u00f3n rusa, al considerar que la guerra no tiene una soluci\u00f3n militar.<\/p>\n<p>Fico tambi\u00e9n se ha opuesto, junto a su aliado Viktor Orb\u00e1n, el ultranacionalista primer ministro h\u00fangaro, a las sanciones a Rusia, sobre todo las que ahora se preparan para prohibir cualquier tipo de importaci\u00f3n de gas natural o combustible nuclear de Rusia.<\/p>\n<p>\u00abSi no obedecemos \u00bfhabr\u00e1 castigo? \u00c9ste no es el camino para encontrar cohesi\u00f3n y cooperaci\u00f3n\u00bb, concluy\u00f3 Fico, que tach\u00f3 el estilo de comunicaci\u00f3n de Merz como \u00abcontraproducente\u00bb.<\/p>\n<p>CT (Efe, Euronews)<\/p>\n<\/div>\n\n","protected":false},"excerpt":{"rendered":"<p>El primer ministro de Eslovaquia, el populista Robert Fico, consider\u00f3 este martes (27.05.2025) inaceptable la propuesta de Alemania de estudiar la retirada de fondos comunitarios a ese pa\u00eds y a Hungr\u00eda por bloquear la postura de los otros 25 socios de la Uni\u00f3n Europea para sancionar a Rusia por su invasi\u00f3n de Ucrania. \u00abLas palabras &hellip;<\/p>\n","protected":false},"author":1,"featured_media":29062,"comment_status":"open","ping_status":"open","sticky":false,"template":"","format":"standard","meta":{"fifu_image_url":"https:\/\/static.dw.com\/image\/71984138_6.jpg","fifu_image_alt":"","footnotes":""},"categories":[13],"tags":[],"class_list":["post-29061","post","type-post","status-publish","format-standard","has-post-thumbnail","","category-mundo"],"_links":{"self":[{"href":"https:\/\/noticiasveraces.com\/index.php?rest_route=\/wp\/v2\/posts\/29061","targetHints":{"allow":["GET"]}}],"collection":[{"href":"https:\/\/noticiasveraces.com\/index.php?rest_route=\/wp\/v2\/posts"}],"about":[{"href":"https:\/\/noticiasveraces.com\/index.php?rest_route=\/wp\/v2\/types\/post"}],"author":[{"embeddable":true,"href":"https:\/\/noticiasveraces.com\/index.php?rest_route=\/wp\/v2\/users\/1"}],"replies":[{"embeddable":true,"href":"https:\/\/noticiasveraces.com\/index.php?rest_route=%2Fwp%2Fv2%2Fcomments&post=29061"}],"version-history":[{"count":0,"href":"https:\/\/noticiasveraces.com\/index.php?rest_route=\/wp\/v2\/posts\/29061\/revisions"}],"wp:featuredmedia":[{"embeddable":true,"href":"https:\/\/noticiasveraces.com\/index.php?rest_route=\/wp\/v2\/media\/29062"}],"wp:attachment":[{"href":"https:\/\/noticiasveraces.com\/index.php?rest_route=%2Fwp%2Fv2%2Fmedia&parent=29061"}],"wp:term":[{"taxonomy":"category","embeddable":true,"href":"https:\/\/noticiasveraces.com\/index.php?rest_route=%2Fwp%2Fv2%2Fcategories&post=29061"},{"taxonomy":"post_tag","embeddable":true,"href":"https:\/\/noticiasveraces.com\/index.php?rest_route=%2Fwp%2Fv2%2Ftags&post=29061"}],"curies":[{"name":"wp","href":"https:\/\/api.w.org\/{rel}","templated":true}]}}