{"id":29046,"date":"2025-05-27T10:55:12","date_gmt":"2025-05-27T14:55:12","guid":{"rendered":"https:\/\/noticiasveraces.com\/?p=29046"},"modified":"2025-05-27T10:55:12","modified_gmt":"2025-05-27T14:55:12","slug":"acuerdo-a-la-vista-entre-ee-uu-y-la-ue-el-ibex-35-se-mantiene-fuerte","status":"publish","type":"post","link":"https:\/\/noticiasveraces.com\/?p=29046","title":{"rendered":"\u00bfAcuerdo a la vista entre EE.UU. y la UE? El Ibex 35 se mantiene fuerte"},"content":{"rendered":"<p> \n<\/p>\n<div>\n<p>El presidente de EE. UU., Donald Trump, ha aplazado un mes, hasta el 9 de julio, los aranceles punitivos del 50 % sobre las importaciones procedentes de la UE anunciados para el 1 de junio. Anunci\u00f3 el aplazamiento tras una \u00abmuy agradable conversaci\u00f3n telef\u00f3nica\u00bb con la presidenta de la Comisi\u00f3n Europea, Ursula von der Leyen, y declar\u00f3 ante la prensa que acced\u00eda a su petici\u00f3n de ampliar el plazo. Von der Leyen ya hab\u00eda informado poco antes en la plataforma X de una \u00abbuena conversaci\u00f3n telef\u00f3nica\u00bb y hab\u00eda subrayado que Europa estaba dispuesta a negociar \u00abr\u00e1pida y decididamente\u00bb, pero que para ello necesitaba imperativamente tiempo hasta el 9 de julio. <\/p>\n<p>De este modo, se mantiene el plazo de tres meses concedido por Trump en abril para que ambas partes resuelvan sus disputas arancelarias. A cambio, la UE tambi\u00e9n hab\u00eda suspendido sus contramedidas sobre los productos estadounidenses durante 90 d\u00edas. Previamente, Trump hab\u00eda declarado de forma sorprendente que \u00abno buscaba un acuerdo\u00bb y justific\u00f3 los elevados aranceles con el supuesto estancamiento de las negociaciones. Sin embargo, dada la anterioridad de los aplazamientos, la entrada en vigor de los aranceles en tan poco tiempo se consideraba incierta. <\/p>\n<p><strong>Buena se\u00f1al para los mercados de EE. UU. y Europa<\/strong> <\/p>\n<p>Ayer, las bolsas estadounidenses permanecieron cerradas por el feriado del Memorial Day. Los \u00edndices europeos , EuroStoxx600, el italiano y el espa\u00f1ol registraron fuertes subidas. Hoy es muy probable que veamos un comportamiento similar en EE. UU. <\/p>\n<p><img decoding=\"async\" title=\"Resumen de \u00edndices. Fuente: Investing\" src=\"https:\/\/d4-invdn-com.investing.com\/content\/30a5c85038fb37f0579efcee953dec65.jpg\" alt=\"Resumen de \u00edndices. Fuente: Investing\" width=\"474\" border=\"0\"\/><\/p>\n<p>El \u00edndice espa\u00f1ol es un buen ejemplo de la fortaleza actual de Europa. El \u00edndice ha experimentado una correcci\u00f3n muy favorable, perfectamente dentro de las expectativas (v\u00e9anse los recuadros del gr\u00e1fico), y desde el m\u00ednimo de 11 589,00 puntos ha vuelto a subir. <\/p>\n<p><img decoding=\"async\" title=\"Gr\u00e1fico de 8 horas del IBEX35\" src=\"https:\/\/d4-invdn-com.investing.com\/content\/d76edeea901e9386b0332332b71ad0c9.jpg\" alt=\"Gr\u00e1fico de 8 horas del IBEX35\" width=\"474\" border=\"0\"\/><\/p>\n<p>Esperamos un m\u00e1ximo notable en el recuadro rojo, entre 11 549,70 y 15 288,58 puntos, y luego una correcci\u00f3n menor que podr\u00eda llevar al \u00edndice de vuelta a unos 13 800 puntos. Sin embargo, despu\u00e9s deber\u00eda volver a la tendencia alcista. Creemos que esta tendencia se mantendr\u00e1 a largo plazo. No obstante, el \u00edndice se dirige en general hacia un m\u00e1ximo muy notable. Pero a\u00fan queda algo de margen y tiempo. <\/p>\n<p>Ayer publicamos en nuestro canal de YouTube un an\u00e1lisis detallado de los \u00edndices EuroStoxx600, DAX y S&#038;P 500. Encontrar\u00e1s el v\u00eddeo m\u00e1s abajo. Utiliza la nueva sincronizaci\u00f3n de YouTube o los subt\u00edtulos autom\u00e1ticos. <\/p>\n<p>Obt\u00e9n un descuento permanente del 15 % en InvestingPro haciendo clic en el siguiente enlace: https:\/\/www.investing-referral.com\/aff34\/ <\/p>\n<p><em><u>Descargo de responsabilidad\/advertencia de riesgo:<\/u><\/em> <br \/><em>Los art\u00edculos aqu\u00ed ofrecidos son meramente informativos y no constituyen recomendaciones de compra o venta. No deben entenderse ni expl\u00edcita ni impl\u00edcitamente como garant\u00eda de una evoluci\u00f3n concreta de los precios de los instrumentos financieros mencionados ni como una llamada a la acci\u00f3n. La adquisici\u00f3n de valores conlleva riesgos que pueden conducir a la p\u00e9rdida total del capital invertido. La informaci\u00f3n no sustituye el asesoramiento experto en inversiones adaptado a las necesidades individuales. No se asume ni expresa ni impl\u00edcitamente responsabilidad ni garant\u00eda alguna por la actualidad, correcci\u00f3n, idoneidad e integridad de la informaci\u00f3n facilitada ni por p\u00e9rdidas financieras. No se trata expresamente de an\u00e1lisis financieros, sino de textos period\u00edsticos. Los lectores que tomen decisiones de inversi\u00f3n o realicen transacciones bas\u00e1ndose en la informaci\u00f3n aqu\u00ed facilitada lo hacen bajo su propia responsabilidad. Los autores pueden poseer valores de las empresas\/valores\/acciones comentadas en el momento de la publicaci\u00f3n, por lo que puede existir un conflicto de intereses.<\/em><\/p>\n<\/div>\n\n","protected":false},"excerpt":{"rendered":"<p>El presidente de EE. UU., Donald Trump, ha aplazado un mes, hasta el 9 de julio, los aranceles punitivos del 50 % sobre las importaciones procedentes de la UE anunciados para el 1 de junio. Anunci\u00f3 el aplazamiento tras una \u00abmuy agradable conversaci\u00f3n telef\u00f3nica\u00bb con la presidenta de la Comisi\u00f3n Europea, Ursula von der Leyen, &hellip;<\/p>\n","protected":false},"author":1,"featured_media":29048,"comment_status":"open","ping_status":"open","sticky":false,"template":"","format":"standard","meta":{"fifu_image_url":"https:\/\/i-invdn-com.investing.com\/redesign\/images\/seo\/investingcom_analysis_og.jpg","fifu_image_alt":"","footnotes":""},"categories":[3],"tags":[],"class_list":["post-29046","post","type-post","status-publish","format-standard","has-post-thumbnail","","category-negocio"],"_links":{"self":[{"href":"https:\/\/noticiasveraces.com\/index.php?rest_route=\/wp\/v2\/posts\/29046","targetHints":{"allow":["GET"]}}],"collection":[{"href":"https:\/\/noticiasveraces.com\/index.php?rest_route=\/wp\/v2\/posts"}],"about":[{"href":"https:\/\/noticiasveraces.com\/index.php?rest_route=\/wp\/v2\/types\/post"}],"author":[{"embeddable":true,"href":"https:\/\/noticiasveraces.com\/index.php?rest_route=\/wp\/v2\/users\/1"}],"replies":[{"embeddable":true,"href":"https:\/\/noticiasveraces.com\/index.php?rest_route=%2Fwp%2Fv2%2Fcomments&post=29046"}],"version-history":[{"count":0,"href":"https:\/\/noticiasveraces.com\/index.php?rest_route=\/wp\/v2\/posts\/29046\/revisions"}],"wp:featuredmedia":[{"embeddable":true,"href":"https:\/\/noticiasveraces.com\/index.php?rest_route=\/wp\/v2\/media\/29048"}],"wp:attachment":[{"href":"https:\/\/noticiasveraces.com\/index.php?rest_route=%2Fwp%2Fv2%2Fmedia&parent=29046"}],"wp:term":[{"taxonomy":"category","embeddable":true,"href":"https:\/\/noticiasveraces.com\/index.php?rest_route=%2Fwp%2Fv2%2Fcategories&post=29046"},{"taxonomy":"post_tag","embeddable":true,"href":"https:\/\/noticiasveraces.com\/index.php?rest_route=%2Fwp%2Fv2%2Ftags&post=29046"}],"curies":[{"name":"wp","href":"https:\/\/api.w.org\/{rel}","templated":true}]}}