{"id":29027,"date":"2025-05-27T07:52:38","date_gmt":"2025-05-27T11:52:38","guid":{"rendered":"https:\/\/noticiasveraces.com\/?p=29027"},"modified":"2025-05-27T07:52:38","modified_gmt":"2025-05-27T11:52:38","slug":"el-populista-rumano-georgescu-deja-de-la-politica-despues-de-ser-excluidos-de-las-elecciones-repetidas","status":"publish","type":"post","link":"https:\/\/noticiasveraces.com\/?p=29027","title":{"rendered":"El populista rumano Georgescu deja de la pol\u00edtica despu\u00e9s de ser excluidos de las elecciones repetidas"},"content":{"rendered":"<p> \n<\/p>\n<div>\n<p class=\"speakable\">El populista rumano Calin Georgescu anunci\u00f3 su retiro de la pol\u00edtica despu\u00e9s de que se les prohibi\u00f3 correr en la repetici\u00f3n de elecciones presidenciales del pa\u00eds este mes. <\/p>\n<p class=\"speakable\">La decisi\u00f3n se produce despu\u00e9s de que Georgescu se postul\u00f3 para presidente a fines del a\u00f1o pasado y sali\u00f3 victorioso en la primera ronda de votaci\u00f3n. Sin embargo, un tribunal rumano superior anul\u00f3 el resultado despu\u00e9s de que surgieron acusaciones de violaciones electorales e interferencia rusa. M\u00e1s tarde, a Georgescu se le prohibi\u00f3 participar en el concurso de este mes, que fue ganado por el candidato a la Uni\u00f3n Europea, Nicusor Dan. <\/p>\n<p>\u00abElijo ser un observador pasivo de la vida p\u00fablica y social\u00bb, dijo Georgescu, de 63 a\u00f1os, en un video publicado en l\u00ednea el lunes por la noche. \u00abElijo permanecer fuera de cualquier estructura de partidos pol\u00edticos &#8230; No estoy afiliado a ning\u00fan grupo pol\u00edtico de ninguna manera\u00bb. <\/p>\n<p>Georgescu, quien se postul\u00f3 como independiente en noviembre, dijo que tom\u00f3 su decisi\u00f3n de dar un paso atr\u00e1s despu\u00e9s de la conclusi\u00f3n de la carrera presidencial, que para \u00e9l indic\u00f3 \u00abel movimiento soberanista ha llegado a su fin\u00bb. <\/p>\n<p><strong>El ahora favorito de Rumania, el favorito presidencial afirma que se enfrenta a cargos como Trump<\/strong><strong> <\/strong><\/p>\n<div class=\"image-ct inline\">\n<div class=\"m\"><picture><source media=\"(max-width: 767px)\" srcset=\"https:\/\/a57.foxnews.com\/static.foxnews.com\/foxnews.com\/content\/uploads\/2025\/05\/343\/192\/calin-georgescu.jpg?ve=1&amp;tl=1, https:\/\/a57.foxnews.com\/static.foxnews.com\/foxnews.com\/content\/uploads\/2025\/05\/686\/384\/calin-georgescu.jpg?ve=1&amp;tl=1 2x\" height=\"192\" width=\"343\"><source media=\"(min-width: 768px) and (max-width: 1023px)\" srcset=\"https:\/\/a57.foxnews.com\/static.foxnews.com\/foxnews.com\/content\/uploads\/2025\/05\/672\/378\/calin-georgescu.jpg?ve=1&amp;tl=1, https:\/\/a57.foxnews.com\/static.foxnews.com\/foxnews.com\/content\/uploads\/2025\/05\/1344\/756\/calin-georgescu.jpg?ve=1&amp;tl=1 2x\" height=\"378\" width=\"672\"><source media=\"(min-width: 1024px) and (max-width: 1279px)\" srcset=\"https:\/\/a57.foxnews.com\/static.foxnews.com\/foxnews.com\/content\/uploads\/2025\/05\/931\/523\/calin-georgescu.jpg?ve=1&amp;tl=1, https:\/\/a57.foxnews.com\/static.foxnews.com\/foxnews.com\/content\/uploads\/2025\/05\/1862\/1046\/calin-georgescu.jpg?ve=1&amp;tl=1 2x\" height=\"523\" width=\"931\"><source media=\"(min-width: 1280px)\" srcset=\"https:\/\/a57.foxnews.com\/static.foxnews.com\/foxnews.com\/content\/uploads\/2025\/05\/720\/405\/calin-georgescu.jpg?ve=1&amp;tl=1, https:\/\/a57.foxnews.com\/static.foxnews.com\/foxnews.com\/content\/uploads\/2025\/05\/1440\/810\/calin-georgescu.jpg?ve=1&amp;tl=1 2x\" height=\"405\" width=\"720\"><img loading=\"lazy\" decoding=\"async\" src=\"https:\/\/a57.foxnews.com\/static.foxnews.com\/foxnews.com\/content\/uploads\/2025\/05\/1200\/675\/calin-georgescu.jpg?ve=1&amp;tl=1\" alt=\"Calin Georgescu en la estaci\u00f3n de votaci\u00f3n\" width=\"1200\" height=\"675\"\/><\/source><\/source><\/source><\/source><\/picture><\/div>\n<div class=\"info\">\n<div class=\"caption\">\n<p><span>Calin Georgescu, ganador de la primera ronda de las elecciones anuladas del a\u00f1o pasado en Rumania, llega a una estaci\u00f3n de votaci\u00f3n en la segunda ronda de la rehacer elecciones presidenciales del pa\u00eds en Mogosoaia, Rumania, el 18 de mayo.<\/span> <span>(AP\/Andreea Alexandru)<\/span><\/p>\n<\/div>\n<\/div>\n<\/div>\n<p>\u00abAunque este cap\u00edtulo pol\u00edtico ha terminado, estoy convencido de que los valores e ideales por los que luchamos juntos permanecen firmes\u00bb, agreg\u00f3. \u00abMis queridos, siempre he dicho que har\u00edamos historia, no pol\u00edtica\u00bb. <\/p>\n<p>En febrero, los fiscales abrieron procedimientos penales contra Georgescu, acus\u00e1ndolo de incitaci\u00f3n para socavar el orden constitucional, los abusos de financiaci\u00f3n de la campa\u00f1a electoral y la fundaci\u00f3n o el apoyo de las organizaciones fascistas, racistas, xen\u00f3fobas o antisemitas, entre otros cargos. El martes, deb\u00eda aparecer en la oficina del fiscal en Bucarest. <\/p>\n<p>A pesar de lo que parec\u00eda ser una campa\u00f1a de redes sociales en expansi\u00f3n que lo promociona, Georgescu hab\u00eda declarado cero gasto de campa\u00f1a en el concurso del a\u00f1o pasado. Una corte rumana luego hizo el movimiento sin precedentes para anular las elecciones. <\/p>\n<p>\u00abEste diciembre, Rumania directamente cancel\u00f3 los resultados de una elecci\u00f3n presidencial basada en las sospechas endeudas de una agencia de inteligencia y una enorme presi\u00f3n de sus vecinos continentales\u00bb, dijo el vicepresidente JD Vance en un discurso en la Conferencia de Seguridad de Munich en febrero. <\/p>\n<p><strong>Georgescu detuvo despu\u00e9s de la reprimenda de las elecciones europeas de JD Vance<\/strong><strong> <\/strong><\/p>\n<div class=\"image-ct inline\">\n<div class=\"m\"><picture><source media=\"(max-width: 767px)\" srcset=\"https:\/\/a57.foxnews.com\/static.foxnews.com\/foxnews.com\/content\/uploads\/2025\/02\/343\/192\/gettyimages-2200513922.jpg?ve=1&amp;tl=1, https:\/\/a57.foxnews.com\/static.foxnews.com\/foxnews.com\/content\/uploads\/2025\/02\/686\/384\/gettyimages-2200513922.jpg?ve=1&amp;tl=1 2x\" height=\"192\" width=\"343\"><source media=\"(min-width: 768px) and (max-width: 1023px)\" srcset=\"https:\/\/a57.foxnews.com\/static.foxnews.com\/foxnews.com\/content\/uploads\/2025\/02\/672\/378\/gettyimages-2200513922.jpg?ve=1&amp;tl=1, https:\/\/a57.foxnews.com\/static.foxnews.com\/foxnews.com\/content\/uploads\/2025\/02\/1344\/756\/gettyimages-2200513922.jpg?ve=1&amp;tl=1 2x\" height=\"378\" width=\"672\"><source media=\"(min-width: 1024px) and (max-width: 1279px)\" srcset=\"https:\/\/a57.foxnews.com\/static.foxnews.com\/foxnews.com\/content\/uploads\/2025\/02\/931\/523\/gettyimages-2200513922.jpg?ve=1&amp;tl=1, https:\/\/a57.foxnews.com\/static.foxnews.com\/foxnews.com\/content\/uploads\/2025\/02\/1862\/1046\/gettyimages-2200513922.jpg?ve=1&amp;tl=1 2x\" height=\"523\" width=\"931\"><source media=\"(min-width: 1280px)\" srcset=\"https:\/\/a57.foxnews.com\/static.foxnews.com\/foxnews.com\/content\/uploads\/2025\/02\/720\/405\/gettyimages-2200513922.jpg?ve=1&amp;tl=1, https:\/\/a57.foxnews.com\/static.foxnews.com\/foxnews.com\/content\/uploads\/2025\/02\/1440\/810\/gettyimages-2200513922.jpg?ve=1&amp;tl=1 2x\" height=\"405\" width=\"720\"><img loading=\"lazy\" decoding=\"async\" src=\"https:\/\/a57.foxnews.com\/static.foxnews.com\/foxnews.com\/content\/uploads\/2025\/02\/1200\/675\/gettyimages-2200513922.jpg?ve=1&amp;tl=1\" alt=\"Protesta de Calin Georgescu\" width=\"1200\" height=\"675\"\/><\/source><\/source><\/source><\/source><\/picture><\/div>\n<div class=\"info\">\n<div class=\"caption\">\n<p><span>Un partidario del candidato presidencial, Calin Georgescu, posee un p\u00f3ster que representa al vicepresidente JD Vance y la lectura de \u00abGracias JD Vance por su apoyo\u00bb, ya que participa en una concentraci\u00f3n y marcha en Bucarest, Rumania, el 22 de febrero. Miles de personas reunidas para recolectar firmas para la candidato de Calin Georgescu en las elecciones presidenciales que se celebrar\u00e1n en 2025.<\/span> <span>(Daniel Mihailescu\/AFP a trav\u00e9s de Getty Images)<\/span><\/p>\n<\/div>\n<\/div>\n<\/div>\n<p>\u00abAhora, seg\u00fan tengo entendido, el argumento era que la desinformaci\u00f3n rusa hab\u00eda infectado las elecciones rumanas, pero les pedir\u00eda a mis amigos europeos que tengan alguna perspectiva. Puede creer que es incorrecto que Rusia compre anuncios en las redes sociales para influir en sus elecciones. Ciertamente lo hacemos. Puede condenarlo en el escenario mundial incluso, pero si su democracia puede ser destruida con unos cientos de miles de d\u00f3lares digitales de un pa\u00eds extranjero de un pa\u00eds extranjero, entonces no es muy grande. <\/p>\n<p>Georgescu provoc\u00f3 controversia por describir a los l\u00edderes fascistas y nacionalistas rumanos de las d\u00e9cadas de 1930 y 1940 como h\u00e9roes nacionales, seg\u00fan Associated Press. Tambi\u00e9n ha elogiado al presidente ruso Vladimir Putin en el pasado como \u00abun hombre que ama a su pa\u00eds\u00bb y ha cuestionado la estadidad de Ucrania, pero afirma no ser pro ruso. <\/p>\n<p>Georgescu ha argumentado que la elecci\u00f3n fue \u00abcancelada ilegal e inconstitucionalmente\u00bb, y despu\u00e9s de que fue excluido de la repetici\u00f3n de mayo, acus\u00f3 a las autoridades de \u00abinventar evidencia para justificar el robo\u00bb de las elecciones. <\/p>\n<div class=\"image-ct inline\">\n<div class=\"m\"><picture><source media=\"(max-width: 767px)\" srcset=\"https:\/\/a57.foxnews.com\/static.foxnews.com\/foxnews.com\/content\/uploads\/2025\/05\/343\/192\/calin-georgescu-votes.jpg?ve=1&amp;tl=1, https:\/\/a57.foxnews.com\/static.foxnews.com\/foxnews.com\/content\/uploads\/2025\/05\/686\/384\/calin-georgescu-votes.jpg?ve=1&amp;tl=1 2x\" height=\"192\" width=\"343\"><source media=\"(min-width: 768px) and (max-width: 1023px)\" srcset=\"https:\/\/a57.foxnews.com\/static.foxnews.com\/foxnews.com\/content\/uploads\/2025\/05\/672\/378\/calin-georgescu-votes.jpg?ve=1&amp;tl=1, https:\/\/a57.foxnews.com\/static.foxnews.com\/foxnews.com\/content\/uploads\/2025\/05\/1344\/756\/calin-georgescu-votes.jpg?ve=1&amp;tl=1 2x\" height=\"378\" width=\"672\"><source media=\"(min-width: 1024px) and (max-width: 1279px)\" srcset=\"https:\/\/a57.foxnews.com\/static.foxnews.com\/foxnews.com\/content\/uploads\/2025\/05\/931\/523\/calin-georgescu-votes.jpg?ve=1&amp;tl=1, https:\/\/a57.foxnews.com\/static.foxnews.com\/foxnews.com\/content\/uploads\/2025\/05\/1862\/1046\/calin-georgescu-votes.jpg?ve=1&amp;tl=1 2x\" height=\"523\" width=\"931\"><source media=\"(min-width: 1280px)\" srcset=\"https:\/\/a57.foxnews.com\/static.foxnews.com\/foxnews.com\/content\/uploads\/2025\/05\/720\/405\/calin-georgescu-votes.jpg?ve=1&amp;tl=1, https:\/\/a57.foxnews.com\/static.foxnews.com\/foxnews.com\/content\/uploads\/2025\/05\/1440\/810\/calin-georgescu-votes.jpg?ve=1&amp;tl=1 2x\" height=\"405\" width=\"720\"><img loading=\"lazy\" decoding=\"async\" src=\"https:\/\/a57.foxnews.com\/static.foxnews.com\/foxnews.com\/content\/uploads\/2025\/05\/1200\/675\/calin-georgescu-votes.jpg?ve=1&amp;tl=1\" alt=\"Calin Georgescu vota en las elecciones presidenciales\" width=\"1200\" height=\"675\"\/><\/source><\/source><\/source><\/source><\/picture><\/div>\n<div class=\"info\">\n<div class=\"caption\">\n<p><span>Calin Georgescu vota mientras se encuentra junto al candidato presidencial George Simion durante la segunda ronda de las elecciones presidenciales de Rumania, en Mogosoa, Rumania, el 18 de mayo.<\/span> <span>(Reuters\/Stoyan Nenov)<\/span><\/p>\n<\/div>\n<\/div>\n<\/div>\n<p><strong>Haga clic aqu\u00ed para obtener la aplicaci\u00f3n Fox News<\/strong><strong> <\/strong><\/p>\n<p>A principios de este a\u00f1o, miles de manifestantes salieron a las calles de Bucarest en una muestra de apoyo a Georgescu. <\/p>\n<p><i>Associated Press contribuy\u00f3 a este informe. <\/i><\/p>\n<p> <!----> <\/p>\n<div class=\"article-meta\">\n<div class=\"author-bio\">\n<p>Greg Norman es reportero de Fox News Digital.<\/p>\n<\/div>\n<\/div>\n<\/div>\n\n","protected":false},"excerpt":{"rendered":"<p>El populista rumano Calin Georgescu anunci\u00f3 su retiro de la pol\u00edtica despu\u00e9s de que se les prohibi\u00f3 correr en la repetici\u00f3n de elecciones presidenciales del pa\u00eds este mes. La decisi\u00f3n se produce despu\u00e9s de que Georgescu se postul\u00f3 para presidente a fines del a\u00f1o pasado y sali\u00f3 victorioso en la primera ronda de votaci\u00f3n. Sin &hellip;<\/p>\n","protected":false},"author":1,"featured_media":29029,"comment_status":"open","ping_status":"open","sticky":false,"template":"","format":"standard","meta":{"fifu_image_url":"https:\/\/static.foxnews.com\/foxnews.com\/content\/uploads\/2025\/05\/calin-georgescu.jpg","fifu_image_alt":"","footnotes":""},"categories":[13],"tags":[],"class_list":["post-29027","post","type-post","status-publish","format-standard","has-post-thumbnail","","category-mundo"],"_links":{"self":[{"href":"https:\/\/noticiasveraces.com\/index.php?rest_route=\/wp\/v2\/posts\/29027","targetHints":{"allow":["GET"]}}],"collection":[{"href":"https:\/\/noticiasveraces.com\/index.php?rest_route=\/wp\/v2\/posts"}],"about":[{"href":"https:\/\/noticiasveraces.com\/index.php?rest_route=\/wp\/v2\/types\/post"}],"author":[{"embeddable":true,"href":"https:\/\/noticiasveraces.com\/index.php?rest_route=\/wp\/v2\/users\/1"}],"replies":[{"embeddable":true,"href":"https:\/\/noticiasveraces.com\/index.php?rest_route=%2Fwp%2Fv2%2Fcomments&post=29027"}],"version-history":[{"count":0,"href":"https:\/\/noticiasveraces.com\/index.php?rest_route=\/wp\/v2\/posts\/29027\/revisions"}],"wp:featuredmedia":[{"embeddable":true,"href":"https:\/\/noticiasveraces.com\/index.php?rest_route=\/wp\/v2\/media\/29029"}],"wp:attachment":[{"href":"https:\/\/noticiasveraces.com\/index.php?rest_route=%2Fwp%2Fv2%2Fmedia&parent=29027"}],"wp:term":[{"taxonomy":"category","embeddable":true,"href":"https:\/\/noticiasveraces.com\/index.php?rest_route=%2Fwp%2Fv2%2Fcategories&post=29027"},{"taxonomy":"post_tag","embeddable":true,"href":"https:\/\/noticiasveraces.com\/index.php?rest_route=%2Fwp%2Fv2%2Ftags&post=29027"}],"curies":[{"name":"wp","href":"https:\/\/api.w.org\/{rel}","templated":true}]}}