{"id":29022,"date":"2025-05-27T06:50:50","date_gmt":"2025-05-27T10:50:50","guid":{"rendered":"https:\/\/noticiasveraces.com\/?p=29022"},"modified":"2025-05-27T06:50:50","modified_gmt":"2025-05-27T10:50:50","slug":"ue-presiona-a-hungria-para-que-autorice-marchas-lgtbi-dw-27-05-2025","status":"publish","type":"post","link":"https:\/\/noticiasveraces.com\/?p=29022","title":{"rendered":"UE presiona a Hungr\u00eda para que autorice marchas LGTBI+ \u2013 DW \u2013 27\/05\/2025"},"content":{"rendered":"<p> \n<\/p>\n<div>\n<p>El comisario europeo de Justicia, Michael McGrath, urgi\u00f3 este martes (27.05.2025) a Hungr\u00eda a respetar el derecho de sus ciudadanos a reunirse de manera pac\u00edfica despu\u00e9s de que la polic\u00eda h\u00fangara prohibiera ayer lunes una manifestaci\u00f3n contra la homofobia y la transfobia invocando la controvertida ley que proh\u00edbe las marchas LGTBI+ bajo el argumento de proteger a los menores.<\/p>\n<p>\u00abSe deben respetar los derechos fundamentales de los ciudadanos de Hungr\u00eda y en toda la UE. El derecho a reunirse libremente y de manera pac\u00edfica debe respetarse en todo momento. Desde la Comisi\u00f3n Europea estamos examinando de cerca la ley concreta que ha llevado a esta prohibici\u00f3n\u00bb, dijo McGrath a su llegada a un Consejo de Asuntos Generales en Bruselas.<\/p>\n<h2>Posibles sanciones<\/h2>\n<p>En este encuentro, los ministros de los Estados miembros debatir\u00e1n la situaci\u00f3n del Estado de derecho en Hungr\u00eda en el marco del expediente que este pa\u00eds tiene abierto en Bruselas desde 2018, que eventualmente podr\u00eda acabar en sanciones para Budapest pero que no ha logrado en siete a\u00f1os la unanimidad necesaria para progresar.<\/p>\n<p>Espa\u00f1a y otros diecis\u00e9is Estados miembros de la Uni\u00f3n Europea instaron este mismo martes a la Comisi\u00f3n Europea a actuar con \u00abprontitud\u00bb y aprovechar las herramientas del Estado de derecho a su disposici\u00f3n para obligar a Hungr\u00eda a dar marcha atr\u00e1s en su prohibici\u00f3n de la marcha LGTBI+ prevista el 1 de junio.<\/p>\n<p>En el Consejo de este martes, la Comisi\u00f3n Europea presentar\u00e1 los casos abiertos que tiene contra el pa\u00eds centroeuropeo (algunos de los cuales ya est\u00e1n ante la justicia europea en Luxemburgo) mientras que Hungr\u00eda asegur\u00f3 que \u00abexplicar\u00e1 a sus hom\u00f3logos el marco legal y constitucional\u00bb de su pa\u00eds.<\/p>\n<p>Para avanzar en el expediente abierto por Bruselas y decidir si retirar a Hungr\u00eda el derecho a voto, los otros 26 pa\u00edses de la UE tienen que estar plenamente de acuerdo; en los primeros a\u00f1os de proceso era el gobierno ultra de Polonia el que vetaba seguir adelante y ahora lo hace Eslovaquia.<\/p>\n<p>MN (EFE, AFP)<\/p>\n<\/p>\n<\/div>\n\n","protected":false},"excerpt":{"rendered":"<p>El comisario europeo de Justicia, Michael McGrath, urgi\u00f3 este martes (27.05.2025) a Hungr\u00eda a respetar el derecho de sus ciudadanos a reunirse de manera pac\u00edfica despu\u00e9s de que la polic\u00eda h\u00fangara prohibiera ayer lunes una manifestaci\u00f3n contra la homofobia y la transfobia invocando la controvertida ley que proh\u00edbe las marchas LGTBI+ bajo el argumento de &hellip;<\/p>\n","protected":false},"author":1,"featured_media":29023,"comment_status":"open","ping_status":"open","sticky":false,"template":"","format":"standard","meta":{"fifu_image_url":"https:\/\/static.dw.com\/image\/55563257_6.jpg","fifu_image_alt":"","footnotes":""},"categories":[13],"tags":[],"class_list":["post-29022","post","type-post","status-publish","format-standard","has-post-thumbnail","","category-mundo"],"_links":{"self":[{"href":"https:\/\/noticiasveraces.com\/index.php?rest_route=\/wp\/v2\/posts\/29022","targetHints":{"allow":["GET"]}}],"collection":[{"href":"https:\/\/noticiasveraces.com\/index.php?rest_route=\/wp\/v2\/posts"}],"about":[{"href":"https:\/\/noticiasveraces.com\/index.php?rest_route=\/wp\/v2\/types\/post"}],"author":[{"embeddable":true,"href":"https:\/\/noticiasveraces.com\/index.php?rest_route=\/wp\/v2\/users\/1"}],"replies":[{"embeddable":true,"href":"https:\/\/noticiasveraces.com\/index.php?rest_route=%2Fwp%2Fv2%2Fcomments&post=29022"}],"version-history":[{"count":0,"href":"https:\/\/noticiasveraces.com\/index.php?rest_route=\/wp\/v2\/posts\/29022\/revisions"}],"wp:featuredmedia":[{"embeddable":true,"href":"https:\/\/noticiasveraces.com\/index.php?rest_route=\/wp\/v2\/media\/29023"}],"wp:attachment":[{"href":"https:\/\/noticiasveraces.com\/index.php?rest_route=%2Fwp%2Fv2%2Fmedia&parent=29022"}],"wp:term":[{"taxonomy":"category","embeddable":true,"href":"https:\/\/noticiasveraces.com\/index.php?rest_route=%2Fwp%2Fv2%2Fcategories&post=29022"},{"taxonomy":"post_tag","embeddable":true,"href":"https:\/\/noticiasveraces.com\/index.php?rest_route=%2Fwp%2Fv2%2Ftags&post=29022"}],"curies":[{"name":"wp","href":"https:\/\/api.w.org\/{rel}","templated":true}]}}