{"id":29009,"date":"2025-05-27T05:40:16","date_gmt":"2025-05-27T09:40:16","guid":{"rendered":"https:\/\/noticiasveraces.com\/?p=29009"},"modified":"2025-05-27T05:40:16","modified_gmt":"2025-05-27T09:40:16","slug":"israel-viola-principios-fundamentales-de-la-humanidad-dw-27-05-2025","status":"publish","type":"post","link":"https:\/\/noticiasveraces.com\/?p=29009","title":{"rendered":"Israel viola principios fundamentales de la humanidad \u2013 DW \u2013 27\/05\/2025"},"content":{"rendered":"<p> \n<\/p>\n<div>\n<p>Las actuales acciones del ej\u00e9rcito israel\u00ed en la Franja de Gaza no est\u00e1n cubiertas por el derecho internacional a la autodefensa de Israel y no respetan los principios fundamentales de la humanidad, consider\u00f3 este martes (27.05.2025) el alto comisionado de la ONU para los Derechos Humanos, Volker T\u00fcrk.<\/p>\n<p>\u00abEst\u00e1 claro que Israel puede y debe defender a su poblaci\u00f3n\u00bb, afirm\u00f3 T\u00fcrk en declaraciones a la radio p\u00fablica austr\u00edaca ORF, aludiendo al ataque terrorista perpetrado el 7 de octubre de 2023 por el grupo terrorista Ham\u00e1s contra Israel, con unas 1.100 personas asesinadas y 251 secuestradas.<\/p>\n<p>Israel reaccion\u00f3 con una masiva ofensiva militar que a\u00fan contin\u00faa y que ha matado a unas 54.000 personas, en su mayor\u00eda palestinos civiles, y que se ha recrudecido en las \u00faltimas semanas. Seg\u00fan T\u00fcrk, lo que est\u00e1 haciendo Israel actualmente ya no es justificable por el derecho a la autodefensa.<\/p>\n<p>\u00abEn cu\u00e1nto se llevan a cabo acciones militares rigen las leyes internacionales de guerra, que son vinculantes tambi\u00e9n para Israel, pero lo que vemos en los \u00faltimos meses no tiene ya nada que ver con el respeto a los principios fundamentales de la humanidad\u00bb, asegur\u00f3 el diplom\u00e1tico austr\u00edaco.<\/p>\n<h2>Expulsi\u00f3n forzosa<\/h2>\n<p>\u00abYa no encuentro m\u00e1s palabras\u00bb para describir la \u00abcatastr\u00f3fica\u00bb situaci\u00f3n que vive la poblaci\u00f3n civil gazat\u00ed, sometida a repetidos desplazamientos forzosos y sin ayuda humanitaria desde hace ocho semanas, pues lo poco que ha llegado en los \u00faltimos d\u00edas est\u00e1 lejos de los vol\u00famenes que se necesitan, se\u00f1al\u00f3.<\/p>\n<p>Adem\u00e1s, a\u00f1adi\u00f3, ante el hecho de que ahora cerca del 80 por ciento de la Franja de Gaza es territorio militar en el que no se permite permanecer a ninguna persona, \u00abhay que hablar de una expulsi\u00f3n forzosa, que es altamente preocupante\u00bb.<\/p>\n<p>T\u00fcrk ya hab\u00eda pedido a mediados de este mes una mayor acci\u00f3n por parte de la comunidad internacional para detener la actual ofensiva israel\u00ed, al considerarla \u00abequiparable a una limpieza \u00e9tnica\u00bb. \u00abTras la destrucci\u00f3n met\u00f3dica de barrios enteros y la negaci\u00f3n de asistencia humanitaria parece haber un intento de provocar un cambio demogr\u00e1fico permanente en Gaza, en desaf\u00edo al derecho internacional\u00bb, declar\u00f3 entonces T\u00fcrk en un comunicado.<\/p>\n<p>MN (EFE, DPA)<\/p>\n<\/p>\n<\/div>\n\n","protected":false},"excerpt":{"rendered":"<p>Las actuales acciones del ej\u00e9rcito israel\u00ed en la Franja de Gaza no est\u00e1n cubiertas por el derecho internacional a la autodefensa de Israel y no respetan los principios fundamentales de la humanidad, consider\u00f3 este martes (27.05.2025) el alto comisionado de la ONU para los Derechos Humanos, Volker T\u00fcrk. \u00abEst\u00e1 claro que Israel puede y debe &hellip;<\/p>\n","protected":false},"author":1,"featured_media":29010,"comment_status":"open","ping_status":"open","sticky":false,"template":"","format":"standard","meta":{"fifu_image_url":"https:\/\/static.dw.com\/image\/72679032_6.jpg","fifu_image_alt":"","footnotes":""},"categories":[13],"tags":[],"class_list":["post-29009","post","type-post","status-publish","format-standard","has-post-thumbnail","","category-mundo"],"_links":{"self":[{"href":"https:\/\/noticiasveraces.com\/index.php?rest_route=\/wp\/v2\/posts\/29009","targetHints":{"allow":["GET"]}}],"collection":[{"href":"https:\/\/noticiasveraces.com\/index.php?rest_route=\/wp\/v2\/posts"}],"about":[{"href":"https:\/\/noticiasveraces.com\/index.php?rest_route=\/wp\/v2\/types\/post"}],"author":[{"embeddable":true,"href":"https:\/\/noticiasveraces.com\/index.php?rest_route=\/wp\/v2\/users\/1"}],"replies":[{"embeddable":true,"href":"https:\/\/noticiasveraces.com\/index.php?rest_route=%2Fwp%2Fv2%2Fcomments&post=29009"}],"version-history":[{"count":0,"href":"https:\/\/noticiasveraces.com\/index.php?rest_route=\/wp\/v2\/posts\/29009\/revisions"}],"wp:featuredmedia":[{"embeddable":true,"href":"https:\/\/noticiasveraces.com\/index.php?rest_route=\/wp\/v2\/media\/29010"}],"wp:attachment":[{"href":"https:\/\/noticiasveraces.com\/index.php?rest_route=%2Fwp%2Fv2%2Fmedia&parent=29009"}],"wp:term":[{"taxonomy":"category","embeddable":true,"href":"https:\/\/noticiasveraces.com\/index.php?rest_route=%2Fwp%2Fv2%2Fcategories&post=29009"},{"taxonomy":"post_tag","embeddable":true,"href":"https:\/\/noticiasveraces.com\/index.php?rest_route=%2Fwp%2Fv2%2Ftags&post=29009"}],"curies":[{"name":"wp","href":"https:\/\/api.w.org\/{rel}","templated":true}]}}