{"id":29004,"date":"2025-05-27T03:39:09","date_gmt":"2025-05-27T07:39:09","guid":{"rendered":"https:\/\/noticiasveraces.com\/?p=29004"},"modified":"2025-05-27T03:39:09","modified_gmt":"2025-05-27T07:39:09","slug":"el-rey-carlos-iii-visita-a-canada-como-muestra-de-apoyo-para-el-pais-codiciado-por-trump","status":"publish","type":"post","link":"https:\/\/noticiasveraces.com\/?p=29004","title":{"rendered":"El rey Carlos III visita a Canad\u00e1 como muestra de apoyo para el pa\u00eds codiciado por Trump"},"content":{"rendered":"<p> \n<\/p>\n<div>\n<p class=\"speakable\">El rey Carlos III lleg\u00f3 a Canad\u00e1 el lunes para una visita simb\u00f3lica que muestra apoyo para el pa\u00eds, que lo reconoce como su soberano, en medio de las amenazas del presidente de los Estados Unidos, Donald Trump, de adquirir la naci\u00f3n norteamericana como el estado 51 de los Estados Unidos.<\/p>\n<p class=\"speakable\">Charles y su esposa, la reina Camilla, aterrizaron en el aeropuerto de Ottawa en Ontario, donde el rey se reuni\u00f3 en el asfalto con el primer ministro canadiense Mark Carney y el gobernador General Mary Simon, el representante del rey en Canad\u00e1. M\u00e1s tarde, el rey celebr\u00f3 reuniones separadas con Carney y Simon.<\/p>\n<p>Charles, de 76 a\u00f1os, ha mantenido un cronograma limitado mientras se ha sometido a un tratamiento contra el c\u00e1ncer. Su dos viajes a Canad\u00e1 se\u00f1ala un fuerte compromiso con el pa\u00eds, que es una de las 15 naciones donde es monarca.<\/p>\n<p>Esta es la primera visita de Charles a la antigua colonia brit\u00e1nica desde que se convirti\u00f3 en rey en septiembre de 2022.<\/p>\n<p><strong>El rey Charles y el pr\u00edncipe Harry &#8216;extremadamente improbable&#8217; para reconciliarse a pesar del viaje de monarca de Canad\u00e1: experto<\/strong><\/p>\n<div class=\"image-ct inline\">\n<div class=\"m\"><picture><source media=\"(max-width: 767px)\" srcset=\"https:\/\/a57.foxnews.com\/static.foxnews.com\/foxnews.com\/content\/uploads\/2025\/05\/343\/192\/charlescanada.png?ve=1&amp;tl=1, https:\/\/a57.foxnews.com\/static.foxnews.com\/foxnews.com\/content\/uploads\/2025\/05\/686\/384\/charlescanada.png?ve=1&amp;tl=1 2x\" height=\"192\" width=\"343\"><source media=\"(min-width: 768px) and (max-width: 1023px)\" srcset=\"https:\/\/a57.foxnews.com\/static.foxnews.com\/foxnews.com\/content\/uploads\/2025\/05\/672\/378\/charlescanada.png?ve=1&amp;tl=1, https:\/\/a57.foxnews.com\/static.foxnews.com\/foxnews.com\/content\/uploads\/2025\/05\/1344\/756\/charlescanada.png?ve=1&amp;tl=1 2x\" height=\"378\" width=\"672\"><source media=\"(min-width: 1024px) and (max-width: 1279px)\" srcset=\"https:\/\/a57.foxnews.com\/static.foxnews.com\/foxnews.com\/content\/uploads\/2025\/05\/931\/523\/charlescanada.png?ve=1&amp;tl=1, https:\/\/a57.foxnews.com\/static.foxnews.com\/foxnews.com\/content\/uploads\/2025\/05\/1862\/1046\/charlescanada.png?ve=1&amp;tl=1 2x\" height=\"523\" width=\"931\"><source media=\"(min-width: 1280px)\" srcset=\"https:\/\/a57.foxnews.com\/static.foxnews.com\/foxnews.com\/content\/uploads\/2025\/05\/720\/405\/charlescanada.png?ve=1&amp;tl=1, https:\/\/a57.foxnews.com\/static.foxnews.com\/foxnews.com\/content\/uploads\/2025\/05\/1440\/810\/charlescanada.png?ve=1&amp;tl=1 2x\" height=\"405\" width=\"720\"><img loading=\"lazy\" decoding=\"async\" src=\"https:\/\/a57.foxnews.com\/static.foxnews.com\/foxnews.com\/content\/uploads\/2025\/05\/1200\/675\/charlescanada.png?ve=1&amp;tl=1\" alt=\"El rey Carlos III y la reina Camilla llegan al aeropuerto de Ottawa\" width=\"1200\" height=\"675\"\/><\/source><\/source><\/source><\/source><\/picture><\/div>\n<div class=\"info\">\n<div class=\"caption\">\n<p><span>El rey de Gran Breta\u00f1a, Carlos III y la reina Camilla, llegan al aeropuerto de Ottawa en Ontario, el 26 de mayo de 2025.<\/span> <span>(Getty Images)<\/span><\/p>\n<\/div>\n<\/div>\n<\/div>\n<p>El rey acept\u00f3 una invitaci\u00f3n de Carney para abrir el parlamento el martes: la primera vez que un monarca brit\u00e1nico ha llevado a cabo el deber desde su madre, la difunta reina Isabel, hace 68 a\u00f1os.<\/p>\n<p>Carney invit\u00f3 a Charles a Canad\u00e1 despu\u00e9s de que Trump sugiri\u00f3 repetidamente que quer\u00eda anexar el pa\u00eds, una idea ferozmente reprendida por el Primer Ministro, quien asegur\u00f3 una victoria electoral el mes pasado en parte debido a la desaprobaci\u00f3n de los canadienses del deseo de Trump de hacer que el pa\u00eds fuera parte de los Estados Unidos.<\/p>\n<p>\u00abEl primer ministro ha dejado en claro que Canad\u00e1 no est\u00e1 a la venta ahora, ya no est\u00e1 a la venta\u00bb, dijo el enviado de Canad\u00e1 al Reino Unido, Ralph Goodale, a los periodistas durante una visita la semana pasada por Charles a la Alta Comisi\u00f3n de Canad\u00e1 en Londres.<\/p>\n<div class=\"image-ct inline\">\n<div class=\"m\"><picture><source media=\"(max-width: 767px)\" srcset=\"https:\/\/a57.foxnews.com\/static.foxnews.com\/foxnews.com\/content\/uploads\/2025\/05\/343\/192\/charlescamilla.png?ve=1&amp;tl=1, https:\/\/a57.foxnews.com\/static.foxnews.com\/foxnews.com\/content\/uploads\/2025\/05\/686\/384\/charlescamilla.png?ve=1&amp;tl=1 2x\" height=\"192\" width=\"343\"><source media=\"(min-width: 768px) and (max-width: 1023px)\" srcset=\"https:\/\/a57.foxnews.com\/static.foxnews.com\/foxnews.com\/content\/uploads\/2025\/05\/672\/378\/charlescamilla.png?ve=1&amp;tl=1, https:\/\/a57.foxnews.com\/static.foxnews.com\/foxnews.com\/content\/uploads\/2025\/05\/1344\/756\/charlescamilla.png?ve=1&amp;tl=1 2x\" height=\"378\" width=\"672\"><source media=\"(min-width: 1024px) and (max-width: 1279px)\" srcset=\"https:\/\/a57.foxnews.com\/static.foxnews.com\/foxnews.com\/content\/uploads\/2025\/05\/931\/523\/charlescamilla.png?ve=1&amp;tl=1, https:\/\/a57.foxnews.com\/static.foxnews.com\/foxnews.com\/content\/uploads\/2025\/05\/1862\/1046\/charlescamilla.png?ve=1&amp;tl=1 2x\" height=\"523\" width=\"931\"><source media=\"(min-width: 1280px)\" srcset=\"https:\/\/a57.foxnews.com\/static.foxnews.com\/foxnews.com\/content\/uploads\/2025\/05\/720\/405\/charlescamilla.png?ve=1&amp;tl=1, https:\/\/a57.foxnews.com\/static.foxnews.com\/foxnews.com\/content\/uploads\/2025\/05\/1440\/810\/charlescamilla.png?ve=1&amp;tl=1 2x\" height=\"405\" width=\"720\"><img loading=\"lazy\" decoding=\"async\" src=\"https:\/\/a57.foxnews.com\/static.foxnews.com\/foxnews.com\/content\/uploads\/2025\/05\/1200\/675\/charlescamilla.png?ve=1&amp;tl=1\" alt=\"El rey Carlos III y la reina Camilla son recibidos\" width=\"1200\" height=\"675\"\/><\/source><\/source><\/source><\/source><\/picture><\/div>\n<div class=\"info\">\n<div class=\"caption\">\n<p><span>El rey de Gran Breta\u00f1a, Carlos III y la Reina Camilla, son recibidos cuando llegan al aeropuerto de Ottawa en Ontario, Canad\u00e1, el 26 de mayo de 2025.<\/span> <span>(Reuters)<\/span><\/p>\n<\/div>\n<\/div>\n<\/div>\n<p>\u00abEl rey, como jefe de estado, reforzar\u00e1 el poder y la fuerza de ese mensaje\u00bb, agreg\u00f3 Goodale.<\/p>\n<p>A principios de este mes, Carney le dijo a Trump que Canad\u00e1 est\u00e1 \u00abno est\u00e1 a la venta\u00bb y \u00abno estar\u00e1 a la venta\u00bb durante una reuni\u00f3n en la Casa Blanca.<\/p>\n<p>Charles ha hecho se\u00f1ales sutiles que muestran su apoyo a Canad\u00e1 en los \u00faltimos meses al usar medallas canadienses, llamarse a s\u00ed mismo el rey de Canad\u00e1 y describiendo la bandera del pa\u00eds como \u00abun s\u00edmbolo que nunca deja de provocar un sentido de orgullo y admiraci\u00f3n\u00bb.<\/p>\n<p><strong>Meghan Markle y el pr\u00edncipe Harry anfitri\u00f3n de Brooklyn Beckham, Nicola Peltz en medio de tensiones familiares en ambos lados: Informe<\/strong><\/p>\n<div class=\"image-ct inline\">\n<div class=\"m\"><picture><source media=\"(max-width: 767px)\" srcset=\"https:\/\/a57.foxnews.com\/static.foxnews.com\/foxnews.com\/content\/uploads\/2025\/05\/343\/192\/kingcharlescanada.png?ve=1&amp;tl=1, https:\/\/a57.foxnews.com\/static.foxnews.com\/foxnews.com\/content\/uploads\/2025\/05\/686\/384\/kingcharlescanada.png?ve=1&amp;tl=1 2x\" height=\"192\" width=\"343\"><source media=\"(min-width: 768px) and (max-width: 1023px)\" srcset=\"https:\/\/a57.foxnews.com\/static.foxnews.com\/foxnews.com\/content\/uploads\/2025\/05\/672\/378\/kingcharlescanada.png?ve=1&amp;tl=1, https:\/\/a57.foxnews.com\/static.foxnews.com\/foxnews.com\/content\/uploads\/2025\/05\/1344\/756\/kingcharlescanada.png?ve=1&amp;tl=1 2x\" height=\"378\" width=\"672\"><source media=\"(min-width: 1024px) and (max-width: 1279px)\" srcset=\"https:\/\/a57.foxnews.com\/static.foxnews.com\/foxnews.com\/content\/uploads\/2025\/05\/931\/523\/kingcharlescanada.png?ve=1&amp;tl=1, https:\/\/a57.foxnews.com\/static.foxnews.com\/foxnews.com\/content\/uploads\/2025\/05\/1862\/1046\/kingcharlescanada.png?ve=1&amp;tl=1 2x\" height=\"523\" width=\"931\"><source media=\"(min-width: 1280px)\" srcset=\"https:\/\/a57.foxnews.com\/static.foxnews.com\/foxnews.com\/content\/uploads\/2025\/05\/720\/405\/kingcharlescanada.png?ve=1&amp;tl=1, https:\/\/a57.foxnews.com\/static.foxnews.com\/foxnews.com\/content\/uploads\/2025\/05\/1440\/810\/kingcharlescanada.png?ve=1&amp;tl=1 2x\" height=\"405\" width=\"720\"><img loading=\"lazy\" decoding=\"async\" src=\"https:\/\/a57.foxnews.com\/static.foxnews.com\/foxnews.com\/content\/uploads\/2025\/05\/1200\/675\/kingcharlescanada.png?ve=1&amp;tl=1\" alt=\"Rey Carlos III y reina Camilla\" width=\"1200\" height=\"675\"\/><\/source><\/source><\/source><\/source><\/picture><\/div>\n<div class=\"info\">\n<div class=\"caption\">\n<p><span>El rey de Gran Breta\u00f1a, Carlos III y la Reina Camilla, llegan al aeropuerto de Ottawa, Canad\u00e1, el 26 de mayo de 2025.<\/span> <span>(Getty Images)<\/span><\/p>\n<\/div>\n<\/div>\n<\/div>\n<p>El rey ahora debe realizar un acto de equilibrio dif\u00edcil, ya que el primer ministro brit\u00e1nico, Keir Starmer, intenta alcanzar resultados favorables con Trump sobre el comercio y la guerra en Ucrania.<\/p>\n<p><strong><u>Haga clic aqu\u00ed para obtener la aplicaci\u00f3n Fox News<\/u><\/strong><\/p>\n<p>Cuando Starmer visit\u00f3 la Casa Blanca en febrero, le dio a Trump una invitaci\u00f3n de Charles por una segunda visita estatal sin precedentes para el presidente de los Estados Unidos, que ha elogiado repetidamente a la familia real.<\/p>\n<p>Carney, sin embargo, dijo que el gesto hab\u00eda molestado a los canadienses.<\/p>\n<p><i>Reuters contribuy\u00f3 a este informe.<\/i><\/p>\n<p> <!----> <\/div>\n\n","protected":false},"excerpt":{"rendered":"<p>El rey Carlos III lleg\u00f3 a Canad\u00e1 el lunes para una visita simb\u00f3lica que muestra apoyo para el pa\u00eds, que lo reconoce como su soberano, en medio de las amenazas del presidente de los Estados Unidos, Donald Trump, de adquirir la naci\u00f3n norteamericana como el estado 51 de los Estados Unidos. Charles y su esposa, &hellip;<\/p>\n","protected":false},"author":1,"featured_media":29006,"comment_status":"open","ping_status":"open","sticky":false,"template":"","format":"standard","meta":{"fifu_image_url":"https:\/\/static.foxnews.com\/foxnews.com\/content\/uploads\/2025\/05\/charlescanada.png","fifu_image_alt":"","footnotes":""},"categories":[13],"tags":[],"class_list":["post-29004","post","type-post","status-publish","format-standard","has-post-thumbnail","","category-mundo"],"_links":{"self":[{"href":"https:\/\/noticiasveraces.com\/index.php?rest_route=\/wp\/v2\/posts\/29004","targetHints":{"allow":["GET"]}}],"collection":[{"href":"https:\/\/noticiasveraces.com\/index.php?rest_route=\/wp\/v2\/posts"}],"about":[{"href":"https:\/\/noticiasveraces.com\/index.php?rest_route=\/wp\/v2\/types\/post"}],"author":[{"embeddable":true,"href":"https:\/\/noticiasveraces.com\/index.php?rest_route=\/wp\/v2\/users\/1"}],"replies":[{"embeddable":true,"href":"https:\/\/noticiasveraces.com\/index.php?rest_route=%2Fwp%2Fv2%2Fcomments&post=29004"}],"version-history":[{"count":0,"href":"https:\/\/noticiasveraces.com\/index.php?rest_route=\/wp\/v2\/posts\/29004\/revisions"}],"wp:featuredmedia":[{"embeddable":true,"href":"https:\/\/noticiasveraces.com\/index.php?rest_route=\/wp\/v2\/media\/29006"}],"wp:attachment":[{"href":"https:\/\/noticiasveraces.com\/index.php?rest_route=%2Fwp%2Fv2%2Fmedia&parent=29004"}],"wp:term":[{"taxonomy":"category","embeddable":true,"href":"https:\/\/noticiasveraces.com\/index.php?rest_route=%2Fwp%2Fv2%2Fcategories&post=29004"},{"taxonomy":"post_tag","embeddable":true,"href":"https:\/\/noticiasveraces.com\/index.php?rest_route=%2Fwp%2Fv2%2Ftags&post=29004"}],"curies":[{"name":"wp","href":"https:\/\/api.w.org\/{rel}","templated":true}]}}