{"id":28979,"date":"2025-05-27T00:40:12","date_gmt":"2025-05-27T04:40:12","guid":{"rendered":"https:\/\/noticiasveraces.com\/?p=28979"},"modified":"2025-05-27T00:40:12","modified_gmt":"2025-05-27T04:40:12","slug":"sencia-respondio-por-polemico-matrimonio-en-el-campin-esto-dijo-mauricio-hoyos-curiosidades-de-futbol","status":"publish","type":"post","link":"https:\/\/noticiasveraces.com\/?p=28979","title":{"rendered":"Sencia respondi\u00f3 por pol\u00e9mico matrimonio en El Camp\u00edn: esto dijo Mauricio Hoyos | Curiosidades de f\u00fatbol"},"content":{"rendered":"<p> \n<br \/><img decoding=\"async\" src=\"https:\/\/www.futbolred.com\/files\/article_graphic\/uploads\/2024\/11\/26\/6746515350055.jpeg\" \/><\/p>\n<div id=\"cuerpoArticulo\">\n<p class=\"texto intro\" id=\"p247015-m224-223-225\">El <b>estadio El Camp\u00edn<\/b> est\u00e1 envuelto en una importante pol\u00e9mica luego de que se diera a conocer que el actual concesionario prest\u00f3 el escenario deportivo para un matrimonio que se dio en la noche del s\u00e1bado 24 de mayo.  <\/p>\n<p>Aunque inicialmente se mencion\u00f3 que se iba dar exclusivamente un evento de una congregaci\u00f3n religiosa, a trav\u00e9s de las redes sociales se dio a conocer la boda que habr\u00eda sido de un empresario perteneciente a Sencia.  <\/p>\n<p>Pues bien, en redes sociales, los hinchas de Millonarios y Santa Fe al igual que varios analistas deportivos criticaron que usen el estadio para este tipo de cosas y es por ello que el CEO de Sencia,<b> Mauricio Hoyos, <\/b>aclar\u00f3 lo sucedido.<\/p>\n<p class=\"texto contenido-parrafo-articulo\" id=\"p247015-m313-3-314\">Inicialmente, confirm\u00f3 que si hubo un matrimonio y que la persona que pidi\u00f3 el estadio hizo una solicitud acorde a lo que pide Sencia: \u201cJuan Dur\u00e1n es un ejecutivo comercial de Sencia, este venue no es excluyente y puede usarlo cualquier persona. Hizo la solicitud formal, hicimos la cotizaci\u00f3n y aprovechando que estaba el montaje de la congregaci\u00f3n cristiana, simplemente us\u00f3 esa infraestructura para hacer su ceremonia y luego su fiesta en el Movistar Arena\u201d.  <\/p>\n<p>Y agreg\u00f3: \u201cEl estadio no fue prestado, fue arrendado y fue como est\u00e1 estipulado en el contrato. Esto es un espacio de explotaci\u00f3n comercial, tuvo la ventaja de que estaba el d\u00eda apartado para la congregaci\u00f3n y luego se hizo la ceremonia que dur\u00f3 menos de una hora\u201d <\/p>\n<p>Por su parte, Hoyos respondi\u00f3 si cualquier persona puede alquilar el estadio: \u201cS\u00ed, lo que queremos es que todo el mundo venga a vibrar a Bogot\u00e1. Lo importante es que no modifique el calendario del f\u00fatbol, que cumpla con el reglamento estipulado y que cumpla el contrato de concesi\u00f3n. Que sean cosas dentro de la ley\u201d. <\/p>\n<p>Adem\u00e1s, sin dar n\u00fameros, habl\u00f3 de los precios para alquilar el escenario: \u201cDepende, los partidos de f\u00fatbol o eventos masivos necesitan muchas \u00e1reas y se alquila eso, unos necesitan las oficinas o las salas de prensa. Hay diferentes espacios y las cotizaciones se hacen de acuerdo con el espacio que utilicen\u201d <\/p>\n<p>Finalmente, el CEO de Sencia asegur\u00f3 que la Dimayor estuvo de acuerdo con que la fecha 20 se hiciera el domingo: \u201cEl evento no afect\u00f3 el calendario del f\u00fatbol. Eso se coordin\u00f3 con Dimayor y Millonarios jug\u00f3 con normalidad. Nosotros vamos a la Dimayor, preguntamos el cronograma y ah\u00ed empezamos a colocar los eventos. La congregaci\u00f3n llam\u00f3 con mucho tiempo de anticipaci\u00f3n y por eso lo arrendamos\u201d<\/p>\n<p>Vale se\u00f1alar que este martes habr\u00e1 una Audiencia P\u00fablica desde las 9:00 a.m. en el Auditorio Reyes Echand\u00eda (Calle 21# 6-34) en donde se hablar\u00e1 sobre el criticado uso actual de El Camp\u00edn de parte de Sencia. El espacio fue pedido por la comunidad y fue aceptado por la Personer\u00eda de Bogot\u00e1. <\/p>\n<\/p><\/div>\n\n","protected":false},"excerpt":{"rendered":"<p>El estadio El Camp\u00edn est\u00e1 envuelto en una importante pol\u00e9mica luego de que se diera a conocer que el actual concesionario prest\u00f3 el escenario deportivo para un matrimonio que se dio en la noche del s\u00e1bado 24 de mayo. Aunque inicialmente se mencion\u00f3 que se iba dar exclusivamente un evento de una congregaci\u00f3n religiosa, a &hellip;<\/p>\n","protected":false},"author":1,"featured_media":28981,"comment_status":"open","ping_status":"open","sticky":false,"template":"","format":"standard","meta":{"fifu_image_url":"https:\/\/www.futbolred.com\/files\/og_thumbnail\/uploads\/2024\/11\/26\/6746515350055.jpeg","fifu_image_alt":"","footnotes":""},"categories":[6],"tags":[],"class_list":["post-28979","post","type-post","status-publish","format-standard","has-post-thumbnail","","category-deportes"],"_links":{"self":[{"href":"https:\/\/noticiasveraces.com\/index.php?rest_route=\/wp\/v2\/posts\/28979","targetHints":{"allow":["GET"]}}],"collection":[{"href":"https:\/\/noticiasveraces.com\/index.php?rest_route=\/wp\/v2\/posts"}],"about":[{"href":"https:\/\/noticiasveraces.com\/index.php?rest_route=\/wp\/v2\/types\/post"}],"author":[{"embeddable":true,"href":"https:\/\/noticiasveraces.com\/index.php?rest_route=\/wp\/v2\/users\/1"}],"replies":[{"embeddable":true,"href":"https:\/\/noticiasveraces.com\/index.php?rest_route=%2Fwp%2Fv2%2Fcomments&post=28979"}],"version-history":[{"count":0,"href":"https:\/\/noticiasveraces.com\/index.php?rest_route=\/wp\/v2\/posts\/28979\/revisions"}],"wp:featuredmedia":[{"embeddable":true,"href":"https:\/\/noticiasveraces.com\/index.php?rest_route=\/wp\/v2\/media\/28981"}],"wp:attachment":[{"href":"https:\/\/noticiasveraces.com\/index.php?rest_route=%2Fwp%2Fv2%2Fmedia&parent=28979"}],"wp:term":[{"taxonomy":"category","embeddable":true,"href":"https:\/\/noticiasveraces.com\/index.php?rest_route=%2Fwp%2Fv2%2Fcategories&post=28979"},{"taxonomy":"post_tag","embeddable":true,"href":"https:\/\/noticiasveraces.com\/index.php?rest_route=%2Fwp%2Fv2%2Ftags&post=28979"}],"curies":[{"name":"wp","href":"https:\/\/api.w.org\/{rel}","templated":true}]}}