{"id":28965,"date":"2025-05-26T20:28:33","date_gmt":"2025-05-27T00:28:33","guid":{"rendered":"https:\/\/noticiasveraces.com\/?p=28965"},"modified":"2025-05-26T20:28:33","modified_gmt":"2025-05-27T00:28:33","slug":"rey-carlos-iii-visita-canada-en-medio-de-amenazas-de-trump-dw-27-05-2025","status":"publish","type":"post","link":"https:\/\/noticiasveraces.com\/?p=28965","title":{"rendered":"Rey Carlos III visita Canad\u00e1 en medio de amenazas de Trump \u2013 DW \u2013 27\/05\/2025"},"content":{"rendered":"<p> \n<\/p>\n<div>\n<p>El rey brit\u00e1nico Carlos III inici\u00f3 este lunes (26.05.2025) una visita muy simb\u00f3lica a Canad\u00e1, que vive desde hace varios meses al ritmo de las amenazas de anexi\u00f3n de presidente estadounidense Donald Trump.<\/p>\n<p>El tambi\u00e9n\u00a0jefe de Estado de Canad\u00e1 y\u00a0su esposa Camila fueron recbidos\u00a0por el nuevo primer ministro, Mark Carney, quien horas antes calific\u00f3 la visita de \u00abhonor hist\u00f3rico, a la altura de los desaf\u00edos\u00bb que enfrenta el pa\u00eds norteamericano. <\/p>\n<p>Salvo algunos intercambios con la multitud, Carlos III no habl\u00f3 en p\u00fablico en la primera jornada de su visita de dos d\u00edas.<\/p>\n<p>El soberano, de 76 a\u00f1os y que padece un c\u00e1ncer desde hace m\u00e1s de un a\u00f1o, acudi\u00f3 invitado por Carney para pronunciar el martes el llamado discurso del trono, en la reapertura del Parlamento canadiense.<\/p>\n<blockquote class=\"tweet embed\" data-id=\"1927124083335971139\"\/>\n<p>Su discurso ser\u00e1 examinado con especial atenci\u00f3n, sobre todo en cuestiones de soberan\u00eda y relaciones comerciales, en un momento en que Trump sigue repitiendo su deseo de anexionar el pa\u00eds de 41 millones de habitantes, al que adem\u00e1s impuso un fuerte aumento de los aranceles aduaneros.<\/p>\n<p>El rey, obligado a mantener una estricta neutralidad pol\u00edtica, nunca ha hecho el m\u00e1s m\u00ednimo comentario p\u00fablico sobre las aspiraciones del presidente estadounidense, quien por otro lado es un gran admirador de la familia real.<\/p>\n<p>Carney, primer ministro desde mediados de marzo, puso la defensa de la soberan\u00eda de Canad\u00e1 en el centro de su campa\u00f1a.<\/p>\n<blockquote class=\"tweet embed\" data-id=\"1927063293757153610\"\/>\n<p>El 6 de mayo, Carney expres\u00f3 en la Casa Blanca que su pa\u00eds \u00abnunca estar\u00e1 en venta\u00bb, en respuesta a Trump, quien le enumeraba las \u00abformidables ventajas\u00bb para los canadienses de unirse en un \u00abmaravilloso matrimonio\u00bb.<\/p>\n<p>La visita de Carlos, que lleg\u00f3 acompa\u00f1ado de la reina Camila, es la vig\u00e9sima que realiza a Canad\u00e1, pero la primera desde que se convirti\u00f3 en rey, en septiembre de 2022. <\/p>\n<p>La pareja visit\u00f3 un mercado de agricultores, presenci\u00f3 un espect\u00e1culo de danza aborigen y el comienzo de un partido de hockey callejero.<\/p>\n<p>Poco despu\u00e9s, en Rideau Hall, residencia oficial de la gobernadora general, el rey particip\u00f3 en la plantaci\u00f3n de un \u00e1rbol. A su alrededor, los invitados entonaron el himno canadiense y gritaron \u00abGod Save The King\u00bb.<\/p>\n<p>GS (AFP, Efe)<\/p>\n<div class=\"vjs-wrapper embed big\">\n<h2 aria-label=\"Video integrado \u2014 Trump sacude al sector automotriz canadiense\" class=\"headline\"><svg xmlns=\"http:\/\/www.w3.org\/2000\/svg\" viewbox=\"0 0 20 20\"><g fill-rule=\"evenodd\"><path d=\"M14.114 7.599H13.5l.002 4.706h.601l4.582 3.25-.005-11.11zM11.084 4.444l-9.007.002-1.336.797.002 9.514 1.334.793 9.007.006 1.509-.799-.004-9.516z\"\/><\/g><\/svg>Trump sacude al sector automotriz canadiense<\/h2>\n<p><video id=\"video-72101663\" controls=\"\" playsinline=\"\" preload=\"none\" poster=\"data:image\/png;base64,iVBORw0KGgoAAAANSUhEUgAAAAEAAAABCAQAAAC1HAwCAAAAC0lEQVR42mNkYAAAAAYAAjCB0C8AAAAASUVORK5CYII=\" data-id=\"72101663\" data-posterurl=\"https:\/\/tvdownloaddw-a.akamaihd.net\/stills\/images\/js\/js20250331_tarrifsusca10a_image_512x288_3.jpg\" data-duration=\"03:14\"><source src=\"https:\/\/hlsvod.dw.com\/i\/dwtv_video\/flv\/js\/js20250331_tarrifsusca10a_,AVC_480x270,AVC_512x288,AVC_640x360,AVC_960x540,AVC_1280x720,AVC_1920x1080,.mp4.csmil\/master.m3u8\" type=\"application\/x-mpegURL\"><source src=\"https:\/\/tvdownloaddw-a.akamaihd.net\/dwtv_video\/flv\/js\/js20250331_tarrifsusca10a_AVC_1920x1080.mp4\" type=\"video\/mp4\"><track src=\"https:\/\/www.dw.com\/media\/subtitles\/72277606\" srclang=\"es\" label=\"SPANISH\" default=\"\"><p class=\"vjs-no-js\">Para ver este video, habilite JavaScript y considere actualizar a un navegador web que admite el video HTML5<\/p>\n<\/track><\/source><\/source><\/video><\/div>\n<\/div>\n\n","protected":false},"excerpt":{"rendered":"<p>El rey brit\u00e1nico Carlos III inici\u00f3 este lunes (26.05.2025) una visita muy simb\u00f3lica a Canad\u00e1, que vive desde hace varios meses al ritmo de las amenazas de anexi\u00f3n de presidente estadounidense Donald Trump. El tambi\u00e9n\u00a0jefe de Estado de Canad\u00e1 y\u00a0su esposa Camila fueron recbidos\u00a0por el nuevo primer ministro, Mark Carney, quien horas antes calific\u00f3 la &hellip;<\/p>\n","protected":false},"author":1,"featured_media":28966,"comment_status":"open","ping_status":"open","sticky":false,"template":"","format":"standard","meta":{"fifu_image_url":"https:\/\/static.dw.com\/image\/72678727_6.jpg","fifu_image_alt":"","footnotes":""},"categories":[13],"tags":[],"class_list":["post-28965","post","type-post","status-publish","format-standard","has-post-thumbnail","","category-mundo"],"_links":{"self":[{"href":"https:\/\/noticiasveraces.com\/index.php?rest_route=\/wp\/v2\/posts\/28965","targetHints":{"allow":["GET"]}}],"collection":[{"href":"https:\/\/noticiasveraces.com\/index.php?rest_route=\/wp\/v2\/posts"}],"about":[{"href":"https:\/\/noticiasveraces.com\/index.php?rest_route=\/wp\/v2\/types\/post"}],"author":[{"embeddable":true,"href":"https:\/\/noticiasveraces.com\/index.php?rest_route=\/wp\/v2\/users\/1"}],"replies":[{"embeddable":true,"href":"https:\/\/noticiasveraces.com\/index.php?rest_route=%2Fwp%2Fv2%2Fcomments&post=28965"}],"version-history":[{"count":0,"href":"https:\/\/noticiasveraces.com\/index.php?rest_route=\/wp\/v2\/posts\/28965\/revisions"}],"wp:featuredmedia":[{"embeddable":true,"href":"https:\/\/noticiasveraces.com\/index.php?rest_route=\/wp\/v2\/media\/28966"}],"wp:attachment":[{"href":"https:\/\/noticiasveraces.com\/index.php?rest_route=%2Fwp%2Fv2%2Fmedia&parent=28965"}],"wp:term":[{"taxonomy":"category","embeddable":true,"href":"https:\/\/noticiasveraces.com\/index.php?rest_route=%2Fwp%2Fv2%2Fcategories&post=28965"},{"taxonomy":"post_tag","embeddable":true,"href":"https:\/\/noticiasveraces.com\/index.php?rest_route=%2Fwp%2Fv2%2Ftags&post=28965"}],"curies":[{"name":"wp","href":"https:\/\/api.w.org\/{rel}","templated":true}]}}