{"id":28923,"date":"2025-05-26T15:14:09","date_gmt":"2025-05-26T19:14:09","guid":{"rendered":"https:\/\/noticiasveraces.com\/?p=28923"},"modified":"2025-05-26T15:14:09","modified_gmt":"2025-05-26T19:14:09","slug":"todo-puede-pasar-en-las-elecciones-presidenciales-de-polonia-dw-26-05-2025","status":"publish","type":"post","link":"https:\/\/noticiasveraces.com\/?p=28923","title":{"rendered":"Todo puede pasar en las elecciones presidenciales de Polonia \u2013 DW \u2013 26\/05\/2025"},"content":{"rendered":"<p> \n<\/p>\n<div>\n<p>A una semana de la segunda vuelta de las elecciones presidenciales en Polonia, los dos candidatos est\u00e1n pr\u00e1cticamente empatados.<\/p>\n<p>La encuesta m\u00e1s reciente da al liberal conservador y proeuropeo Rafal Trzaskowski un 45,7 por ciento. Mientras, su contrincante nacionalista, conservador y euroesc\u00e9ptico,\u00a0Karol Nawrocki, tiene un 44,9 por ciento de apoyo. El voto indeciso abarca al 7,8 por ciento de los encuestados. Hace unos d\u00edas, otro instituto de opini\u00f3n calculaba un 47 por ciento para cada uno de los dos candidatos.<\/p>\n<p>El pasado 18 de mayo, result\u00f3 vencedor en la primera ronda de las presidenciales Trzaskowski, con el 31,36 por ciento de los votos, por delante del Nawrocki, que obtuvo el 29,54 por ciento. La ventaja del ganador result\u00f3 ser mucho menor de la esperada.<\/p>\n<h2>\u00abMarcha de los patriotas\u00bb en apoyo de Trzaskowski<\/h2>\n<p>En busca de nuevos partidarios, Trzaskowski, alcalde de Varsovia desde 2018, convoc\u00f3 para el pasado domingo (25.5.2025) la \u00abMarcha de los patriotas\u00bb, que culmin\u00f3 con un gran mitin, en el que los l\u00edderes de todas las fuerzas democr\u00e1ticas que forman la coalici\u00f3n de Gobierno de Donald Tusk le prometieron su apoyo.<\/p>\n<p>Cuando habl\u00f3 el primer ministro Tusk, qued\u00f3 demostrada la creciente dureza en el tono de la campa\u00f1a electoral. Tusk alert\u00f3 sobre quienes calific\u00f3 como \u00abaut\u00e9nticos g\u00e1ngsteres\u00bb que buscan el poder, aludiendo as\u00ed al pasado de Nawrocki. El exboxeador lleg\u00f3 a ganarse la vida como portero de discoteca y tuvo contactos con gente de los bajos fondos y de la escena <em>gamberro<\/em>.<\/p>\n<h2>\u00bfSe repite en Polonia el guion de Rumania?<\/h2>\n<p>Nicusor Dan, futuro presidente de Rumania, desfil\u00f3 con Trzaskowski como invitado de honor extranjero. \u00abHace una semana gan\u00f3 Rumania. Dentro de una semana ganar\u00e1 Polonia\u00bb, dijo en polaco, entre fuertes aplausos. Dan ofreci\u00f3 a Trzaskowski una estrecha cooperaci\u00f3n en la UE.<\/p>\n<p>En el mitin final, Trzaskowski asegur\u00f3 que \u00abimpulsar\u00eda\u00bb al Gobierno a acelerar las reformas y que su plan era superar a los pa\u00edses m\u00e1s fuertes de Europa. Tras ganar las elecciones parlamentarias de octubre de 2023, muchos votantes se alejaron de la oposici\u00f3n proeuropea, porque Tusk no cumpli\u00f3 la mayor\u00eda de sus promesas electorales.<\/p>\n<p>Seg\u00fan las autoridades de Varsovia, unas 140.000 personas participaron en la marcha de Trzaskowski. Su equipo electoral asegura que fue medio mill\u00f3n.<\/p>\n<h2>Nawrocki anuncia la \u00abgran Polonia\u00bb<\/h2>\n<p>Pensado como evento rival del mitin de Trzaskowski, tuvo lugar al mismo tiempo y a s\u00f3lo unos cientos de metros de distancia la \u00abMarcha por Polonia\u00bb de Nawrocki, que acudi\u00f3\u00a0junto con Kaczynski y otros pol\u00edticos del PiS bajo el lema \u00abPolonia primero\u00bb.<\/p>\n<figure class=\"placeholder-image master_landscape big\"><img data-format=\"MASTER_LANDSCAPE\" data-id=\"72662917\" data-url=\"https:\/\/static.dw.com\/image\/72662917_${formatId}.jpg\" data-aspect-ratio=\"16\/9\" alt=\"El candidato presidencial Karol Nawrocki saluda con su mano derecha a una concentraci\u00f3n de personas. Junto a \u00e9l, fot\u00f3grafos y personal de seguridad. \" style=\"padding-bottom: 56.25%; height: 0; max-height: 0;\"\/><figcaption class=\"img-caption\">Karol Nawrocki saluda a las personas que acudieron a la \u00abMarcha por Polonia\u00bb para reunir votos a su favor, antes de la segunda vuelta de las presidenciales.<small class=\"copyright\">Imagen: Wojtek Radwanski\/AFP\/Getty Images<\/small><\/figcaption><\/figure>\n<p>El exboxeador e historiador Nawrocki, director del Instituto del Recuerdo Nacional desde julio de 2021, utiliz\u00f3 lemas nacionalistas en su discurso de clausura. \u00abLlega una Polonia grande y fuerte\u00bb, grit\u00f3 a la multitud frente al Castillo Real de Varsovia. El candidato invoc\u00f3 a la \u00abcomunidad nacional\u00bb, caracterizada por su \u00abidentidad cristiana\u00bb, y prometi\u00f3 una \u00abPolonia segura\u00bb sin inmigrantes ilegales. \u00abSoy uno de vosotros, uno como vosotros, soy vuestra voz\u00bb, areng\u00f3 a las alrededor de 50.000 personas que participaron en la marcha.<\/p>\n<p><span data-slot-id=\"Article_InContent-1\" class=\"rich-text-ad\"\/><\/p>\n<h2>El disruptor del sistema aprovecha su oportunidad<\/h2>\n<p>Mientras Trzaskowski y Nawrocki protagonizan una dura recta final codo con codo, el ultraderechista Slawomir Mentzen, tercero con casi el 15 por ciento de apoyo, disfruta de su capacidad\u00a0para inclinar la balanza.<\/p>\n<p>Mentzen, libertario y antisistema, recibi\u00f3 casi tres millones de votos, principalmente de los j\u00f3venes, y ahora intenta\u00a0sacar partido de ese inesperado \u00e9xito. Una de sus aspiraciones es que su partido, Konfederacja, triunfe en las elecciones parlamentarias de 2027.<\/p>\n<p>Mentzen invit\u00f3 por separado a los dos principales rivales de la segunda vuelta electoral a un debate en su canal de YouTube. El di\u00e1logo gir\u00f3 en torno a un \u00abplan de ocho puntos\u00bb formulado por \u00e9l mismo, que incluye la prohibici\u00f3n de subir los impuestos, introducir el euro, transferir\u00a0nuevas competencias a la UE y admitir a\u00a0Ucrania en la OTAN.<\/p>\n<p>Mientras Nawrocki firm\u00f3 el documento de Mentzen, Trzaskowski se neg\u00f3 a hacerlo, tras un debate en el que argument\u00f3 bien y demostr\u00f3 su soberan\u00eda. Aun as\u00ed, espera ganarse algunos de los votantes de Mentzen tras su segura intervenci\u00f3n. El domingo, casi 4,5 millones de usuarios hab\u00edan visto el debate.<\/p>\n<p>La polit\u00f3loga Anna Materska-Sosnowska cree que las marchas del fin de semana tendr\u00e1n un impacto significativo en el resultado de la segunda vuelta. \u00abNo se podr\u00e1 convencer a los que tienen una opini\u00f3n firme, pero se trata de los indecisos y de los que se quedaron en casa el 18 de mayo\u00bb, dijo a la agencia de noticias polaca PAP.<\/p>\n<p>\u00abEl alcalde de Varsovia puede estar satisfecho con la recta final de la campa\u00f1a electoral. El pr\u00f3ximo domingo quedar\u00e1 claro si tambi\u00e9n queda satisfecho con el resultado final de la segunda vuelta electoral\u00bb, comenta, por su parte, el peri\u00f3dico <em>Rep\u00fablica<\/em>.<\/p>\n<p>(MS\/ER)<\/p>\n<\/p>\n<\/div>\n\n","protected":false},"excerpt":{"rendered":"<p>A una semana de la segunda vuelta de las elecciones presidenciales en Polonia, los dos candidatos est\u00e1n pr\u00e1cticamente empatados. La encuesta m\u00e1s reciente da al liberal conservador y proeuropeo Rafal Trzaskowski un 45,7 por ciento. Mientras, su contrincante nacionalista, conservador y euroesc\u00e9ptico,\u00a0Karol Nawrocki, tiene un 44,9 por ciento de apoyo. El voto indeciso abarca al &hellip;<\/p>\n","protected":false},"author":1,"featured_media":28924,"comment_status":"open","ping_status":"open","sticky":false,"template":"","format":"standard","meta":{"fifu_image_url":"https:\/\/static.dw.com\/image\/72662609_6.jpg","fifu_image_alt":"","footnotes":""},"categories":[13],"tags":[],"class_list":["post-28923","post","type-post","status-publish","format-standard","has-post-thumbnail","","category-mundo"],"_links":{"self":[{"href":"https:\/\/noticiasveraces.com\/index.php?rest_route=\/wp\/v2\/posts\/28923","targetHints":{"allow":["GET"]}}],"collection":[{"href":"https:\/\/noticiasveraces.com\/index.php?rest_route=\/wp\/v2\/posts"}],"about":[{"href":"https:\/\/noticiasveraces.com\/index.php?rest_route=\/wp\/v2\/types\/post"}],"author":[{"embeddable":true,"href":"https:\/\/noticiasveraces.com\/index.php?rest_route=\/wp\/v2\/users\/1"}],"replies":[{"embeddable":true,"href":"https:\/\/noticiasveraces.com\/index.php?rest_route=%2Fwp%2Fv2%2Fcomments&post=28923"}],"version-history":[{"count":0,"href":"https:\/\/noticiasveraces.com\/index.php?rest_route=\/wp\/v2\/posts\/28923\/revisions"}],"wp:featuredmedia":[{"embeddable":true,"href":"https:\/\/noticiasveraces.com\/index.php?rest_route=\/wp\/v2\/media\/28924"}],"wp:attachment":[{"href":"https:\/\/noticiasveraces.com\/index.php?rest_route=%2Fwp%2Fv2%2Fmedia&parent=28923"}],"wp:term":[{"taxonomy":"category","embeddable":true,"href":"https:\/\/noticiasveraces.com\/index.php?rest_route=%2Fwp%2Fv2%2Fcategories&post=28923"},{"taxonomy":"post_tag","embeddable":true,"href":"https:\/\/noticiasveraces.com\/index.php?rest_route=%2Fwp%2Fv2%2Ftags&post=28923"}],"curies":[{"name":"wp","href":"https:\/\/api.w.org\/{rel}","templated":true}]}}