{"id":28918,"date":"2025-05-26T13:11:26","date_gmt":"2025-05-26T17:11:26","guid":{"rendered":"https:\/\/noticiasveraces.com\/?p=28918"},"modified":"2025-05-26T13:11:26","modified_gmt":"2025-05-26T17:11:26","slug":"broma-macron-resta-importancia-a-video-viral-dw-26-05-2025","status":"publish","type":"post","link":"https:\/\/noticiasveraces.com\/?p=28918","title":{"rendered":"\u00bfBroma? Macron resta importancia a video viral \u2013 DW \u2013 26\/05\/2025"},"content":{"rendered":"<p> \n<\/p>\n<div>\n<p>La agencia de noticias Associated Press capt\u00f3 en la pasada noche de domingo en Han\u00f3i el momento en el que la puerta del avi\u00f3n presidencial franc\u00e9s se abre, a la llegada a Vietnam de Emmanuel y Brigitte Macron, para una gira por el sudeste asi\u00e1tico, en la que visitar\u00e1n tambi\u00e9n Indonesia y Singapur.<\/p>\n<h2>La pol\u00e9mica escena<\/h2>\n<p>El presidente de Francia est\u00e1 de perfil, en plena discusi\u00f3n con alguien, sin aparentemente darse cuenta de que la puerta del aparato est\u00e1 ya abierta. De repente, se ven los brazos de su esposa empuj\u00e1ndole violentamente el rostro.<\/p>\n<p>Macron parece sorprendido, se gira r\u00e1pidamente y saluda a los medios con un gesto de la mano. La pareja baja las escaleras del avi\u00f3n y Emmanuel Macron tiende el brazo a su esposa, como es su costumbre, pero ella no lo acepta y se apoya en la baranda.<\/p>\n<p><span data-slot-id=\"Article_InContent-1\" class=\"rich-text-ad\"\/><\/p>\n<h2>Video viral<\/h2>\n<p>El video de la escena, que se volvi\u00f3 viral, ha desatado un aluvi\u00f3n de comentarios en las redes sociales. Fue compartido masivamente por usuarios prorrusos en la plataforma online X, acompa\u00f1ado de algunos comentarios de odio. <\/p>\n<p>El matrimonio de Macron con Brigitte, 24 a\u00f1os mayor que \u00e9l, ha sido a menudo objeto de comentarios de odio en servicios en l\u00ednea en el pasado.<\/p>\n<h2>Explicaci\u00f3n del El\u00edseo<\/h2>\n<p>La oficina de Macron neg\u00f3 inicialmente la autenticidad de las im\u00e1genes, antes de que se confirmara que eran ver\u00eddicas.<\/p>\n<p>Posteriormente un colaborador del presidente describi\u00f3 el incidente como una inofensiva \u00abri\u00f1a\u00bb de pareja.<\/p>\n<p>Otro miembro de su c\u00edrculo rest\u00f3 importancia al incidente. \u00abFue un momento en el que el presidente y su esposa se relajaban antes del inicio del viaje, estaban bromeando\u00bb, dijo esta fuente que pidi\u00f3 no ser nombrada. \u00abEs un momento de complicidad\u00bb, a\u00f1adi\u00f3.<\/p>\n<blockquote class=\"tweet embed\" data-id=\"1926660942663688215\"\/>\n<h2>Macron y otros videos anteriores<\/h2>\n<p>El video publicado en la cuenta de\u00a0X de Emmanuel Macron no incluye la escena antes de que la pareja bajase la escalera del avi\u00f3n.<\/p>\n<p>Y el propio Macron le rest\u00f3\u00a0importancia:\u00a0\u00abEstaba\u00a0bromeando\u00a0con mi esposa\u00bb, dijo a los periodistas en Han\u00f3i. \u00abNo es nada\u00bb, asegur\u00f3,\u00a0a\u00f1adiendo que el incidente estaba siendo exagerado: \u00abSe est\u00e1 convirtiendo en una especie de cat\u00e1strofe geoplanetaria\u00bb.<\/p>\n<blockquote class=\"tweet embed\" data-id=\"1926962487020159379\"\/>\n<p>Asegur\u00f3 que no es la primera vez en las \u00faltimas semanas que el contenido de v\u00eddeos suyos es tergiversado por personas a las que calific\u00f3 de \u00abchiflados\u00bb.<\/p>\n<p>Macron cit\u00f3 un video compartido en las redes sociales que lo mostraba retirando un objeto blanco arrugado de una mesa en un tren durante una visita a Ucrania.<\/p>\n<p>Algunos usuarios de redes sociales sugirieron, sin aportar pruebas, que el objeto era una bolsa de coca\u00edna. Macron dijo que era un pa\u00f1uelo y su oficina acus\u00f3 a los enemigos de Francia de difundir noticias falsas. <\/p>\n<blockquote class=\"instagram embed\" data-href=\"https:\/\/www.instagram.com\/reel\/DJnE7XQMA5S\/?utm_source=ig_web_copy_link&amp;igsh=MzRlODBiNWFlZA==\"\/>\n<p>rml (afp, dpa, reuters, actualizado a las 14:37 CET)<\/p>\n<\/div>\n<p><script async src=\"\/\/www.instagram.com\/embed.js\"><\/script><br \/>\n<br \/>\n","protected":false},"excerpt":{"rendered":"<p>La agencia de noticias Associated Press capt\u00f3 en la pasada noche de domingo en Han\u00f3i el momento en el que la puerta del avi\u00f3n presidencial franc\u00e9s se abre, a la llegada a Vietnam de Emmanuel y Brigitte Macron, para una gira por el sudeste asi\u00e1tico, en la que visitar\u00e1n tambi\u00e9n Indonesia y Singapur. La pol\u00e9mica &hellip;<\/p>\n","protected":false},"author":1,"featured_media":28919,"comment_status":"open","ping_status":"open","sticky":false,"template":"","format":"standard","meta":{"fifu_image_url":"https:\/\/static.dw.com\/image\/72671920_6.jpg","fifu_image_alt":"","footnotes":""},"categories":[13],"tags":[],"class_list":["post-28918","post","type-post","status-publish","format-standard","has-post-thumbnail","","category-mundo"],"_links":{"self":[{"href":"https:\/\/noticiasveraces.com\/index.php?rest_route=\/wp\/v2\/posts\/28918","targetHints":{"allow":["GET"]}}],"collection":[{"href":"https:\/\/noticiasveraces.com\/index.php?rest_route=\/wp\/v2\/posts"}],"about":[{"href":"https:\/\/noticiasveraces.com\/index.php?rest_route=\/wp\/v2\/types\/post"}],"author":[{"embeddable":true,"href":"https:\/\/noticiasveraces.com\/index.php?rest_route=\/wp\/v2\/users\/1"}],"replies":[{"embeddable":true,"href":"https:\/\/noticiasveraces.com\/index.php?rest_route=%2Fwp%2Fv2%2Fcomments&post=28918"}],"version-history":[{"count":0,"href":"https:\/\/noticiasveraces.com\/index.php?rest_route=\/wp\/v2\/posts\/28918\/revisions"}],"wp:featuredmedia":[{"embeddable":true,"href":"https:\/\/noticiasveraces.com\/index.php?rest_route=\/wp\/v2\/media\/28919"}],"wp:attachment":[{"href":"https:\/\/noticiasveraces.com\/index.php?rest_route=%2Fwp%2Fv2%2Fmedia&parent=28918"}],"wp:term":[{"taxonomy":"category","embeddable":true,"href":"https:\/\/noticiasveraces.com\/index.php?rest_route=%2Fwp%2Fv2%2Fcategories&post=28918"},{"taxonomy":"post_tag","embeddable":true,"href":"https:\/\/noticiasveraces.com\/index.php?rest_route=%2Fwp%2Fv2%2Ftags&post=28918"}],"curies":[{"name":"wp","href":"https:\/\/api.w.org\/{rel}","templated":true}]}}