{"id":28891,"date":"2025-05-26T10:06:40","date_gmt":"2025-05-26T14:06:40","guid":{"rendered":"https:\/\/noticiasveraces.com\/?p=28891"},"modified":"2025-05-26T10:06:40","modified_gmt":"2025-05-26T14:06:40","slug":"trump-confronta-al-presidente-sudafricano-por-la-asombrosa-tasa-de-asesinatos","status":"publish","type":"post","link":"https:\/\/noticiasveraces.com\/?p=28891","title":{"rendered":"Trump confronta al presidente sudafricano por la asombrosa tasa de asesinatos"},"content":{"rendered":"<p> \n<\/p>\n<div>\n<p class=\"speakable\">JOHANNESBURG &#8211; Los sudafricanos dieron la bienvenida a las declaraciones de la Oficina Oval altamente cr\u00edtica del presidente Donald Trump el mi\u00e9rcoles sobre asesinatos en el pa\u00eds, seg\u00fan los analistas. <\/p>\n<p class=\"speakable\">El presidente mostr\u00f3 videoclips y le dio al presidente de Sud\u00e1frica, Cyril Ramaphosa, una gavilla de recortes de noticias, seg\u00fan \u00e9l, muestran asesinatos en granjas. <\/p>\n<p>Muchos creen que esta \u00abemboscada\u00bb del presidente Trump hacia el l\u00edder sudafricano es bueno para el pa\u00eds, porque arroja una luz aguda sobre la oscuridad que es el alto nivel de asesinatos en el pa\u00eds, y c\u00f3mo se dice que el gobierno del presidente Ramaphosa no lo aborda adecuadamente.<\/p>\n<p>Aproximadamente 6.953 personas de todas las carreras fueron asesinadas en Sud\u00e1frica en los \u00faltimos tres meses de 2024, seg\u00fan las estad\u00edsticas policiales. Eso es 76 personas en promedio asesinadas todos los d\u00edas. <\/p>\n<p><strong>Trump confronta al presidente sudafricano con un video sobre el tratamiento de los agricultores blancos<\/strong><\/p>\n<div class=\"image-ct inline\">\n<div class=\"m\"><picture><source media=\"(max-width: 767px)\" srcset=\"https:\/\/a57.foxnews.com\/static.foxnews.com\/foxnews.com\/content\/uploads\/2025\/05\/343\/192\/trump-south-africa.jpg?ve=1&amp;tl=1, https:\/\/a57.foxnews.com\/static.foxnews.com\/foxnews.com\/content\/uploads\/2025\/05\/686\/384\/trump-south-africa.jpg?ve=1&amp;tl=1 2x\" height=\"192\" width=\"343\"><source media=\"(min-width: 768px) and (max-width: 1023px)\" srcset=\"https:\/\/a57.foxnews.com\/static.foxnews.com\/foxnews.com\/content\/uploads\/2025\/05\/672\/378\/trump-south-africa.jpg?ve=1&amp;tl=1, https:\/\/a57.foxnews.com\/static.foxnews.com\/foxnews.com\/content\/uploads\/2025\/05\/1344\/756\/trump-south-africa.jpg?ve=1&amp;tl=1 2x\" height=\"378\" width=\"672\"><source media=\"(min-width: 1024px) and (max-width: 1279px)\" srcset=\"https:\/\/a57.foxnews.com\/static.foxnews.com\/foxnews.com\/content\/uploads\/2025\/05\/931\/523\/trump-south-africa.jpg?ve=1&amp;tl=1, https:\/\/a57.foxnews.com\/static.foxnews.com\/foxnews.com\/content\/uploads\/2025\/05\/1862\/1046\/trump-south-africa.jpg?ve=1&amp;tl=1 2x\" height=\"523\" width=\"931\"><source media=\"(min-width: 1280px)\" srcset=\"https:\/\/a57.foxnews.com\/static.foxnews.com\/foxnews.com\/content\/uploads\/2025\/05\/720\/405\/trump-south-africa.jpg?ve=1&amp;tl=1, https:\/\/a57.foxnews.com\/static.foxnews.com\/foxnews.com\/content\/uploads\/2025\/05\/1440\/810\/trump-south-africa.jpg?ve=1&amp;tl=1 2x\" height=\"405\" width=\"720\"><img loading=\"lazy\" decoding=\"async\" src=\"https:\/\/a57.foxnews.com\/static.foxnews.com\/foxnews.com\/content\/uploads\/2025\/05\/1200\/675\/trump-south-africa.jpg?ve=1&amp;tl=1\" alt=\"Trump muestra documentos en la Casa Blanca\" width=\"1200\" height=\"675\"\/><\/source><\/source><\/source><\/source><\/picture><\/div>\n<div class=\"info\">\n<div class=\"caption\">\n<p><span>El presidente Donald Trump, a la izquierda, muestra documentos cuando se encuentra con el presidente de Sud\u00e1frica, Cyril Ramaphosa en la Casa Blanca, el mi\u00e9rcoles 21 de mayo de 2025 en Washington, DC<\/span> <span>(AP\/Evan Vucci)<\/span><\/p>\n<\/div>\n<\/div>\n<\/div>\n<p>Adem\u00e1s, los asesinos literalmente se est\u00e1n escapando con el asesinato. Se inform\u00f3 que entre 2019 y 2022 solo el 12% de los enjuiciamientos por asesinatos dieron como resultado una condena.<\/p>\n<p>\u00abEl enfoque del presidente Trump en el crimen violento en Sud\u00e1frica es un fuerte positivo para emerger de la reuni\u00f3n de la Oficina Oval\u00bb, dijo el analista Frans Cronje Fox News Digital.<\/p>\n<p>Cronje, presidente de la Fundaci\u00f3n de Freedom para la Freedom, con sede en Washington, \u00abSud\u00e1frica ha promediado una tasa de homicidios intencional de alrededor de 40 homicidios por cada 100 000 residentes desde que se convirti\u00f3 en democracia en 1994\u00bb.<\/p>\n<p>Continu\u00f3: \u00abLa cifra global est\u00e1 m\u00e1s cerca de 4\/100 000. M\u00e1s personas son asesinadas en Sud\u00e1frica anualmente, con su poblaci\u00f3n de poco m\u00e1s de 60 millones, que en todo el mundo occidental, con su poblaci\u00f3n de casi mil millones de personas\u00bb.<\/p>\n<div class=\"image-ct inline\">\n<div class=\"m\"><picture><source media=\"(max-width: 767px)\" srcset=\"https:\/\/a57.foxnews.com\/static.foxnews.com\/foxnews.com\/content\/uploads\/2025\/05\/343\/192\/sa-crime-scaled.jpg?ve=1&amp;tl=1, https:\/\/a57.foxnews.com\/static.foxnews.com\/foxnews.com\/content\/uploads\/2025\/05\/686\/384\/sa-crime-scaled.jpg?ve=1&amp;tl=1 2x\" height=\"192\" width=\"343\"><source media=\"(min-width: 768px) and (max-width: 1023px)\" srcset=\"https:\/\/a57.foxnews.com\/static.foxnews.com\/foxnews.com\/content\/uploads\/2025\/05\/672\/378\/sa-crime-scaled.jpg?ve=1&amp;tl=1, https:\/\/a57.foxnews.com\/static.foxnews.com\/foxnews.com\/content\/uploads\/2025\/05\/1344\/756\/sa-crime-scaled.jpg?ve=1&amp;tl=1 2x\" height=\"378\" width=\"672\"><source media=\"(min-width: 1024px) and (max-width: 1279px)\" srcset=\"https:\/\/a57.foxnews.com\/static.foxnews.com\/foxnews.com\/content\/uploads\/2025\/05\/931\/523\/sa-crime-scaled.jpg?ve=1&amp;tl=1, https:\/\/a57.foxnews.com\/static.foxnews.com\/foxnews.com\/content\/uploads\/2025\/05\/1862\/1046\/sa-crime-scaled.jpg?ve=1&amp;tl=1 2x\" height=\"523\" width=\"931\"><source media=\"(min-width: 1280px)\" srcset=\"https:\/\/a57.foxnews.com\/static.foxnews.com\/foxnews.com\/content\/uploads\/2025\/05\/720\/405\/sa-crime-scaled.jpg?ve=1&amp;tl=1, https:\/\/a57.foxnews.com\/static.foxnews.com\/foxnews.com\/content\/uploads\/2025\/05\/1440\/810\/sa-crime-scaled.jpg?ve=1&amp;tl=1 2x\" height=\"405\" width=\"720\"><img loading=\"lazy\" decoding=\"async\" src=\"https:\/\/a57.foxnews.com\/static.foxnews.com\/foxnews.com\/content\/uploads\/2025\/05\/1200\/675\/sa-crime-scaled.jpg?ve=1&amp;tl=1\" alt=\"Un oficial de polic\u00eda de Plainlothes con el Departamento de Polic\u00eda del Metro de Johannesburgo cuestiona un hombre que encontr\u00f3 dentro de un edificio en ruinas utilizado como refugio en Johannesburgo el 15 de mayo de 2023.\" width=\"1200\" height=\"675\"\/><\/source><\/source><\/source><\/source><\/picture><\/div>\n<div class=\"info\">\n<div class=\"caption\">\n<p><span>Un oficial de polic\u00eda de Plainlothes con el Departamento de Polic\u00eda del Metro de Johannesburgo cuestiona un hombre que encontr\u00f3 dentro de un edificio en ruinas utilizado como refugio en Johannesburgo el 15 de mayo de 2023.<\/span> <span>(Foto de Michele Spatari\/AFP a trav\u00e9s de Getty Images)<\/span><\/p>\n<\/div>\n<\/div>\n<\/div>\n<p>En casa, el gobierno sudafricano ha sido criticado con dureza y repetidamente por no abordar el crimen violento de manera efectiva. <\/p>\n<p>Cronje dijo: \u00abEl gobierno sudafricano ha fallado a la gente del pa\u00eds al no tomar en serio la plaga de la violencia criminal, y la presi\u00f3n externa de los Estados Unidos para abordar la violencia como una condici\u00f3n previa para cualquier tratado importante de inversi\u00f3n es la presi\u00f3n que los activistas nacionales de Sud\u00e1frica pueden emplear para abordar la negligencia de su gobierno\u00bb.<\/p>\n<p><strong>Boots Rubio Embajador sudafricano de nosotros: &#8216;Persona non grata&#8217;<\/strong><\/p>\n<div class=\"image-ct inline\">\n<div class=\"m\"><picture><source media=\"(max-width: 767px)\" srcset=\"https:\/\/a57.foxnews.com\/static.foxnews.com\/foxnews.com\/content\/uploads\/2025\/05\/343\/192\/sa-crimes-against-farmers-scaled.jpg?ve=1&amp;tl=1, https:\/\/a57.foxnews.com\/static.foxnews.com\/foxnews.com\/content\/uploads\/2025\/05\/686\/384\/sa-crimes-against-farmers-scaled.jpg?ve=1&amp;tl=1 2x\" height=\"192\" width=\"343\"><source media=\"(min-width: 768px) and (max-width: 1023px)\" srcset=\"https:\/\/a57.foxnews.com\/static.foxnews.com\/foxnews.com\/content\/uploads\/2025\/05\/672\/378\/sa-crimes-against-farmers-scaled.jpg?ve=1&amp;tl=1, https:\/\/a57.foxnews.com\/static.foxnews.com\/foxnews.com\/content\/uploads\/2025\/05\/1344\/756\/sa-crimes-against-farmers-scaled.jpg?ve=1&amp;tl=1 2x\" height=\"378\" width=\"672\"><source media=\"(min-width: 1024px) and (max-width: 1279px)\" srcset=\"https:\/\/a57.foxnews.com\/static.foxnews.com\/foxnews.com\/content\/uploads\/2025\/05\/931\/523\/sa-crimes-against-farmers-scaled.jpg?ve=1&amp;tl=1, https:\/\/a57.foxnews.com\/static.foxnews.com\/foxnews.com\/content\/uploads\/2025\/05\/1862\/1046\/sa-crimes-against-farmers-scaled.jpg?ve=1&amp;tl=1 2x\" height=\"523\" width=\"931\"><source media=\"(min-width: 1280px)\" srcset=\"https:\/\/a57.foxnews.com\/static.foxnews.com\/foxnews.com\/content\/uploads\/2025\/05\/720\/405\/sa-crimes-against-farmers-scaled.jpg?ve=1&amp;tl=1, https:\/\/a57.foxnews.com\/static.foxnews.com\/foxnews.com\/content\/uploads\/2025\/05\/1440\/810\/sa-crimes-against-farmers-scaled.jpg?ve=1&amp;tl=1 2x\" height=\"405\" width=\"720\"><img loading=\"lazy\" decoding=\"async\" src=\"https:\/\/a57.foxnews.com\/static.foxnews.com\/foxnews.com\/content\/uploads\/2025\/05\/1200\/675\/sa-crimes-against-farmers-scaled.jpg?ve=1&amp;tl=1\" alt=\"Se plantan cruces en una ladera en el monumento a la cruz blanca, cada una de las cuales marc\u00f3 a un granjero blanco que ha sido asesinado en un asesinato por la granja, el 31 de octubre de 2017 en Ysterberg, cerca de Langebaan, Sud\u00e1frica. Una larga campa\u00f1a de violencia contra los agricultores del pa\u00eds, que son en gran medida blancos, ha inflamado tensiones pol\u00edticas y raciales casi un cuarto de siglo despu\u00e9s de la ca\u00edda del apartheid.\" width=\"1200\" height=\"675\"\/><\/source><\/source><\/source><\/source><\/picture><\/div>\n<div class=\"info\">\n<div class=\"caption\">\n<p><span>Se plantan cruces en una ladera en el monumento a la cruz blanca, cada una de las cuales marc\u00f3 a un granjero blanco que ha sido asesinado en un asesinato por la granja, el 31 de octubre de 2017 en Ysterberg, cerca de Langebaan, Sud\u00e1frica. Una larga campa\u00f1a de violencia contra los agricultores del pa\u00eds, que son en gran medida blancos, ha inflamado tensiones pol\u00edticas y raciales casi un cuarto de siglo despu\u00e9s de la ca\u00edda del apartheid.<\/span> <span>(Gulshan Khan\/AFP a trav\u00e9s de Getty Images)<\/span><\/p>\n<\/div>\n<\/div>\n<\/div>\n<p>El analista Max Meizlish le dijo a Fox News Digital: \u00abEst\u00e1 claro que d\u00e9cadas de corrupci\u00f3n en Sud\u00e1frica han vaciadas la capacidad del estado de proporcionar incluso los servicios m\u00e1s b\u00e1sicos, desde agua y electricidad confiables, hasta una fuerza policial funcional y la igualdad de protecci\u00f3n bajo la ley\u00bb.<\/p>\n<p>Meizlish, analista senior de investigaci\u00f3n de la Fundaci\u00f3n para la Defensa de las Democracias, agreg\u00f3 que en las elecciones aqu\u00ed el a\u00f1o pasado, \u00abel ANC perdi\u00f3 su mayor\u00eda nacional por primera vez desde el final del apartheid\u00bb. El gobierno del Congreso Nacional Africano (ANC) tom\u00f3 el poder en 1994.<\/p>\n<p>\u00abEl gobierno de Ramaphosa est\u00e1 dedicando m\u00e1s tiempo y recursos a cortejar aliados BRICS como China, Rusia e Ir\u00e1n, que para restaurar el orden en casa.<\/p>\n<p>\u00abEl presidente Trump tiene raz\u00f3n al exigir el cambio de Ramaphosa en todo, desde la reforma agraria y los abusos de los derechos humanos hasta la creciente alineaci\u00f3n de Sud\u00e1frica con los adversarios de Estados Unidos\u00bb, afirm\u00f3.<\/p>\n<p>Quiz\u00e1s fuera del gui\u00f3n, justo dentro de la Oficina Oval el mi\u00e9rcoles pasado, Zingiswa Losi, presidente del Congreso de los sindicatos sudafricanos, habl\u00f3 sobre otros cr\u00edmenes graves pr\u00e1cticamente sin control. \u00abNo hay duda al respecto de que somos una naci\u00f3n violenta\u00bb, dijo al presidente Trump y los dem\u00e1s se metieron en la sala. Ella agreg\u00f3: \u00abSi entras en las zonas rurales donde (hay una) mayor\u00eda negra, ver\u00edas a las mujeres, ancianas, siendo violadas, siendo asesinadas, siendo asesinadas\u00bb. <\/p>\n<div class=\"image-ct inline\">\n<div class=\"m\"><picture><source media=\"(max-width: 767px)\" srcset=\"https:\/\/a57.foxnews.com\/static.foxnews.com\/foxnews.com\/content\/uploads\/2024\/05\/343\/192\/GettyImages-2154616463.jpg?ve=1&amp;tl=1, https:\/\/a57.foxnews.com\/static.foxnews.com\/foxnews.com\/content\/uploads\/2024\/05\/686\/384\/GettyImages-2154616463.jpg?ve=1&amp;tl=1 2x\" height=\"192\" width=\"343\"><source media=\"(min-width: 768px) and (max-width: 1023px)\" srcset=\"https:\/\/a57.foxnews.com\/static.foxnews.com\/foxnews.com\/content\/uploads\/2024\/05\/672\/378\/GettyImages-2154616463.jpg?ve=1&amp;tl=1, https:\/\/a57.foxnews.com\/static.foxnews.com\/foxnews.com\/content\/uploads\/2024\/05\/1344\/756\/GettyImages-2154616463.jpg?ve=1&amp;tl=1 2x\" height=\"378\" width=\"672\"><source media=\"(min-width: 1024px) and (max-width: 1279px)\" srcset=\"https:\/\/a57.foxnews.com\/static.foxnews.com\/foxnews.com\/content\/uploads\/2024\/05\/931\/523\/GettyImages-2154616463.jpg?ve=1&amp;tl=1, https:\/\/a57.foxnews.com\/static.foxnews.com\/foxnews.com\/content\/uploads\/2024\/05\/1862\/1046\/GettyImages-2154616463.jpg?ve=1&amp;tl=1 2x\" height=\"523\" width=\"931\"><source media=\"(min-width: 1280px)\" srcset=\"https:\/\/a57.foxnews.com\/static.foxnews.com\/foxnews.com\/content\/uploads\/2024\/05\/720\/405\/GettyImages-2154616463.jpg?ve=1&amp;tl=1, https:\/\/a57.foxnews.com\/static.foxnews.com\/foxnews.com\/content\/uploads\/2024\/05\/1440\/810\/GettyImages-2154616463.jpg?ve=1&amp;tl=1 2x\" height=\"405\" width=\"720\"><img loading=\"lazy\" decoding=\"async\" src=\"https:\/\/a57.foxnews.com\/static.foxnews.com\/foxnews.com\/content\/uploads\/2024\/05\/1200\/675\/GettyImages-2154616463.jpg?ve=1&amp;tl=1\" alt=\"Elecci\u00f3n de Sud\u00e1frica\" width=\"1200\" height=\"675\"\/><\/source><\/source><\/source><\/source><\/picture><\/div>\n<div class=\"info\">\n<div class=\"caption\">\n<p><span>El presidente del gobernante Congreso Nacional Africano y el presidente sudafricano Cyril Ramaphosa habla con los partidarios durante la concentraci\u00f3n de ANC Siyanqoba celebrada en el estadio FNB el 25 de mayo de 2024 en Johannesburgo.<\/span> <span>(Foto de Chris McGrath\/Getty Images)<\/span><\/p>\n<\/div>\n<\/div>\n<\/div>\n<p><strong>El almizcle nacido en Sud\u00e1frica evocado por Trump durante la reuni\u00f3n con el l\u00edder de la naci\u00f3n: \u00abNo quiero involucrar a Elon\u00bb<\/strong><\/p>\n<p>Losi continu\u00f3: \u00abY el problema en Sud\u00e1frica, no se trata necesariamente de la raza, sino que se trata del crimen. Y creemos que estamos aqu\u00ed para decir, \u00bfc\u00f3mo las dos naciones trabajamos juntas para reiniciar, para hablar realmente de inversi\u00f3n &#8230; para abordar realmente los niveles de delincuencia que tenemos en nuestro pa\u00eds\u00bb?<\/p>\n<p>Las fuentes dicen que despu\u00e9s de negarse previamente a dejar que Elon Musk traiga su sistema de comunicaciones satelitales Starlink a Sud\u00e1frica, citando la necesidad de propiedad parcial local, Ramaphosa y sus asesores ahora se han dado cuenta de que los servicios de datos de Starlink podr\u00edan ayudar a aportar una mayor seguridad, particularmente a las zonas rurales del pa\u00eds.<\/p>\n<p>En las estad\u00edsticas de delitos durante los primeros tres meses de este a\u00f1o publicado el viernes, que los cr\u00edticos, seg\u00fan los cr\u00edticos, no se verifican de forma independiente, el ministro de polic\u00eda afirm\u00f3 que cinco de las seis personas asesinadas en granjas eran negras y una era blanca. <\/p>\n<div class=\"image-ct inline\">\n<div class=\"m\"><picture><source media=\"(max-width: 767px)\" srcset=\"https:\/\/a57.foxnews.com\/static.foxnews.com\/foxnews.com\/content\/uploads\/2025\/05\/343\/192\/south-africa-president-and-trump-2.jpg?ve=1&amp;tl=1, https:\/\/a57.foxnews.com\/static.foxnews.com\/foxnews.com\/content\/uploads\/2025\/05\/686\/384\/south-africa-president-and-trump-2.jpg?ve=1&amp;tl=1 2x\" height=\"192\" width=\"343\"><source media=\"(min-width: 768px) and (max-width: 1023px)\" srcset=\"https:\/\/a57.foxnews.com\/static.foxnews.com\/foxnews.com\/content\/uploads\/2025\/05\/672\/378\/south-africa-president-and-trump-2.jpg?ve=1&amp;tl=1, https:\/\/a57.foxnews.com\/static.foxnews.com\/foxnews.com\/content\/uploads\/2025\/05\/1344\/756\/south-africa-president-and-trump-2.jpg?ve=1&amp;tl=1 2x\" height=\"378\" width=\"672\"><source media=\"(min-width: 1024px) and (max-width: 1279px)\" srcset=\"https:\/\/a57.foxnews.com\/static.foxnews.com\/foxnews.com\/content\/uploads\/2025\/05\/931\/523\/south-africa-president-and-trump-2.jpg?ve=1&amp;tl=1, https:\/\/a57.foxnews.com\/static.foxnews.com\/foxnews.com\/content\/uploads\/2025\/05\/1862\/1046\/south-africa-president-and-trump-2.jpg?ve=1&amp;tl=1 2x\" height=\"523\" width=\"931\"><source media=\"(min-width: 1280px)\" srcset=\"https:\/\/a57.foxnews.com\/static.foxnews.com\/foxnews.com\/content\/uploads\/2025\/05\/720\/405\/south-africa-president-and-trump-2.jpg?ve=1&amp;tl=1, https:\/\/a57.foxnews.com\/static.foxnews.com\/foxnews.com\/content\/uploads\/2025\/05\/1440\/810\/south-africa-president-and-trump-2.jpg?ve=1&amp;tl=1 2x\" height=\"405\" width=\"720\"><img loading=\"lazy\" decoding=\"async\" src=\"https:\/\/a57.foxnews.com\/static.foxnews.com\/foxnews.com\/content\/uploads\/2025\/05\/1200\/675\/south-africa-president-and-trump-2.jpg?ve=1&amp;tl=1\" alt=\"El presidente Donald Trump se encuentra con el presidente sudafricano Cyril Ramaphosa\" width=\"1200\" height=\"675\"\/><\/source><\/source><\/source><\/source><\/picture><\/div>\n<div class=\"info\">\n<div class=\"caption\">\n<p><span>El presidente Donald Trump, a la derecha, se encuentra con el presidente sudafricano Cyril Ramaphosa en la Oficina Oval de la Casa Blanca el mi\u00e9rcoles 21 de mayo de 2025 en Washington, DC<\/span> <span>(AP\/Evan Vucci)<\/span><\/p>\n<\/div>\n<\/div>\n<\/div>\n<p>Sin embargo, con poca protecci\u00f3n policial efectiva en las ciudades, y a\u00fan menos en las zonas rurales, el comentario de un agricultor negro resume las preocupaciones de muchos sudafricanos hoy. De pie en el funeral de un granjero blanco rural, dijo a un representante del Instituto de Relaciones Rac\u00e9ticas \u00abAunque es blanco, no miramos el color. Estamos haciendo lo mismo. La pr\u00f3xima vez que sea yo\u00bb.<\/p>\n<p><strong><u>Haga clic aqu\u00ed para obtener la aplicaci\u00f3n Fox News<\/u><\/strong> <\/p>\n<p>Fox News Digital se comunic\u00f3 con el gobierno sudafricano para hacer comentarios, pero no respondieron.<\/p>\n<p> <!----> <\/p>\n<div class=\"article-meta\">\n<div class=\"author-bio\">\n<p>Paul Tilsley es un corresponsal veterano que ha informado sobre asuntos africanos durante m\u00e1s de tres d\u00e9cadas de Johannesburgo, Sud\u00e1frica. Se puede seguir en x @Paultilsley<\/p>\n<\/div>\n<\/div>\n<\/div>\n\n","protected":false},"excerpt":{"rendered":"<p>JOHANNESBURG &#8211; Los sudafricanos dieron la bienvenida a las declaraciones de la Oficina Oval altamente cr\u00edtica del presidente Donald Trump el mi\u00e9rcoles sobre asesinatos en el pa\u00eds, seg\u00fan los analistas. El presidente mostr\u00f3 videoclips y le dio al presidente de Sud\u00e1frica, Cyril Ramaphosa, una gavilla de recortes de noticias, seg\u00fan \u00e9l, muestran asesinatos en granjas. &hellip;<\/p>\n","protected":false},"author":1,"featured_media":28893,"comment_status":"open","ping_status":"open","sticky":false,"template":"","format":"standard","meta":{"fifu_image_url":"https:\/\/static.foxnews.com\/foxnews.com\/content\/uploads\/2025\/05\/donald-trump-cyril-ramaphosa.jpg","fifu_image_alt":"","footnotes":""},"categories":[13],"tags":[],"class_list":["post-28891","post","type-post","status-publish","format-standard","has-post-thumbnail","","category-mundo"],"_links":{"self":[{"href":"https:\/\/noticiasveraces.com\/index.php?rest_route=\/wp\/v2\/posts\/28891","targetHints":{"allow":["GET"]}}],"collection":[{"href":"https:\/\/noticiasveraces.com\/index.php?rest_route=\/wp\/v2\/posts"}],"about":[{"href":"https:\/\/noticiasveraces.com\/index.php?rest_route=\/wp\/v2\/types\/post"}],"author":[{"embeddable":true,"href":"https:\/\/noticiasveraces.com\/index.php?rest_route=\/wp\/v2\/users\/1"}],"replies":[{"embeddable":true,"href":"https:\/\/noticiasveraces.com\/index.php?rest_route=%2Fwp%2Fv2%2Fcomments&post=28891"}],"version-history":[{"count":0,"href":"https:\/\/noticiasveraces.com\/index.php?rest_route=\/wp\/v2\/posts\/28891\/revisions"}],"wp:featuredmedia":[{"embeddable":true,"href":"https:\/\/noticiasveraces.com\/index.php?rest_route=\/wp\/v2\/media\/28893"}],"wp:attachment":[{"href":"https:\/\/noticiasveraces.com\/index.php?rest_route=%2Fwp%2Fv2%2Fmedia&parent=28891"}],"wp:term":[{"taxonomy":"category","embeddable":true,"href":"https:\/\/noticiasveraces.com\/index.php?rest_route=%2Fwp%2Fv2%2Fcategories&post=28891"},{"taxonomy":"post_tag","embeddable":true,"href":"https:\/\/noticiasveraces.com\/index.php?rest_route=%2Fwp%2Fv2%2Ftags&post=28891"}],"curies":[{"name":"wp","href":"https:\/\/api.w.org\/{rel}","templated":true}]}}