{"id":28887,"date":"2025-05-26T09:03:51","date_gmt":"2025-05-26T13:03:51","guid":{"rendered":"https:\/\/noticiasveraces.com\/?p=28887"},"modified":"2025-05-26T09:03:51","modified_gmt":"2025-05-26T13:03:51","slug":"canciller-merz-critica-recientes-ataques-de-israel-a-gaza-dw-26-05-2025","status":"publish","type":"post","link":"https:\/\/noticiasveraces.com\/?p=28887","title":{"rendered":"Canciller Merz critica recientes ataques de Israel a Gaza \u2013 DW \u2013 26\/05\/2025"},"content":{"rendered":"<p> \n<\/p>\n<div>\n<p>El canciller alem\u00e1n, Friedrich Merz (CDU), critic\u00f3 duramente los recientes ataques del ej\u00e9rcito israel\u00ed en la Franja de Gaza. \u00abYa no entiendo qu\u00e9 hace el ej\u00e9rcito israel\u00ed en la Franja de Gaza, con qu\u00e9 objetivo se impacta hasta tal punto a la poblaci\u00f3n civil\u201d, declar\u00f3.<\/p>\n<p>Afectar a la poblaci\u00f3n civil de esta manera \u00abya no puede justificarse con una lucha contra el terrorismo de Ham\u00e1s\u201d, dijo Merz, agudizando as\u00ed el tono hacia el gobierno israel\u00ed.<\/p>\n<h2>Responsabilidad hist\u00f3rica<\/h2>\n<p>Refiri\u00e9ndose a la responsabilidad hist\u00f3rica hacia Israel, Merz dijo que Alemania en particular debe \u00abcontenerse con los consejos p\u00fablicos a Israel, pero cuando se cruzan las fronteras, cuando se viola realmente el derecho internacional humanitario, entonces Alemania, entonces el Canciller Federal alem\u00e1n, tambi\u00e9n debe decir algo al respecto\u201d, dijo Merz en la conferecia de prensa Re:publica, en el \u00abEuropa Forum\u201d de la WDR y a\u00f1adi\u00f3: \u00abAhora tenemos que decirlo m\u00e1s claramente\u201d.<\/p>\n<p>Hay un gran inter\u00e9s en permanecer del lado de Israel, \u00abpero el gobierno israel\u00ed no debe hacer nada que sus mejores amigos ya no est\u00e9n dispuestos a aceptar\u201d, dijo el canciller alem\u00e1n.<\/p>\n<p>Merz quiere volver a hablar esta semana con el primer ministro israel\u00ed, Benjamin Netanyahu, para tratar el tema de la lucha contra el terrorismo.<\/p>\n<p>MN (EPD, AFP)<\/p>\n<\/p>\n<\/div>\n\n","protected":false},"excerpt":{"rendered":"<p>El canciller alem\u00e1n, Friedrich Merz (CDU), critic\u00f3 duramente los recientes ataques del ej\u00e9rcito israel\u00ed en la Franja de Gaza. \u00abYa no entiendo qu\u00e9 hace el ej\u00e9rcito israel\u00ed en la Franja de Gaza, con qu\u00e9 objetivo se impacta hasta tal punto a la poblaci\u00f3n civil\u201d, declar\u00f3. Afectar a la poblaci\u00f3n civil de esta manera \u00abya no &hellip;<\/p>\n","protected":false},"author":1,"featured_media":28888,"comment_status":"open","ping_status":"open","sticky":false,"template":"","format":"standard","meta":{"fifu_image_url":"https:\/\/static.dw.com\/image\/72673989_6.jpg","fifu_image_alt":"","footnotes":""},"categories":[13],"tags":[],"class_list":["post-28887","post","type-post","status-publish","format-standard","has-post-thumbnail","","category-mundo"],"_links":{"self":[{"href":"https:\/\/noticiasveraces.com\/index.php?rest_route=\/wp\/v2\/posts\/28887","targetHints":{"allow":["GET"]}}],"collection":[{"href":"https:\/\/noticiasveraces.com\/index.php?rest_route=\/wp\/v2\/posts"}],"about":[{"href":"https:\/\/noticiasveraces.com\/index.php?rest_route=\/wp\/v2\/types\/post"}],"author":[{"embeddable":true,"href":"https:\/\/noticiasveraces.com\/index.php?rest_route=\/wp\/v2\/users\/1"}],"replies":[{"embeddable":true,"href":"https:\/\/noticiasveraces.com\/index.php?rest_route=%2Fwp%2Fv2%2Fcomments&post=28887"}],"version-history":[{"count":0,"href":"https:\/\/noticiasveraces.com\/index.php?rest_route=\/wp\/v2\/posts\/28887\/revisions"}],"wp:featuredmedia":[{"embeddable":true,"href":"https:\/\/noticiasveraces.com\/index.php?rest_route=\/wp\/v2\/media\/28888"}],"wp:attachment":[{"href":"https:\/\/noticiasveraces.com\/index.php?rest_route=%2Fwp%2Fv2%2Fmedia&parent=28887"}],"wp:term":[{"taxonomy":"category","embeddable":true,"href":"https:\/\/noticiasveraces.com\/index.php?rest_route=%2Fwp%2Fv2%2Fcategories&post=28887"},{"taxonomy":"post_tag","embeddable":true,"href":"https:\/\/noticiasveraces.com\/index.php?rest_route=%2Fwp%2Fv2%2Ftags&post=28887"}],"curies":[{"name":"wp","href":"https:\/\/api.w.org\/{rel}","templated":true}]}}