{"id":28876,"date":"2025-05-26T06:30:36","date_gmt":"2025-05-26T10:30:36","guid":{"rendered":"https:\/\/noticiasveraces.com\/?p=28876"},"modified":"2025-05-26T06:30:36","modified_gmt":"2025-05-26T10:30:36","slug":"fue-un-factor-importante-para-que-el-club-no-se-clasificara-para-la-champions","status":"publish","type":"post","link":"https:\/\/noticiasveraces.com\/?p=28876","title":{"rendered":"\u00abFue un factor importante para que el club no se clasificara para la Champions\u00bb"},"content":{"rendered":"<p> \n<\/p>\n<div>\n<p data-mrf-recirculation=\"Links P\u00e1rrafos\" class=\"ue-c-article__ ue-c-article--first-letter-highlighted\">La \u00faltima jornada de la <strong>Premier cierra con pol\u00e9mica<\/strong>. En el encuentro entre el Manchester United\u00a0 y el Aston Villa en Old Trafford, <strong>el arbitraje tom\u00f3 protagonismo tras un gol anulado de Morgan Rogers<\/strong> por Thomas Bramall, el colegiado asignado del partido. <\/p>\n<p data-mrf-recirculation=\"Links P\u00e1rrafos\" class=\"ue-c-article__\">Una decisi\u00f3n que pudo <strong>cambiar el resultado para el conjunto de Unai Emery<\/strong>quienes con esa anotaci\u00f3n empataban el encuentro y se pod\u00edan mantener en <strong>la pelea por los puestos de Champions<\/strong>. Por lo cual, el club ingl\u00e9s present\u00f3 una queja ante la Premier por la situaci\u00f3n: \u00abAston Villa puede confirmar que el club ha escrito a la PGMOL para plantear su <strong>preocupaci\u00f3n por el proceso de selecci\u00f3n de los \u00e1rbitros<\/strong> del partido tras el partido de hoy con el Manchester United en Old Trafford\u00bb, se explic\u00f3 en el comunicado.<\/p>\n<p data-mrf-recirculation=\"Links P\u00e1rrafos\" class=\"ue-c-article__\">El Villa describi\u00f3 a <strong>Bramall como un \u00e1rbitro \u00absin suficiente experiencia\u00bb<\/strong>y al ser un partido de relevancia, el equipo de Emery considera que necesitaban un colegiado con mejor trayectoria. \u00abCon tanto en juego en el partido de hoy, <strong>el club cree que se deber\u00eda haber nombrado un \u00e1rbitro con m\u00e1s experiencia<\/strong>. De los 10 \u00e1rbitros que oficiaron hoy en la Premier League, el <strong>Sr. Bramall fue el segundo con menos experiencia<\/strong>\u00ab, se argument\u00f3.<\/p>\n<blockquote class=\"ue-c-article__blockquote\">\n<p>De los 10 \u00e1rbitros que oficiaron hoy en la Premier League, el Sr. Bramall fue el segundo con menos experiencia<\/p>\n<p><span class=\"ue-c-article__blockquote-author\">Aston Villa<\/span><\/p><\/blockquote>\n<p data-mrf-recirculation=\"Links P\u00e1rrafos\" class=\"ue-c-article__\">\u00abLa decisi\u00f3n de anular el gol de Morgan Rogers, que <strong>habr\u00eda dado al club una ventaja de 1-0 a 17 minutos<\/strong> del final del partido, fue un factor importante que <strong>contribuy\u00f3 a que el club no se clasificara para la Liga de Campeones<\/strong>\u00ab, se mencion\u00f3. El Villa se tuvo que conformar con <strong>su clasificaci\u00f3n a la pr\u00f3xima Europa League<\/strong>tras la derrota ante el United.<\/p>\n<figure class=\"ue-c-article__media ue-c-article__media--image\">\n<div class=\"ue-c-article__media-img-container ue-l-article--expand-edge-right-until-tablet ue-l-article--expand-edge-left-until-tablet\"><picture><source type=\"image\/webp\" sizes=\"(min-width: 1010px) 660px, (min-width: 980px) calc(100vw - 350px), (min-width: 740px) calc(100vw - 320px), 100vw\" srcset=\"        https:\/\/e00-xlk-ue-marca.uecdn.es\/files\/article_360_widen_webp\/uploads\/2025\/05\/26\/68343b8d6993a.webp 360w,        https:\/\/e00-xlk-ue-marca.uecdn.es\/files\/article_375_widen_webp\/uploads\/2025\/05\/26\/68343b8d6993a.webp 375w,        https:\/\/e00-xlk-ue-marca.uecdn.es\/files\/article_414_widen_webp\/uploads\/2025\/05\/26\/68343b8d6993a.webp 414w,        https:\/\/e00-xlk-ue-marca.uecdn.es\/files\/article_660_widen_webp\/uploads\/2025\/05\/26\/68343b8d6993a.webp 660w,        https:\/\/e00-xlk-ue-marca.uecdn.es\/files\/article_720_widen_webp\/uploads\/2025\/05\/26\/68343b8d6993a.webp 720w,        https:\/\/e00-xlk-ue-marca.uecdn.es\/files\/article_750_widen_webp\/uploads\/2025\/05\/26\/68343b8d6993a.webp 750w,        https:\/\/e00-xlk-ue-marca.uecdn.es\/files\/article_828_widen_webp\/uploads\/2025\/05\/26\/68343b8d6993a.webp 828w,        https:\/\/e00-xlk-ue-marca.uecdn.es\/files\/article_1320_widen_webp\/uploads\/2025\/05\/26\/68343b8d6993a.webp 1320w\"><source type=\"image\/jpeg\" sizes=\"(min-width: 1010px) 660px, (min-width: 980px) calc(100vw - 350px), (min-width: 740px) calc(100vw - 320px), 100vw\" srcset=\"        https:\/\/e00-xlk-ue-marca.uecdn.es\/files\/article_360_widen\/uploads\/2025\/05\/26\/68343b8d6993a.jpeg 360w,        https:\/\/e00-xlk-ue-marca.uecdn.es\/files\/article_375_widen\/uploads\/2025\/05\/26\/68343b8d6993a.jpeg 375w,        https:\/\/e00-xlk-ue-marca.uecdn.es\/files\/article_414_widen\/uploads\/2025\/05\/26\/68343b8d6993a.jpeg 414w,        https:\/\/e00-xlk-ue-marca.uecdn.es\/files\/article_660_widen\/uploads\/2025\/05\/26\/68343b8d6993a.jpeg 660w,        https:\/\/e00-xlk-ue-marca.uecdn.es\/files\/article_720_widen\/uploads\/2025\/05\/26\/68343b8d6993a.jpeg 720w,        https:\/\/e00-xlk-ue-marca.uecdn.es\/files\/article_750_widen\/uploads\/2025\/05\/26\/68343b8d6993a.jpeg 750w,        https:\/\/e00-xlk-ue-marca.uecdn.es\/files\/article_828_widen\/uploads\/2025\/05\/26\/68343b8d6993a.jpeg 828w,        https:\/\/e00-xlk-ue-marca.uecdn.es\/files\/article_1320_widen\/uploads\/2025\/05\/26\/68343b8d6993a.jpeg 1320w\"><img loading=\"lazy\" decoding=\"async\" width=\"1061\" height=\"569\" class=\"ue-c-article__image\" alt=\"Revisi\u00f3n de la expulsi\u00f3n del Dibu Mart\u00ednez.\" src=\"https:\/\/e00-xlk-ue-marca.uecdn.es\/uploads\/2025\/05\/26\/68343b8d6993a.jpeg\"\/><\/source><\/source><\/picture><\/div><figcaption class=\"ue-c-article__media-caption\">\n<p><span class=\"ue-c-article__media-description\">Revisi\u00f3n de la expulsi\u00f3n del Dibu Mart\u00ednez.<\/span><span class=\"ue-c-article__media-source\"><span class=\"ue-c-article__media-author\">Liga Premier<\/span><\/span><\/p>\n<\/figcaption><\/figure>\n<p data-mrf-recirculation=\"Links P\u00e1rrafos\" class=\"ue-c-article__\">\u00abSeg\u00fan las normas que se han establecido a lo largo de la temporada, <strong>la decisi\u00f3n de pitar antes de tiempo es claramente incompatible con las directrices arbitrales actuales<\/strong>. El VAR existe para garantizar que este tipo de situaciones reciban el escrutinio que merecen. Desafortunadamente, <strong>no se permiti\u00f3 que la tecnolog\u00eda cumpliera su prop\u00f3sito<\/strong>\u00ab, se se\u00f1al\u00f3 en el comunicado.<\/p>\n<p data-mrf-recirculation=\"Links P\u00e1rrafos\" class=\"ue-c-article__\"><strong>El Villa es consciente que el resultado no cambiara<\/strong>sin embargo, el conjunto de Emery demuestra su preocupaci\u00f3n para que no se repita una situaci\u00f3n similar en el futuro:\u00bbEn \u00faltima instancia, reconocemos que el resultado para nosotros no cambiar\u00e1, pero <strong>creemos que es importante abordar la metodolog\u00eda de selecci\u00f3n<\/strong> para garantizar que los partidos de alto riesgo se traten como tales\u00bb.<\/p>\n<\/div>\n\n","protected":false},"excerpt":{"rendered":"<p>La \u00faltima jornada de la Premier cierra con pol\u00e9mica. En el encuentro entre el Manchester United\u00a0 y el Aston Villa en Old Trafford, el arbitraje tom\u00f3 protagonismo tras un gol anulado de Morgan Rogers por Thomas Bramall, el colegiado asignado del partido. Una decisi\u00f3n que pudo cambiar el resultado para el conjunto de Unai Emeryquienes &hellip;<\/p>\n","protected":false},"author":1,"featured_media":28878,"comment_status":"open","ping_status":"open","sticky":false,"template":"","format":"standard","meta":{"fifu_image_url":"https:\/\/e00-xlk-ue-marca.uecdn.es\/files\/phantom_desktop_1200w\/uploads\/2025\/05\/26\/68343b30d04b5.jpeg","fifu_image_alt":"","footnotes":""},"categories":[6],"tags":[],"class_list":["post-28876","post","type-post","status-publish","format-standard","has-post-thumbnail","","category-deportes"],"_links":{"self":[{"href":"https:\/\/noticiasveraces.com\/index.php?rest_route=\/wp\/v2\/posts\/28876","targetHints":{"allow":["GET"]}}],"collection":[{"href":"https:\/\/noticiasveraces.com\/index.php?rest_route=\/wp\/v2\/posts"}],"about":[{"href":"https:\/\/noticiasveraces.com\/index.php?rest_route=\/wp\/v2\/types\/post"}],"author":[{"embeddable":true,"href":"https:\/\/noticiasveraces.com\/index.php?rest_route=\/wp\/v2\/users\/1"}],"replies":[{"embeddable":true,"href":"https:\/\/noticiasveraces.com\/index.php?rest_route=%2Fwp%2Fv2%2Fcomments&post=28876"}],"version-history":[{"count":0,"href":"https:\/\/noticiasveraces.com\/index.php?rest_route=\/wp\/v2\/posts\/28876\/revisions"}],"wp:featuredmedia":[{"embeddable":true,"href":"https:\/\/noticiasveraces.com\/index.php?rest_route=\/wp\/v2\/media\/28878"}],"wp:attachment":[{"href":"https:\/\/noticiasveraces.com\/index.php?rest_route=%2Fwp%2Fv2%2Fmedia&parent=28876"}],"wp:term":[{"taxonomy":"category","embeddable":true,"href":"https:\/\/noticiasveraces.com\/index.php?rest_route=%2Fwp%2Fv2%2Fcategories&post=28876"},{"taxonomy":"post_tag","embeddable":true,"href":"https:\/\/noticiasveraces.com\/index.php?rest_route=%2Fwp%2Fv2%2Ftags&post=28876"}],"curies":[{"name":"wp","href":"https:\/\/api.w.org\/{rel}","templated":true}]}}