{"id":28835,"date":"2025-05-26T00:52:03","date_gmt":"2025-05-26T04:52:03","guid":{"rendered":"https:\/\/noticiasveraces.com\/?p=28835"},"modified":"2025-05-26T00:52:03","modified_gmt":"2025-05-26T04:52:03","slug":"espana-propone-un-embargo-de-armas-a-israel-dw-25-05-2025","status":"publish","type":"post","link":"https:\/\/noticiasveraces.com\/?p=28835","title":{"rendered":"Espa\u00f1a propone un embargo de armas a Israel \u2013 DW \u2013 25\/05\/2025"},"content":{"rendered":"<p> \n<\/p>\n<div>\n<p>El ministro espa\u00f1ol de Asuntos Exteriores, Jos\u00e9 Manuel Albares, defendi\u00f3 este domingo (25.05.2025) poner en marcha \u00abel embargo de armas\u00bb a Israel para presionar al primer ministro israel\u00ed, Benjam\u00edn Netanyahu, y detener la guerra en Gaza. Albares plante\u00f3 esta propuesta al inicio de la cumbre del Grupo de Madrid, que re\u00fane hoy en la capital de Espa\u00f1a a varios pa\u00edses europeos y \u00e1rabes que promueven la soluci\u00f3n de dos Estados como v\u00eda para superar este conflicto en Oriente Medio.<\/p>\n<p>El ministro espa\u00f1ol, de hecho, afirm\u00f3 esta ma\u00f1ana en declaraciones a la emisora p\u00fablica francesa France Info que la soluci\u00f3n de los dos Estados es \u00abla \u00fanica alternativa\u00bb para el conflicto entre Israel y Palestina. \u00ab\u00bfCu\u00e1l es la alternativa? \u00bfMatar a todos los palestinos? \u00bfDesplazar no s\u00e9 d\u00f3nde, a la Luna, a todos los palestinos? (&#8230;) \u00bfDarles la nacionalidad israel\u00ed?\u00bb, se pregunt\u00f3 ret\u00f3ricamente.<\/p>\n<p><span data-slot-id=\"Article_InContent-1\" class=\"rich-text-ad\"\/><\/p>\n<h2>Pa\u00edses \u00e1rabes y europeos<\/h2>\n<p>Varios aliados tradicionales de Israel,\u00a0as\u00ed como la Uni\u00f3n Europea,\u00a0han alzado la voz para elevar la presi\u00f3n sobre el Gobierno israel\u00ed, despu\u00e9s de que su Ej\u00e9rcito intensificara las operaciones en la Franja de Gaza contra el movimiento islamista palestino Ham\u00e1s, considerado un grupo terrorista tanto por Israel como por otros pa\u00edses y cuyo ataque en el sur de Israel el 7 de octubre de 2023 desencaden\u00f3 la guerra.\u00a0En esta segunda reuni\u00f3n del Grupo de Madrid participan los ministros de Exteriores de una veintena de pa\u00edses \u00e1rabes y europeos, entre ellos Alemania, Reino Unido, Francia y Italia, adem\u00e1s de Brasil.<\/p>\n<p>Madrid acoge a representantes de estos veinte pa\u00edses y de organizaciones internacionales con el objetivo de \u00abparar la guerra en Gaza\u00bb y \u00abhacer realidad la soluci\u00f3n de dos Estados\u00bb, indic\u00f3 el ministro espa\u00f1ol de Relaciones Exteriores, Jos\u00e9 Manuel Alvares, en la red social X. Un encuentro similar celebrado en Madrid el pasado a\u00f1o reuni\u00f3 a pa\u00edses como Egipto, Jordania, Qatar, Arabia Saudita y Turqu\u00eda, adem\u00e1s de naciones europeas como Irlanda y Noruega, que reconocieron el Estado palestino. En la reuni\u00f3n de hoy participan tambi\u00e9n representantes de la Liga \u00c1rabe y de la Organizaci\u00f3n para la Cooperaci\u00f3n Isl\u00e1mica.<\/p>\n<p>Con esta reuni\u00f3n, Espa\u00f1a impulsa el di\u00e1logo \u00abpara poner fin a la cat\u00e1strofe humanitaria\u00bb en la franja y avanzar hacia la soluci\u00f3n pol\u00edtica del conflicto con dos Estados, Israel y Palestina, que puedan vivir uno junto a otro en paz y en seguridad. El ministro de Exteriores alem\u00e1n, Johann Wadephul, viaja hoy a Madrid, pero no se inform\u00f3 de que fuera a\u00a0participar en esta reuni\u00f3n, sino para reunirse ma\u00f1ana con Albares y abordar temas bilaterales, adem\u00e1s del apoyo a Ucrania ante la agresi\u00f3n rusa y la pol\u00edtica europea de seguridad y defensa.<\/p>\n<p>LGC (EFE, AFP)<\/p>\n<\/div>\n\n","protected":false},"excerpt":{"rendered":"<p>El ministro espa\u00f1ol de Asuntos Exteriores, Jos\u00e9 Manuel Albares, defendi\u00f3 este domingo (25.05.2025) poner en marcha \u00abel embargo de armas\u00bb a Israel para presionar al primer ministro israel\u00ed, Benjam\u00edn Netanyahu, y detener la guerra en Gaza. Albares plante\u00f3 esta propuesta al inicio de la cumbre del Grupo de Madrid, que re\u00fane hoy en la capital &hellip;<\/p>\n","protected":false},"author":1,"featured_media":28836,"comment_status":"open","ping_status":"open","sticky":false,"template":"","format":"standard","meta":{"fifu_image_url":"https:\/\/static.dw.com\/image\/72665255_6.jpg","fifu_image_alt":"","footnotes":""},"categories":[13],"tags":[],"class_list":["post-28835","post","type-post","status-publish","format-standard","has-post-thumbnail","","category-mundo"],"_links":{"self":[{"href":"https:\/\/noticiasveraces.com\/index.php?rest_route=\/wp\/v2\/posts\/28835","targetHints":{"allow":["GET"]}}],"collection":[{"href":"https:\/\/noticiasveraces.com\/index.php?rest_route=\/wp\/v2\/posts"}],"about":[{"href":"https:\/\/noticiasveraces.com\/index.php?rest_route=\/wp\/v2\/types\/post"}],"author":[{"embeddable":true,"href":"https:\/\/noticiasveraces.com\/index.php?rest_route=\/wp\/v2\/users\/1"}],"replies":[{"embeddable":true,"href":"https:\/\/noticiasveraces.com\/index.php?rest_route=%2Fwp%2Fv2%2Fcomments&post=28835"}],"version-history":[{"count":0,"href":"https:\/\/noticiasveraces.com\/index.php?rest_route=\/wp\/v2\/posts\/28835\/revisions"}],"wp:featuredmedia":[{"embeddable":true,"href":"https:\/\/noticiasveraces.com\/index.php?rest_route=\/wp\/v2\/media\/28836"}],"wp:attachment":[{"href":"https:\/\/noticiasveraces.com\/index.php?rest_route=%2Fwp%2Fv2%2Fmedia&parent=28835"}],"wp:term":[{"taxonomy":"category","embeddable":true,"href":"https:\/\/noticiasveraces.com\/index.php?rest_route=%2Fwp%2Fv2%2Fcategories&post=28835"},{"taxonomy":"post_tag","embeddable":true,"href":"https:\/\/noticiasveraces.com\/index.php?rest_route=%2Fwp%2Fv2%2Ftags&post=28835"}],"curies":[{"name":"wp","href":"https:\/\/api.w.org\/{rel}","templated":true}]}}